{"id":296,"date":"2021-05-03T13:03:00","date_gmt":"2021-05-03T11:03:00","guid":{"rendered":"http:\/\/juzbado.es\/nuevaweb\/2021\/05\/03\/la-administracion-electronica-en-el-ayuntamiento-de-juzbado\/"},"modified":"2021-05-03T13:03:00","modified_gmt":"2021-05-03T11:03:00","slug":"la-administracion-electronica-en-el-ayuntamiento-de-juzbado","status":"publish","type":"post","link":"https:\/\/juzbado.es\/nuevaweb\/2021\/05\/03\/la-administracion-electronica-en-el-ayuntamiento-de-juzbado\/","title":{"rendered":"LA ADMINISTRACI\u00d3N ELECTR\u00d3NICA EN EL AYUNTAMIENTO DE JUZBADO"},"content":{"rendered":"<p style=\"text-align: justify;\"><span style=\"font-family: arial;\"><span style=\"font-size: medium;\">El pr\u00f3ximo jueves 6 de mayo se celebrar\u00e1 una charla informativa titulada \u00abAdministraci\u00f3n electr\u00f3nica, \u00bfpero qu\u00e9 es esto?\u00bb a cargo de la Secretaria-Interventora de nuestro ayuntamiento: Mar\u00eda Bonilla.&nbsp; Es un acto especialmente dirigido a todos los vecinos de Juzbado y tiene como objetivo presentar los procedimientos de administraci\u00f3n electr\u00f3nica vigentes a trav\u00e9s del tratamiento de ejemplos.&nbsp;&nbsp; <br \/><\/span><\/span><\/p>\n<p style=\"text-align: justify;\"><span style=\"font-family: arial;\"><span style=\"font-size: medium;\">Ser\u00e1 a partir de las 18:00 h. en el sal\u00f3n de actos.&nbsp; El encuentro tendr\u00e1 una duraci\u00f3n aproximadad de 1 hora y el aforo del sal\u00f3n de actos estar\u00e1 limitado.&nbsp; Os invitamos a asistir y conocer de cerca en qu\u00e9 consiste la administraci\u00f3n electr\u00f3nica de tu ayuntamiento.<br \/><\/span><\/span><\/p>\n<p style=\"text-align: justify;\"><span style=\"font-family: arial;\"><span style=\"font-size: medium;\">&nbsp;<\/span><\/span><\/p>\n<p style=\"text-align: justify;\"><span style=\"font-family: arial;\"><span style=\"font-size: medium;\"><\/span><\/span><\/p>\n<div style=\"clear: both; text-align: center;\"><span style=\"font-size: medium;\"><a href=\"https:\/\/blogger.googleusercontent.com\/img\/b\/R29vZ2xl\/AVvXsEh1BkNIcIFzBhWt1d_Sdyif_y15mFkubXcZGGoERP32JAKW6MFMuo5J_ZjHB07A7ocf2yFmZO__PArmGHKABL7XZiRWeM1RMAUkWr55o4M7jdHp0IklE0JKTywwglqlzdWhJkpce6qQUAM\/s2048\/administraci%25C3%25B3n+electr%25C3%25B3nica+cartel.jpg\" style=\"margin-left: 1em; margin-right: 1em;\"><img loading=\"lazy\" decoding=\"async\" alt=\"Juzbado, admisnitraci\u00f3n electr\u00f3nica\" border=\"0\" data-original-height=\"2048\" data-original-width=\"1448\" height=\"640\" src=\"https:\/\/blogger.googleusercontent.com\/img\/b\/R29vZ2xl\/AVvXsEh1BkNIcIFzBhWt1d_Sdyif_y15mFkubXcZGGoERP32JAKW6MFMuo5J_ZjHB07A7ocf2yFmZO__PArmGHKABL7XZiRWeM1RMAUkWr55o4M7jdHp0IklE0JKTywwglqlzdWhJkpce6qQUAM\/w452-h640\/administraci%25C3%25B3n+electr%25C3%25B3nica+cartel.jpg\" title=\"Juzbado, admisnitraci\u00f3n electr\u00f3nica\" width=\"452\" \/><\/a><\/span><\/div>\n<p><span style=\"font-size: medium;\"><br \/>&nbsp;<\/span><\/p>\n","protected":false},"excerpt":{"rendered":"<p>El pr\u00f3ximo jueves 6 de mayo se celebrar\u00e1 una charla informativa titulada \u00abAdministraci\u00f3n electr\u00f3nica, \u00bfpero qu\u00e9 es esto?\u00bb a cargo de la Secretaria-Interventora de nuestro ayuntamiento: Mar\u00eda Bonilla.&nbsp; Es un acto especialmente dirigido a todos los vecinos de Juzbado y tiene como objetivo presentar los procedimientos de administraci\u00f3n electr\u00f3nica vigentes a trav\u00e9s del tratamiento de [&hellip;]<\/p>\n","protected":false},"author":2,"featured_media":0,"comment_status":"open","ping_status":"open","sticky":false,"template":"","format":"standard","meta":{"saved_in_kubio":false,"footnotes":""},"categories":[573,567,619,620,184,621],"tags":[],"class_list":["post-296","post","type-post","status-publish","format-standard","hentry","category-573","category-admisnitracion-electronica","category-ayuntamiento","category-maria-bonilla","category-mayo","category-secretaria"],"_links":{"self":[{"href":"https:\/\/juzbado.es\/nuevaweb\/wp-json\/wp\/v2\/posts\/296","targetHints":{"allow":["GET"]}}],"collection":[{"href":"https:\/\/juzbado.es\/nuevaweb\/wp-json\/wp\/v2\/posts"}],"about":[{"href":"https:\/\/juzbado.es\/nuevaweb\/wp-json\/wp\/v2\/types\/post"}],"author":[{"embeddable":true,"href":"https:\/\/juzbado.es\/nuevaweb\/wp-json\/wp\/v2\/users\/2"}],"replies":[{"embeddable":true,"href":"https:\/\/juzbado.es\/nuevaweb\/wp-json\/wp\/v2\/comments?post=296"}],"version-history":[{"count":0,"href":"https:\/\/juzbado.es\/nuevaweb\/wp-json\/wp\/v2\/posts\/296\/revisions"}],"wp:attachment":[{"href":"https:\/\/juzbado.es\/nuevaweb\/wp-json\/wp\/v2\/media?parent=296"}],"wp:term":[{"taxonomy":"category","embeddable":true,"href":"https:\/\/juzbado.es\/nuevaweb\/wp-json\/wp\/v2\/categories?post=296"},{"taxonomy":"post_tag","embeddable":true,"href":"https:\/\/juzbado.es\/nuevaweb\/wp-json\/wp\/v2\/tags?post=296"}],"curies":[{"name":"wp","href":"https:\/\/api.w.org\/{rel}","templated":true}]}}