{"id":299,"date":"2021-04-28T12:37:00","date_gmt":"2021-04-28T10:37:00","guid":{"rendered":"http:\/\/juzbado.es\/nuevaweb\/2021\/04\/28\/se-cumplen-dos-anos-de-la-visita-de-ida-vitale-a-juzbado\/"},"modified":"2021-04-28T12:37:00","modified_gmt":"2021-04-28T10:37:00","slug":"se-cumplen-dos-anos-de-la-visita-de-ida-vitale-a-juzbado","status":"publish","type":"post","link":"https:\/\/juzbado.es\/nuevaweb\/2021\/04\/28\/se-cumplen-dos-anos-de-la-visita-de-ida-vitale-a-juzbado\/","title":{"rendered":"SE CUMPLEN DOS A\u00d1OS DE LA VISITA DE IDA VITALE A JUZBADO"},"content":{"rendered":"<p>&nbsp;<span style=\"font-size: medium;\"><a href=\"https:\/\/blogger.googleusercontent.com\/img\/b\/R29vZ2xl\/AVvXsEjiVV4t5eDWWAXoO1sI8qdq_mZqs7TZdUIljIgr2FhEB7zU4DV97AgaDMT7s4QH0xbEC8VfiE9OxZ47Ojz5XQ3IpObSnerUShk3jAR-Gp_kyehACwnWH3_lNyD1p9rQa5-VPY0JO2jahW8\/s1555\/ida+vitale+libro+Juzbado+abierto+2019+%25289%2529.jpeg\" style=\"margin-left: 1em; margin-right: 1em;\"><img loading=\"lazy\" decoding=\"async\" alt=\"Juzbado, Ida Vitale\" border=\"0\" data-original-height=\"1037\" data-original-width=\"1555\" height=\"426\" src=\"https:\/\/blogger.googleusercontent.com\/img\/b\/R29vZ2xl\/AVvXsEjiVV4t5eDWWAXoO1sI8qdq_mZqs7TZdUIljIgr2FhEB7zU4DV97AgaDMT7s4QH0xbEC8VfiE9OxZ47Ojz5XQ3IpObSnerUShk3jAR-Gp_kyehACwnWH3_lNyD1p9rQa5-VPY0JO2jahW8\/w640-h426\/ida+vitale+libro+Juzbado+abierto+2019+%25289%2529.jpeg\" title=\"Juzbado, Ida Vitale\" width=\"640\" \/><\/a><\/span><\/p>\n<p style=\"text-align: justify;\"><span style=\"font-family: arial;\"><span style=\"font-size: medium;\">Un<br \/>\n 27 de abril de 2019 sucedi\u00f3 algo inusual en Juzbado.  A media tarde<br \/>\nllegaba a Juzbado una mujer de 95 a\u00f1os que hab\u00eda recibido d\u00edas antes el<br \/>\nPremio Cervantes en el paraninfo de la Universidad de Alcal\u00e1 de Henares.<br \/>\n  Ida Vitale, poeta uruguaya, camin\u00f3 junto a vecinos y amigos de Juzbado<br \/>\n para regalarnos tres poemas.  Tras el paseo solo pudimos hacer las<br \/>\ndem\u00e1s lecturas en la plaza del pueblo, al aire libre, no cab\u00edamos en el<br \/>\nsal\u00f3n de actos.  Al final de la tarde, su hija Amparo, le tiraba del<br \/>\nbrazo para retirarse finalmente, tras haber firmado todos los libros que<br \/>\nhubo.  Uno de sus poemas, Misterios, reposa bajo la espada\u00f1a de nuestra<br \/>\niglesia.  Termina as\u00ed: <\/span><\/span><\/p>\n<div style=\"text-align: justify;\">\n<div data-ad-comet-preview=\"message\" data-ad-preview=\"message\">\n<div>\n<div><span style=\"font-family: arial;\"><span style=\"font-size: medium;\"><span dir=\"auto\"><\/p>\n<div>\n<div dir=\"auto\" style=\"text-align: start;\">Esper\u00e1bamos algo: <\/div>\n<div dir=\"auto\" style=\"text-align: start;\">y baj\u00f3 la alegr\u00eda,<\/div>\n<div dir=\"auto\" style=\"text-align: start;\">como una escala prevenida.<\/div>\n<\/div>\n<p><\/span><\/span><\/span><\/div>\n<\/div>\n<\/div>\n<\/div>\n","protected":false},"excerpt":{"rendered":"<p>&nbsp; Un 27 de abril de 2019 sucedi\u00f3 algo inusual en Juzbado. A media tarde llegaba a Juzbado una mujer de 95 a\u00f1os que hab\u00eda recibido d\u00edas antes el Premio Cervantes en el paraninfo de la Universidad de Alcal\u00e1 de Henares. Ida Vitale, poeta uruguaya, camin\u00f3 junto a vecinos y amigos de Juzbado para regalarnos [&hellip;]<\/p>\n","protected":false},"author":2,"featured_media":0,"comment_status":"open","ping_status":"open","sticky":false,"template":"","format":"standard","meta":{"saved_in_kubio":false,"footnotes":""},"categories":[623,218,340,292],"tags":[],"class_list":["post-299","post","type-post","status-publish","format-standard","hentry","category-623","category-ida-vitale","category-juzbado-libro-abierto","category-libro-abierto"],"_links":{"self":[{"href":"https:\/\/juzbado.es\/nuevaweb\/wp-json\/wp\/v2\/posts\/299","targetHints":{"allow":["GET"]}}],"collection":[{"href":"https:\/\/juzbado.es\/nuevaweb\/wp-json\/wp\/v2\/posts"}],"about":[{"href":"https:\/\/juzbado.es\/nuevaweb\/wp-json\/wp\/v2\/types\/post"}],"author":[{"embeddable":true,"href":"https:\/\/juzbado.es\/nuevaweb\/wp-json\/wp\/v2\/users\/2"}],"replies":[{"embeddable":true,"href":"https:\/\/juzbado.es\/nuevaweb\/wp-json\/wp\/v2\/comments?post=299"}],"version-history":[{"count":0,"href":"https:\/\/juzbado.es\/nuevaweb\/wp-json\/wp\/v2\/posts\/299\/revisions"}],"wp:attachment":[{"href":"https:\/\/juzbado.es\/nuevaweb\/wp-json\/wp\/v2\/media?parent=299"}],"wp:term":[{"taxonomy":"category","embeddable":true,"href":"https:\/\/juzbado.es\/nuevaweb\/wp-json\/wp\/v2\/categories?post=299"},{"taxonomy":"post_tag","embeddable":true,"href":"https:\/\/juzbado.es\/nuevaweb\/wp-json\/wp\/v2\/tags?post=299"}],"curies":[{"name":"wp","href":"https:\/\/api.w.org\/{rel}","templated":true}]}}