{"id":30,"date":"2024-10-21T15:37:00","date_gmt":"2024-10-21T13:37:00","guid":{"rendered":"http:\/\/juzbado.es\/nuevaweb\/2024\/10\/21\/iii-jornada-micologica\/"},"modified":"2024-10-21T15:37:00","modified_gmt":"2024-10-21T13:37:00","slug":"iii-jornada-micologica","status":"publish","type":"post","link":"https:\/\/juzbado.es\/nuevaweb\/2024\/10\/21\/iii-jornada-micologica\/","title":{"rendered":"III JORNADA MICOL\u00d3GICA"},"content":{"rendered":"<p style=\"line-height: normal; margin-bottom: 0cm; text-align: justify;\"><span style=\"font-size: medium;\"><span style=\"font-family: arial;\">Por tercera vez<br \/>\nconsecutiva celebramos en Juzbado el oto\u00f1o con una jornada micol\u00f3gica.&nbsp;<br \/>\nTras las <a href=\"https:\/\/juzbado.blogspot.com\/search?q=setas&amp;max-results=20&amp;by-date=true\" target=\"_blank\">dos jornadas anteriores<\/a>, fijamos definitivamente en el calendario<br \/>\njuzbadino un encuentro alrededor del mundo de las setas con la compa\u00f1\u00eda de la<br \/>\n<a href=\"https:\/\/micolazarillo.es\/\" target=\"_blank\">Sociedad Micol\u00f3gica Salmantina Lazarillo<\/a>.&nbsp; Ser\u00e1 el pr\u00f3ximo domingo 27 de<br \/>\noctubre a partir de las 10 de la ma\u00f1ana con el programa que se refiere a<br \/>\ncontinuaci\u00f3n:<\/span><\/span><\/p>\n<p style=\"line-height: normal; margin-bottom: 0cm; text-align: justify;\"><span style=\"font-size: medium;\"><span style=\"font-family: arial;\">10:00 h. &#8211;<br \/>\n12:30 h. Salida en busca de setas por las dehesas de Juzbado en compa\u00f1\u00eda de un<br \/>\nexperto de la <a href=\"https:\/\/micolazarillo.es\/\" target=\"_blank\">Sociedad Micol\u00f3gica Salmantina<span>&nbsp;<br \/>\n<\/span>Lazarillo<\/a>. Salimos desde la plaza de la iglesia y bajamos por el Camino<br \/>\nde los Bru\u00f1os hasta el carril y luego el Camino de Santa Luc\u00eda. Solemos buscar<br \/>\nsetas en la dehesa del Monte.<\/span><\/span><\/p>\n<p style=\"line-height: normal; margin-bottom: 0cm; text-align: justify;\"><span style=\"font-size: medium;\"><span style=\"font-family: arial;\">13:30 h. Visita<br \/>\nguiada a la exposici\u00f3n micol\u00f3gica en el sal\u00f3n de actos del Ayuntamiento. Aqu\u00ed<br \/>\nreunimos algunos ejemplares de hongos y el profesor y experto Juan Manuel Velasco<br \/>\nnos cuenta todo sobre ellas. Es un buen momento para intercambiar informaci\u00f3n y<br \/>\naprender a reconocerlas y distinguirlas.<\/span><\/span><\/p>\n<p style=\"line-height: normal; margin-bottom: 0cm; text-align: justify;\"><span style=\"font-size: medium;\"><span style=\"font-family: arial;\">14:00 h.<br \/>\nDegustaci\u00f3n de preparados con setas gracias a la colaboraci\u00f3n <span> <\/span>del <a href=\"https:\/\/www.facebook.com\/p\/Bar-el-toral-100063403334429\/?locale=es_ES\" target=\"_blank\">Bar Restaurante El Toral<\/a> en el sal\u00f3n de<br \/>\nactos.<span>&nbsp; <\/span>Tras la visita guiada llega<br \/>\nLourdes con sus ricos arroces con setas y revueltos para delicia de todos los<br \/>\nasistentes.<\/span><\/span><\/p>\n<p style=\"line-height: normal; margin-bottom: 0cm; text-align: justify;\"><span style=\"font-size: medium;\"><span style=\"font-family: arial;\">Es una<br \/>\nactividad gratuita del programa cultural y participativo de oto\u00f1o. No os lo<br \/>\nperd\u00e1is.<\/span><\/span><\/p>\n<p style=\"line-height: normal; margin-bottom: 0cm; text-align: justify;\"><span style=\"font-size: medium;\"><span style=\"font-family: arial;\"><\/span><\/span><\/p>\n<div style=\"clear: both; text-align: center;\"><span style=\"font-size: medium;\"><a href=\"https:\/\/blogger.googleusercontent.com\/img\/b\/R29vZ2xl\/AVvXsEg-julU2WE6WPaTGp5VBAGsV1IXevA9Iiaqlhyphenhyphen_OfHgdbI0BQ4m0SjZtXAIgTWUDvCaMWMKgOevj_EDvtv8jk7JcFmUTJPyWqTfFY42nZgcoxkw8-Phl4Jurfdx84CYbK7tQhlHgVS6recFRZ7AIfmhLmZ8Ifmb3junQJBJFWYfoo1aOvbp7Ay11lGGp_o\/s2480\/jornada%20micol%C3%B3gica%202024%20v2.jpg\" style=\"margin-left: 1em; margin-right: 1em;\"><img loading=\"lazy\" decoding=\"async\" alt=\"Juzbado, setas, jornada micol\u00f3gica, Asociaci\u00f3n micol\u00f3gica salmantina, lazarillo, 2024, octubre\" border=\"0\" data-original-height=\"2480\" data-original-width=\"2480\" height=\"640\" src=\"https:\/\/blogger.googleusercontent.com\/img\/b\/R29vZ2xl\/AVvXsEg-julU2WE6WPaTGp5VBAGsV1IXevA9Iiaqlhyphenhyphen_OfHgdbI0BQ4m0SjZtXAIgTWUDvCaMWMKgOevj_EDvtv8jk7JcFmUTJPyWqTfFY42nZgcoxkw8-Phl4Jurfdx84CYbK7tQhlHgVS6recFRZ7AIfmhLmZ8Ifmb3junQJBJFWYfoo1aOvbp7Ay11lGGp_o\/w640-h640\/jornada%20micol%C3%B3gica%202024%20v2.jpg\" title=\"Juzbado, setas, jornada micol\u00f3gica, Asociaci\u00f3n micol\u00f3gica salmantina, lazarillo, 2024, octubre\" width=\"640\" \/><\/a><\/span><\/div>\n<p><span style=\"font-size: medium;\">&nbsp;<\/span><\/p>\n","protected":false},"excerpt":{"rendered":"<p>Por tercera vez consecutiva celebramos en Juzbado el oto\u00f1o con una jornada micol\u00f3gica.&nbsp; Tras las dos jornadas anteriores, fijamos definitivamente en el calendario juzbadino un encuentro alrededor del mundo de las setas con la compa\u00f1\u00eda de la Sociedad Micol\u00f3gica Salmantina Lazarillo.&nbsp; Ser\u00e1 el pr\u00f3ximo domingo 27 de octubre a partir de las 10 de la [&hellip;]<\/p>\n","protected":false},"author":2,"featured_media":0,"comment_status":"open","ping_status":"open","sticky":false,"template":"","format":"standard","meta":{"saved_in_kubio":false,"footnotes":""},"categories":[43,100,102,103,104,87,101],"tags":[],"class_list":["post-30","post","type-post","status-publish","format-standard","hentry","category-43","category-asociacion-micologica-salmantina-lazarillo","category-hongos","category-juan-manuel-velasco","category-octubre","category-otono-2024","category-setas"],"_links":{"self":[{"href":"https:\/\/juzbado.es\/nuevaweb\/wp-json\/wp\/v2\/posts\/30","targetHints":{"allow":["GET"]}}],"collection":[{"href":"https:\/\/juzbado.es\/nuevaweb\/wp-json\/wp\/v2\/posts"}],"about":[{"href":"https:\/\/juzbado.es\/nuevaweb\/wp-json\/wp\/v2\/types\/post"}],"author":[{"embeddable":true,"href":"https:\/\/juzbado.es\/nuevaweb\/wp-json\/wp\/v2\/users\/2"}],"replies":[{"embeddable":true,"href":"https:\/\/juzbado.es\/nuevaweb\/wp-json\/wp\/v2\/comments?post=30"}],"version-history":[{"count":0,"href":"https:\/\/juzbado.es\/nuevaweb\/wp-json\/wp\/v2\/posts\/30\/revisions"}],"wp:attachment":[{"href":"https:\/\/juzbado.es\/nuevaweb\/wp-json\/wp\/v2\/media?parent=30"}],"wp:term":[{"taxonomy":"category","embeddable":true,"href":"https:\/\/juzbado.es\/nuevaweb\/wp-json\/wp\/v2\/categories?post=30"},{"taxonomy":"post_tag","embeddable":true,"href":"https:\/\/juzbado.es\/nuevaweb\/wp-json\/wp\/v2\/tags?post=30"}],"curies":[{"name":"wp","href":"https:\/\/api.w.org\/{rel}","templated":true}]}}