{"id":300,"date":"2021-04-13T15:19:00","date_gmt":"2021-04-13T13:19:00","guid":{"rendered":"http:\/\/juzbado.es\/nuevaweb\/2021\/04\/13\/nueva-publicacion-sobre-el-camino-de-santa-lucia\/"},"modified":"2021-04-13T15:19:00","modified_gmt":"2021-04-13T13:19:00","slug":"nueva-publicacion-sobre-el-camino-de-santa-lucia","status":"publish","type":"post","link":"https:\/\/juzbado.es\/nuevaweb\/2021\/04\/13\/nueva-publicacion-sobre-el-camino-de-santa-lucia\/","title":{"rendered":"NUEVA PUBLICACI\u00d3N SOBRE EL CAMINO DE SANTA LUC\u00cdA"},"content":{"rendered":"<p style=\"line-height: normal; margin-bottom: 0.0001pt; text-align: justify;\"><span style=\"font-family: arial;\"><span style=\"font-size: large;\">El Camino de Santa Luc\u00eda discurre entre las localidades de Juzbado y <a href=\"https:\/\/almenaradetormes.es\/\" target=\"_blank\">Almenara de Tormes<\/a>.<span>&nbsp; <\/span>Tambi\u00e9n denominado en<br \/>\nAlmenara el <i>Camino Viejo<\/i>, el nombre<br \/>\nactual procede de la posible existencia de una ermita dedicada a la Santa cuya<br \/>\nubicaci\u00f3n exacta se pierde en la noche de los tiempos.<span>&nbsp; <\/span>Tampoco sabemos a ciencia cierta si<br \/>\nefectivamente la iglesia de Juzbado, antes de perder su retablo, contaba con<br \/>\nalguna talla.<span>&nbsp; <\/span>S\u00ed en cambio, en la Iglesia parroquial de Almenara se<br \/>\nconserva una talla de Santa Luc\u00eda.<\/span><\/span><\/p>\n<p style=\"line-height: normal; margin-bottom: 0.0001pt; text-align: justify;\"><span style=\"font-family: arial;\"><span style=\"font-size: large;\"><\/span><\/span><\/p>\n<table align=\"center\" cellpadding=\"0\" cellspacing=\"0\" style=\"margin-left: auto; margin-right: auto;\">\n<tbody>\n<tr>\n<td style=\"text-align: center;\"><a href=\"https:\/\/blogger.googleusercontent.com\/img\/b\/R29vZ2xl\/AVvXsEj_mwUii-mPCTB_WS3zi2CpNk1UFKqKh3ahzxBCPUiuYxJyl7IfYS9q90rxO5Nyi0GTd-9Aw1vojHsjR9_P8BHop9FEPuBQHEnQV3UoCvuk0FyR63eGQasq2jQ_y1FHwMhKEZUl0bm796M\/s1600\/juzbado+desde+lejos+ribera+tormes+febrero+2021+%252812%2529+%2528WEB%2529.jpg\" style=\"margin-left: auto; margin-right: auto;\"><img loading=\"lazy\" decoding=\"async\" border=\"0\" data-original-height=\"721\" data-original-width=\"1600\" height=\"288\" src=\"https:\/\/blogger.googleusercontent.com\/img\/b\/R29vZ2xl\/AVvXsEj_mwUii-mPCTB_WS3zi2CpNk1UFKqKh3ahzxBCPUiuYxJyl7IfYS9q90rxO5Nyi0GTd-9Aw1vojHsjR9_P8BHop9FEPuBQHEnQV3UoCvuk0FyR63eGQasq2jQ_y1FHwMhKEZUl0bm796M\/w640-h288\/juzbado+desde+lejos+ribera+tormes+febrero+2021+%252812%2529+%2528WEB%2529.jpg\" width=\"640\" \/><\/a><\/td>\n<\/tr>\n<tr>\n<td style=\"text-align: center;\"><span style=\"font-family: arial;\">Aspecto de la ribera tormesina en el entorno del Camino de Santa Luc\u00eda. Juzbado 2021.<\/span><\/td>\n<\/tr>\n<\/tbody>\n<\/table>\n<p><span style=\"font-family: arial;\"><span style=\"font-size: large;\">&nbsp;<\/span><\/span><\/p>\n<p style=\"line-height: normal; margin-bottom: 0.0001pt; text-align: justify;\"><span style=\"font-family: arial;\"><span style=\"font-size: large;\">El intrincado itinerario original descend\u00eda por las pe\u00f1as hasta el <i>Huerto<br \/>\nHondo<\/i> para luego continuar al pie de las Pe\u00f1as hasta <i>El Monte<\/i> o <i>Casasola<\/i> y los<br \/>\nvecinos de Juzbado lo denominaban el <i>Carril<br \/>\nde Santa Luc\u00eda<\/i>.<span>&nbsp; <\/span>Un conjunto de<br \/>\nsendas e itinerarios cruciales para las econom\u00edas de subsistencia del pasado y<br \/>\nque hoy se re\u00fanen en un \u00fanico itinerario que discurre por la margen derecha del<br \/>\nTormes.<span>&nbsp; <\/span>Hoy d\u00eda es un camino amplio y<br \/>\nm\u00e1s o menos rectil\u00edneo muy transitado por paseantes e, incluso, ciclistas, que<br \/>\natraviesa campos de cultivo de regad\u00edo junto al Tormes y conecta no solo ambas<br \/>\nlocalidades tormesinas, sino que tambi\u00e9n conecta con la sede de la <a href=\"http:\/\/fundaciontormes-eb.org\/\" target=\"_blank\">Fundaci\u00f3n Tormes-EB<\/a>, en las antiguas graveras restauradas del municipio de Almenara. <span>&nbsp;<\/span>El itinerario fluvial forma parte de las <a href=\"http:\/\/sendasdeltormes.es\/\" target=\"_blank\">Sendas del Tormes-Ca\u00f1edo<\/a> y se inaugur\u00f3 en el a\u00f1o 2008.<\/span><\/span><\/p>\n<p style=\"line-height: normal; margin-bottom: 0.0001pt; text-align: justify;\"><span style=\"font-family: arial;\"><span style=\"font-size: large;\"><\/span><\/span><\/p>\n<table align=\"center\" cellpadding=\"0\" cellspacing=\"0\" style=\"margin-left: auto; margin-right: auto;\">\n<tbody>\n<tr>\n<td style=\"text-align: center;\"><a href=\"https:\/\/blogger.googleusercontent.com\/img\/b\/R29vZ2xl\/AVvXsEjMrtYI0TrDzWWxhLOtnSUkaUL2XhpmVsiIEVnha3kS8ntCpLS-g7kM-OA5EYHr87UGgX72edrSlYf_R61GHCR2SSJc9CTC88paJf25kVmC_WicsUaZG-xW4KWkkLJt1tRVaKdlXodOWJE\/s1600\/voluntariado+camino+santa+lucia+nov+2015+%2528Copiar%2529.JPG\" style=\"margin-left: auto; margin-right: auto;\"><img loading=\"lazy\" decoding=\"async\" border=\"0\" data-original-height=\"995\" data-original-width=\"1600\" height=\"398\" src=\"https:\/\/blogger.googleusercontent.com\/img\/b\/R29vZ2xl\/AVvXsEjMrtYI0TrDzWWxhLOtnSUkaUL2XhpmVsiIEVnha3kS8ntCpLS-g7kM-OA5EYHr87UGgX72edrSlYf_R61GHCR2SSJc9CTC88paJf25kVmC_WicsUaZG-xW4KWkkLJt1tRVaKdlXodOWJE\/w640-h398\/voluntariado+camino+santa+lucia+nov+2015+%2528Copiar%2529.JPG\" width=\"640\" \/><\/a><\/td>\n<\/tr>\n<tr>\n<td style=\"text-align: center;\"><span style=\"font-family: arial;\">Grupo de vecinos y amigos de Juzbado que participan en un Voluntatormes. Juzbado 2015.<\/span><\/td>\n<\/tr>\n<\/tbody>\n<\/table>\n<p><span style=\"font-family: arial;\"><span style=\"font-size: large;\">&nbsp;<\/span><\/span><\/p>\n<p style=\"line-height: normal; margin-bottom: 0.0001pt; text-align: justify;\"><span style=\"font-family: arial;\"><span style=\"font-size: large;\">Tras m\u00e1s de una d\u00e9cada sirviendo de eje natural para el disfrute de<br \/>\npaseantes y caminantes en un enclave paisaj\u00edstico lleno de biodiversidad y<br \/>\nruralidad, <b>os presentamos una nueva publicaci\u00f3n con informaci\u00f3n cartogr\u00e1fica del<br \/>\ntrazado y los elementos m\u00e1s sobresalientes que vertebra el camino en este<br \/>\n\u00e1mbito del Tormes<\/b>.<span>&nbsp; <\/span><b>Con esta publicaci\u00f3n<br \/>\nse pone de relieve el significado ambiental de un camino que permite las actividades<br \/>\nagro ganaderas, pero que tambi\u00e9n nos conecta con el r\u00edo Tormes y el devenir de<br \/>\nuna comarca llena de recursos y ense\u00f1anzas<\/b>.<span>&nbsp;<br \/>\n<\/span>En el apartado \u201cqu\u00e9 ver y hacer\u201d podr\u00e1s comprobar el amplio abanico<br \/>\nde propuestas que esconde el camino.<span>&nbsp; <\/span>As\u00ed<br \/>\nmismo, el di\u00e1logo y la sensibilidad que durante los \u00faltimos a\u00f1os se ha<br \/>\nestablecido y compartido entre la Fundaci\u00f3n Tormes y el pueblo de Juzbado se<br \/>\ndeja entrever en \u201c<a href=\"http:\/\/fundaciontormes-eb.org\/albergue-ciam\/actividades\/arte\" target=\"_blank\">Arte Emboscado<\/a>\u201d o en el \u201c<a href=\"https:\/\/juzbado.blogspot.com\/p\/libro-abierto.html\" target=\"_blank\">Libro Abierto<\/a>\u201d. <span>&nbsp;<\/span>Adem\u00e1s, todos los a\u00f1os un <a href=\"https:\/\/juzbado.blogspot.com\/2016\/11\/el-tormes-que-une.html\" target=\"_blank\">voluntariado denominado \u00abVoluntatormes\u00bb<\/a>, revisa y mantiene en forma la se\u00f1alizaci\u00f3n del camino y sus<br \/>\nrincones m\u00e1s delicados. <span>&nbsp;<\/span>Estas y otras propuestas<br \/>\nculturales est\u00e1n abiertas a vecinos y amigos del Tormes en un contexto en el<br \/>\nque la naturaleza tormesina se nos presenta como una de las mejores medicinas en tiempos de pandemia.&nbsp;<\/span><\/span><\/p>\n<p style=\"line-height: normal; margin-bottom: 0.0001pt; text-align: justify;\"><span style=\"font-family: arial;\"><span style=\"font-size: large;\"><\/span><\/span><\/p>\n<table align=\"center\" cellpadding=\"0\" cellspacing=\"0\" style=\"margin-left: auto; margin-right: auto;\">\n<tbody>\n<tr>\n<td style=\"text-align: center;\"><a href=\"https:\/\/drive.google.com\/file\/d\/1si0OQHalY-shVG9fTDpFH1J-Elfmmt4I\/view?usp=sharing\" style=\"margin-left: auto; margin-right: auto;\" target=\"_blank\"><img loading=\"lazy\" decoding=\"async\" border=\"0\" data-original-height=\"1448\" data-original-width=\"2048\" height=\"452\" src=\"https:\/\/blogger.googleusercontent.com\/img\/b\/R29vZ2xl\/AVvXsEjj3coV2lCG-U1H-v91Ovku_TTb6pYzq8pfqBMBG3ZClLCRyG3Mu3n5x5dZecTEBvx7e7yQ0YGxxdQoksMX-Io0nDEuLdBV5ub_C-GHefl7cOQmnxA3zdadYcpuOLc9QEyzWlfrmS4AYCs\/w640-h452\/TRIPTICO+CAMINO+SANTA+LUC%25C3%258DA+2021.jpg\" width=\"640\" \/><\/a><\/td>\n<\/tr>\n<tr>\n<td style=\"text-align: center;\"><span style=\"font-family: arial;\"><a href=\"https:\/\/drive.google.com\/file\/d\/1si0OQHalY-shVG9fTDpFH1J-Elfmmt4I\/view?usp=sharing\" target=\"_blank\">Aspecto interior del nuevo d\u00edptico sobre el camino.&nbsp; Cicla en imagen para descargar.<br \/><\/a><\/span><\/td>\n<\/tr>\n<\/tbody>\n<\/table>\n<p><span style=\"font-family: arial;\"><span style=\"font-size: large;\">&nbsp;<\/span><\/span><\/p>\n<div style=\"text-align: justify;\"><span style=\"font-family: arial;\"><span style=\"font-size: large;\"><\/p>\n<p><\/span><\/span><\/div>\n<p style=\"line-height: normal; margin-bottom: 0.0001pt; text-align: justify;\"><b><span style=\"font-family: arial;\"><span style=\"font-size: large;\">Datos del camino de Santa Luc\u00eda:<\/span><\/span><\/b><\/p>\n<div style=\"text-align: justify;\"><span style=\"font-family: arial;\"><span style=\"font-size: large;\"><\/p>\n<p><\/span><\/span><\/div>\n<p style=\"line-height: normal; margin-bottom: 0.0001pt; text-align: justify;\"><span style=\"font-family: arial;\"><span style=\"font-size: large;\">Distancia<span>&nbsp; <\/span>Juzbado-Almenara: 5.5 km.<br \/><\/span><\/span><\/p>\n<div style=\"text-align: justify;\"><span style=\"font-family: arial;\"><span style=\"font-size: large;\"><\/p>\n<p><\/span><\/span><\/div>\n<p style=\"line-height: normal; margin-bottom: 0.0001pt; text-align: justify;\"><span style=\"font-family: arial;\"><span style=\"font-size: large;\">Distancia Juzbado-Fundaci\u00f3n Tormes-EB: 6.5 km.<br \/><\/span><\/span><\/p>\n<div style=\"text-align: justify;\"><span style=\"font-family: arial;\"><span style=\"font-size: large;\"><\/p>\n<p><\/span><\/span><\/div>\n<p style=\"line-height: normal; margin-bottom: 0.0001pt; text-align: justify;\"><span style=\"font-family: arial;\"><span style=\"font-size: large;\">Duraci\u00f3n Juzbado: 1 h. 15 min.<br \/><\/span><\/span><\/p>\n<div style=\"text-align: justify;\"><span style=\"font-family: arial;\"><span style=\"font-size: large;\"><\/p>\n<p><\/span><\/span><\/div>\n<p style=\"line-height: normal; margin-bottom: 0.0001pt; text-align: justify;\"><span style=\"font-family: arial;\"><span style=\"font-size: large;\">Dificultad del recorrido: Baja<\/span><\/span><\/p>\n<p style=\"line-height: normal; margin-bottom: 0.0001pt; text-align: justify;\"><span style=\"font-family: arial;\"><span style=\"font-size: large;\">&nbsp;<\/span><\/span><\/p>\n<p>&nbsp;<\/p>\n<p>&nbsp;<\/p>\n<p>&nbsp;<\/p>\n","protected":false},"excerpt":{"rendered":"<p>El Camino de Santa Luc\u00eda discurre entre las localidades de Juzbado y Almenara de Tormes.&nbsp; Tambi\u00e9n denominado en Almenara el Camino Viejo, el nombre actual procede de la posible existencia de una ermita dedicada a la Santa cuya ubicaci\u00f3n exacta se pierde en la noche de los tiempos.&nbsp; Tampoco sabemos a ciencia cierta si efectivamente [&hellip;]<\/p>\n","protected":false},"author":2,"featured_media":0,"comment_status":"open","ping_status":"open","sticky":false,"template":"","format":"standard","meta":{"saved_in_kubio":false,"footnotes":""},"categories":[624,232,355,427,537,141,245],"tags":[],"class_list":["post-300","post","type-post","status-publish","format-standard","hentry","category-624","category-almenara-de-tormes","category-arte","category-arte-emboscado","category-camino-de-santa-lucia","category-tormes","category-voluntariado"],"_links":{"self":[{"href":"https:\/\/juzbado.es\/nuevaweb\/wp-json\/wp\/v2\/posts\/300","targetHints":{"allow":["GET"]}}],"collection":[{"href":"https:\/\/juzbado.es\/nuevaweb\/wp-json\/wp\/v2\/posts"}],"about":[{"href":"https:\/\/juzbado.es\/nuevaweb\/wp-json\/wp\/v2\/types\/post"}],"author":[{"embeddable":true,"href":"https:\/\/juzbado.es\/nuevaweb\/wp-json\/wp\/v2\/users\/2"}],"replies":[{"embeddable":true,"href":"https:\/\/juzbado.es\/nuevaweb\/wp-json\/wp\/v2\/comments?post=300"}],"version-history":[{"count":0,"href":"https:\/\/juzbado.es\/nuevaweb\/wp-json\/wp\/v2\/posts\/300\/revisions"}],"wp:attachment":[{"href":"https:\/\/juzbado.es\/nuevaweb\/wp-json\/wp\/v2\/media?parent=300"}],"wp:term":[{"taxonomy":"category","embeddable":true,"href":"https:\/\/juzbado.es\/nuevaweb\/wp-json\/wp\/v2\/categories?post=300"},{"taxonomy":"post_tag","embeddable":true,"href":"https:\/\/juzbado.es\/nuevaweb\/wp-json\/wp\/v2\/tags?post=300"}],"curies":[{"name":"wp","href":"https:\/\/api.w.org\/{rel}","templated":true}]}}