{"id":303,"date":"2021-03-16T13:44:00","date_gmt":"2021-03-16T12:44:00","guid":{"rendered":"http:\/\/juzbado.es\/nuevaweb\/2021\/03\/16\/celebramos-la-llegada-de-la-primavera-mas-esperada-con-los-mas-pequenos\/"},"modified":"2021-03-16T13:44:00","modified_gmt":"2021-03-16T12:44:00","slug":"celebramos-la-llegada-de-la-primavera-mas-esperada-con-los-mas-pequenos","status":"publish","type":"post","link":"https:\/\/juzbado.es\/nuevaweb\/2021\/03\/16\/celebramos-la-llegada-de-la-primavera-mas-esperada-con-los-mas-pequenos\/","title":{"rendered":"CELEBRAMOS LA LLEGADA DE LA PRIMAVERA M\u00c1S ESPERADA CON LOS M\u00c1S PEQUE\u00d1OS"},"content":{"rendered":"<p style=\"text-align: justify;\"><span style=\"font-family: arial;\"><span style=\"font-size: medium;\">Las buenas noticias en torno a la evoluci\u00f3n de los <a href=\"https:\/\/analisis.datosabiertos.jcyl.es\/pages\/coronavirus\/situacin-actual\" target=\"_blank\">datos de la pandemia<\/a> que venimos padeciendo <a href=\"https:\/\/juzbado.blogspot.com\/2020\/03\/cambios-en-la-atencion-vecinos-desde-la.html\" target=\"_blank\">desde hace ahora justo un a\u00f1o<\/a>, nos permiten comenzar a convocar con m\u00e1s asiduidad a nuestros vecinos y amigos para que participen en propuestas&nbsp; culturales.&nbsp; En esta ocasi\u00f3n queremos celebrar el comienzo de la primavera, el equinocio, con un evento para los m\u00e1s peque\u00f1os. \u00a1El a\u00f1o pasado <a href=\"https:\/\/juzbado.blogspot.com\/2020\/03\/la-primavera-de-juzbado-durante-el.html\" target=\"_blank\">no pudimos hacerlo<\/a>!&nbsp;<\/span><\/span><\/p>\n<p style=\"text-align: justify;\"><span style=\"font-family: arial;\"><span style=\"font-size: medium;\">Se trata del espect\u00e1culo titulado \u00abReciclando cuentos\u00bb de la compa\u00f1\u00eda salmantina <a href=\"https:\/\/www.google.com\/search?client=firefox-b-d&amp;q=Kamaru+teatro\" target=\"_blank\">Kamaru Teatro<\/a>.&nbsp; Ser\u00e1 el domingo 21 de marzo a las 18:00 h. en el sal\u00f3n de actos.&nbsp; Os recordamos que el sal\u00f3n de actos tiene limitaci\u00f3n de aforo y se cumplir\u00e1n con las distancias de seguridad entre los asistentes. La duraci\u00f3n estimada del espect\u00e1culo es de una hora.<\/span><\/span><\/p>\n<p style=\"text-align: justify;\"><span style=\"font-family: arial;\"><span><\/span><\/span><\/p>\n<p><a name='more'><\/a><span style=\"font-family: arial;\"><span style=\"font-size: medium;\"><br \/><\/span><\/span><\/p>\n<p style=\"text-align: justify;\"><span style=\"font-family: arial;\"><span style=\"font-size: medium;\"><\/span><\/span><\/p>\n<div style=\"clear: both; text-align: center;\"><span style=\"font-size: medium;\"><a href=\"https:\/\/blogger.googleusercontent.com\/img\/b\/R29vZ2xl\/AVvXsEiKVD9-jncjXXpV9Fs3wl_YjIeGJj5czTxAmpKyVpO1LzSaoaRcvhVT3U55oeGMmBBii513SHRvU1DOqb7zlejH6AAKLTBvagKAvzO4gmqpWVtK965cktB9k-5ZMlzedW1ZAQCqKOQhdGk\/s1754\/cartel+primavera+2021.jpg\" style=\"margin-left: 1em; margin-right: 1em;\"><img loading=\"lazy\" decoding=\"async\" alt=\"Juzbado\" border=\"0\" data-original-height=\"1754\" data-original-width=\"1240\" height=\"640\" src=\"https:\/\/blogger.googleusercontent.com\/img\/b\/R29vZ2xl\/AVvXsEiKVD9-jncjXXpV9Fs3wl_YjIeGJj5czTxAmpKyVpO1LzSaoaRcvhVT3U55oeGMmBBii513SHRvU1DOqb7zlejH6AAKLTBvagKAvzO4gmqpWVtK965cktB9k-5ZMlzedW1ZAQCqKOQhdGk\/w452-h640\/cartel+primavera+2021.jpg\" title=\"Juzbado\" width=\"452\" \/><\/a><\/span><\/div>\n<p><span style=\"font-size: medium;\"><br \/>&nbsp;<\/span><\/p>\n<p><\/p>\n","protected":false},"excerpt":{"rendered":"<p>Las buenas noticias en torno a la evoluci\u00f3n de los datos de la pandemia que venimos padeciendo desde hace ahora justo un a\u00f1o, nos permiten comenzar a convocar con m\u00e1s asiduidad a nuestros vecinos y amigos para que participen en propuestas&nbsp; culturales.&nbsp; En esta ocasi\u00f3n queremos celebrar el comienzo de la primavera, el equinocio, con [&hellip;]<\/p>\n","protected":false},"author":2,"featured_media":0,"comment_status":"open","ping_status":"open","sticky":false,"template":"","format":"standard","meta":{"saved_in_kubio":false,"footnotes":""},"categories":[225,180,625],"tags":[],"class_list":["post-303","post","type-post","status-publish","format-standard","hentry","category-marzo","category-primavera","category-primavera-cultural"],"_links":{"self":[{"href":"https:\/\/juzbado.es\/nuevaweb\/wp-json\/wp\/v2\/posts\/303","targetHints":{"allow":["GET"]}}],"collection":[{"href":"https:\/\/juzbado.es\/nuevaweb\/wp-json\/wp\/v2\/posts"}],"about":[{"href":"https:\/\/juzbado.es\/nuevaweb\/wp-json\/wp\/v2\/types\/post"}],"author":[{"embeddable":true,"href":"https:\/\/juzbado.es\/nuevaweb\/wp-json\/wp\/v2\/users\/2"}],"replies":[{"embeddable":true,"href":"https:\/\/juzbado.es\/nuevaweb\/wp-json\/wp\/v2\/comments?post=303"}],"version-history":[{"count":0,"href":"https:\/\/juzbado.es\/nuevaweb\/wp-json\/wp\/v2\/posts\/303\/revisions"}],"wp:attachment":[{"href":"https:\/\/juzbado.es\/nuevaweb\/wp-json\/wp\/v2\/media?parent=303"}],"wp:term":[{"taxonomy":"category","embeddable":true,"href":"https:\/\/juzbado.es\/nuevaweb\/wp-json\/wp\/v2\/categories?post=303"},{"taxonomy":"post_tag","embeddable":true,"href":"https:\/\/juzbado.es\/nuevaweb\/wp-json\/wp\/v2\/tags?post=303"}],"curies":[{"name":"wp","href":"https:\/\/api.w.org\/{rel}","templated":true}]}}