{"id":304,"date":"2021-03-08T11:13:00","date_gmt":"2021-03-08T10:13:00","guid":{"rendered":"http:\/\/juzbado.es\/nuevaweb\/2021\/03\/08\/un-fin-de-semana-solidario-para-conmemorar-el-8-de-marzo\/"},"modified":"2021-03-08T11:13:00","modified_gmt":"2021-03-08T10:13:00","slug":"un-fin-de-semana-solidario-para-conmemorar-el-8-de-marzo","status":"publish","type":"post","link":"https:\/\/juzbado.es\/nuevaweb\/2021\/03\/08\/un-fin-de-semana-solidario-para-conmemorar-el-8-de-marzo\/","title":{"rendered":"UN FIN DE SEMANA SOLIDARIO PARA CONMEMORAR EL 8 DE MARZO"},"content":{"rendered":"<p style=\"text-align: justify;\"><span style=\"font-size: medium;\"><span style=\"font-family: arial;\">El fin de semana previo a la celebraci\u00f3n del 8 de marzo<br \/>\n(lunes) ha reunido a un buen n\u00famero de vecinos y amigos de Juzbado.<span>&nbsp; <\/span>La propuesta cultural y participativa de los<br \/>\nd\u00edas 6 y 7 de marzo no era para menos.<span>&nbsp;<br \/>\n<\/span>La <a href=\"https:\/\/juzbado.blogspot.com\/p\/asociaciones.html\" target=\"_blank\">Asociaci\u00f3n de Mujeres<\/a> nos propuso disfrutar de la Exposici\u00f3n \u201cMujeres\u201d de Isabel Ru\u00edz<br \/>\nen el sal\u00f3n de actos durante el s\u00e1bado y el domingo. <span>&nbsp;&nbsp;<\/span>Una muestra de pinturas y biograf\u00edas de<br \/>\nmujeres que no dej\u00f3 a nadie indiferente. <span>&nbsp;<\/span><\/span><\/span><\/p>\n<p style=\"text-align: justify;\"><span style=\"font-size: medium;\"><span style=\"font-family: arial;\"><span>&nbsp;<\/span><\/span><\/span><\/p>\n<table align=\"center\" cellpadding=\"0\" cellspacing=\"0\" style=\"margin-left: auto; margin-right: auto;\">\n<tbody>\n<tr>\n<td style=\"text-align: center;\"><a href=\"https:\/\/blogger.googleusercontent.com\/img\/b\/R29vZ2xl\/AVvXsEjLiBI4_VoOcwPjOsWZJ4ckpSU8j2Ey1bnzODm_L8KWG02_ktq6Ywd2bQMDM2LaT9d793ji8XkFdcGBd1OOR4shZUKgxb09acNmRsUx87bvrlp4rp8L0FKOySaZW8AsGH6bIxWncZpkZh8\/s1600\/WhatsApp+Image+2021-03-06+at+18.28.13.jpeg\" style=\"margin-left: auto; margin-right: auto;\"><img loading=\"lazy\" decoding=\"async\" alt=\"Juzbado, Asociaci\u00f3n de Mujeres 2021\" border=\"0\" data-original-height=\"720\" data-original-width=\"1600\" height=\"288\" src=\"https:\/\/blogger.googleusercontent.com\/img\/b\/R29vZ2xl\/AVvXsEjLiBI4_VoOcwPjOsWZJ4ckpSU8j2Ey1bnzODm_L8KWG02_ktq6Ywd2bQMDM2LaT9d793ji8XkFdcGBd1OOR4shZUKgxb09acNmRsUx87bvrlp4rp8L0FKOySaZW8AsGH6bIxWncZpkZh8\/w640-h288\/WhatsApp+Image+2021-03-06+at+18.28.13.jpeg\" title=\"Juzbado, Asociaci\u00f3n de Mujeres 2021\" width=\"640\" \/><\/a><\/td>\n<\/tr>\n<tr>\n<td style=\"text-align: center;\">La directiva de la Asociaci\u00f3n de Mujeres visita la exposici\u00f3n conmemorativa del 8 de marzo<\/td>\n<\/tr>\n<\/tbody>\n<\/table>\n<p><span style=\"font-size: medium;\"><span style=\"font-family: arial;\"><span><a name='more'><\/a><\/span><span><\/span><\/span><\/span><\/p>\n<p style=\"text-align: justify;\"><span style=\"font-size: medium;\"><span style=\"font-family: arial;\">Adem\u00e1s, el s\u00e1bado se celebr\u00f3 la primera operaci\u00f3n<br \/>\nbocata de Juzbado para obtener fondos para la <a href=\"https:\/\/apramp.org\/\" target=\"_blank\">Asociaci\u00f3n APRAMP<\/a> que, como sab\u00e9is,<br \/>\ntrabaja en Salamanca<span>&nbsp; <\/span>contra la trata de<br \/>\nmujeres.<span>&nbsp; <\/span>Se han superado los 70 tickets<br \/>\npara disfrutar al aire libre \u2013el tiempo acompa\u00f1\u00f3- de un bocadillo y una<br \/>\nbebida.<span>&nbsp; <\/span>La tarde del mismo d\u00eda finaliz\u00f3<br \/>\nmuy animada gracias a la plantaci\u00f3n con los m\u00e1s peque\u00f1os del pueblo de una<br \/>\ntreintena de flores en los alcorques junto al parque y el Ayuntamiento.<span>&nbsp; <\/span>El acto infantil finaliz\u00f3 con la plantaci\u00f3n<br \/>\nde un gran \u00e1rbol (<i>Acer saccharinum<\/i>) que<br \/>\nsustituye al almez (<i>Celtis autralis<\/i>)<br \/>\nque se sec\u00f3 al final del verano del a\u00f1o pasado.&nbsp;<\/span><\/span><\/p>\n<p style=\"text-align: justify;\"><span style=\"font-size: medium;\"><\/span><\/p>\n<table align=\"center\" cellpadding=\"0\" cellspacing=\"0\" style=\"margin-left: auto; margin-right: auto;\">\n<tbody>\n<tr>\n<td style=\"text-align: center;\"><a href=\"https:\/\/blogger.googleusercontent.com\/img\/b\/R29vZ2xl\/AVvXsEjqzvCcquusET-WFYxyA1gPZyvcRQM-nfmwOim4gE_dPbMWIn4ExcrGzviqyE3XjcfpI75iHZP8UdBQk3pB8QK43TfkDZ43Oo23AyMisNgsJyFtYi0XBnUNAJSrYZUR7GgseTSdM5cdl3Y\/s1600\/WhatsApp+Image+2021-03-06+at+18.28.13+%25281%2529.jpeg\" style=\"margin-left: auto; margin-right: auto;\"><img loading=\"lazy\" decoding=\"async\" alt=\"Juzbado, plantaci\u00f3n flores\" border=\"0\" data-original-height=\"720\" data-original-width=\"1600\" height=\"288\" src=\"https:\/\/blogger.googleusercontent.com\/img\/b\/R29vZ2xl\/AVvXsEjqzvCcquusET-WFYxyA1gPZyvcRQM-nfmwOim4gE_dPbMWIn4ExcrGzviqyE3XjcfpI75iHZP8UdBQk3pB8QK43TfkDZ43Oo23AyMisNgsJyFtYi0XBnUNAJSrYZUR7GgseTSdM5cdl3Y\/w640-h288\/WhatsApp+Image+2021-03-06+at+18.28.13+%25281%2529.jpeg\" title=\"Juzbado, plantaci\u00f3n de flores\" width=\"640\" \/><\/a><\/td>\n<\/tr>\n<tr>\n<td style=\"text-align: center;\">Los m\u00e1s peque\u00f1os de Juzbado y sus amigos posan junto al \u00e1rbol que plantaron.<\/td>\n<\/tr>\n<\/tbody>\n<\/table>\n<p><span style=\"font-size: medium;\"><span style=\"font-family: arial;\"><br \/><\/span><\/span><\/p>\n<div style=\"text-align: justify;\"><span style=\"font-size: medium;\"><span style=\"font-family: arial;\"><\/p>\n<p><\/span><\/span><\/div>\n<p style=\"text-align: justify;\"><span style=\"font-size: medium;\"><span style=\"font-family: arial;\">Para que todo ello sucediera contamos con la colaboraci\u00f3n de<br \/>\nla Asociaci\u00f3n de Mujeres y la Asociaci\u00f3n de Mayores de Juzbado.<span>&nbsp; <\/span>Ambas asociaciones, a\u00fan a pesar de lamentar<br \/>\nno poder realizar m\u00e1s propuestas y encuentros debido a la situaci\u00f3n sanitaria,<br \/>\ns\u00ed que se han brindado a publicitar y apoyar con su presencia los actos.<span>&nbsp; <\/span>La exposici\u00f3n \u201cMujeres\u201d est\u00e1 financiada por<br \/>\nla <a href=\"http:\/\/www.dipsanet.es\/\" target=\"_blank\">Diputaci\u00f3n de Salamanca <\/a>a trav\u00e9s del CEAS de Ledesma que, a su vez, recibe<br \/>\nun apoyo de los Servicios Sociales de la Junta de Castilla y Le\u00f3n y de Nos<br \/>\nImpulsa.<span>&nbsp; <\/span>Por supuesto, El<br \/>\n<a href=\"https:\/\/www.facebook.com\/Bar-el-toral-1708367729400776\/\" target=\"_blank\">Bar-Restaurante El Toral<\/a> de Juzbado se ha brindado a participar y a hacer y<br \/>\nservir todos los bocadillos.<span>&nbsp; <\/span>Por \u00faltimo,<br \/>\nla Asociaci\u00f3n APRAMP se ha brindado<span>&nbsp; <\/span>a<br \/>\nrecibir la donaci\u00f3n.<span>&nbsp; <\/span><\/span><\/span><\/p>\n","protected":false},"excerpt":{"rendered":"<p>El fin de semana previo a la celebraci\u00f3n del 8 de marzo (lunes) ha reunido a un buen n\u00famero de vecinos y amigos de Juzbado.&nbsp; La propuesta cultural y participativa de los d\u00edas 6 y 7 de marzo no era para menos.&nbsp; La Asociaci\u00f3n de Mujeres nos propuso disfrutar de la Exposici\u00f3n \u201cMujeres\u201d de Isabel [&hellip;]<\/p>\n","protected":false},"author":2,"featured_media":0,"comment_status":"open","ping_status":"open","sticky":false,"template":"","format":"standard","meta":{"saved_in_kubio":false,"footnotes":""},"categories":[239,568,6,42,392,41,556,168],"tags":[],"class_list":["post-304","post","type-post","status-publish","format-standard","hentry","category-8-de-marzo","category-arbolado-publico","category-asociacion-de-mayores","category-asociacion-de-mujeres","category-flores","category-mujer-rural","category-operacion-bocata","category-pequeteca"],"_links":{"self":[{"href":"https:\/\/juzbado.es\/nuevaweb\/wp-json\/wp\/v2\/posts\/304","targetHints":{"allow":["GET"]}}],"collection":[{"href":"https:\/\/juzbado.es\/nuevaweb\/wp-json\/wp\/v2\/posts"}],"about":[{"href":"https:\/\/juzbado.es\/nuevaweb\/wp-json\/wp\/v2\/types\/post"}],"author":[{"embeddable":true,"href":"https:\/\/juzbado.es\/nuevaweb\/wp-json\/wp\/v2\/users\/2"}],"replies":[{"embeddable":true,"href":"https:\/\/juzbado.es\/nuevaweb\/wp-json\/wp\/v2\/comments?post=304"}],"version-history":[{"count":0,"href":"https:\/\/juzbado.es\/nuevaweb\/wp-json\/wp\/v2\/posts\/304\/revisions"}],"wp:attachment":[{"href":"https:\/\/juzbado.es\/nuevaweb\/wp-json\/wp\/v2\/media?parent=304"}],"wp:term":[{"taxonomy":"category","embeddable":true,"href":"https:\/\/juzbado.es\/nuevaweb\/wp-json\/wp\/v2\/categories?post=304"},{"taxonomy":"post_tag","embeddable":true,"href":"https:\/\/juzbado.es\/nuevaweb\/wp-json\/wp\/v2\/tags?post=304"}],"curies":[{"name":"wp","href":"https:\/\/api.w.org\/{rel}","templated":true}]}}