{"id":305,"date":"2021-03-02T14:06:00","date_gmt":"2021-03-02T13:06:00","guid":{"rendered":"http:\/\/juzbado.es\/nuevaweb\/2021\/03\/02\/dia-internacional-de-la-mujer-en-juzbado\/"},"modified":"2021-03-02T14:06:00","modified_gmt":"2021-03-02T13:06:00","slug":"dia-internacional-de-la-mujer-en-juzbado","status":"publish","type":"post","link":"https:\/\/juzbado.es\/nuevaweb\/2021\/03\/02\/dia-internacional-de-la-mujer-en-juzbado\/","title":{"rendered":"D\u00cdA INTERNACIONAL DE LA MUJER EN JUZBADO"},"content":{"rendered":"<p style=\"text-align: justify;\"><span style=\"font-family: arial;\"><span style=\"font-size: medium;\">La conmemoraci\u00f3n del <a href=\"https:\/\/www.unwomen.org\/es\/news\/stories\/2020\/11\/announcer-international-womens-day-2021\" target=\"_blank\">D\u00eda Internacional de la Mujer del 2021<\/a><br \/>\nser\u00e1 muy diferente a otros a\u00f1os.<span> Este a\u00f1o el lema es \u00abMujeres l\u00edderes, por un futuro igualitario en el&nbsp; mundo de la Covid-19<\/span>\u00ab.&nbsp; Los<br \/>\nriesgos para la salud que supone el virus nos impiden juntarnos como<br \/>\nnos gustar\u00eda y celebrar as\u00ed juntos una fecha tan relevante en el calendario.<span>&nbsp; <\/span>Hasta hoy hemos ido conmemorando el 8 de<br \/>\nmarzo con la indispensable colaboraci\u00f3n de la Asociaci\u00f3n de Mujeres de Juzbado<br \/>\ny de los juzbadinos.<span>&nbsp; <\/span>Las sucesivas<br \/>\nefem\u00e9rides que desde hace aproximadamente <span>&nbsp;<\/span>3 a\u00f1os se vienen celebrando, arrojan un<br \/>\nconjunto de acciones variopintas que os recordamos <a href=\"https:\/\/juzbado.blogspot.com\/2020\/03\/la-asociacion-de-mujeres-secunda-el-8.html\" target=\"_blank\">en este enlace<\/a>.<span>&nbsp; <\/span><\/span><\/span><\/p>\n<p><span style=\"font-family: arial;\"><span style=\"font-size: medium;\"><\/p>\n<p><\/span><\/span><\/p>\n<p style=\"text-align: justify;\"><span style=\"font-family: arial;\"><span style=\"font-size: medium;\">En esta ocasi\u00f3n os proponemos 3 acciones que ponen de<br \/>\nmanifiesto la necesidad de seguir en el camino de la igualdad y provocar un cambio de<br \/>\nparadigma en muchos \u00e1mbitos de nuestra sociedad para una igualdad de g\u00e9nero<br \/>\nreal.<span>&nbsp; <\/span>Todas ellas est\u00e1n adaptadas a la<br \/>\nactual situaci\u00f3n sanitaria. <span><\/span><\/span><\/span><\/p>\n<p><a name='more'><\/a><span style=\"font-family: arial;\"><span style=\"font-size: medium;\"><br \/><\/span><\/span><\/p>\n<table align=\"center\" cellpadding=\"0\" cellspacing=\"0\" style=\"margin-left: auto; margin-right: auto;\">\n<tbody>\n<tr>\n<td style=\"text-align: center;\"><a href=\"https:\/\/blogger.googleusercontent.com\/img\/b\/R29vZ2xl\/AVvXsEjJlcODNY3_L8sujOs4PzuVFDlyZhBTNYk0a9wofXC9W9cw3mU2QilF2rt6HMXWBEyFv9NbzzVjkHi54inaTqzqq8CA9GMdpolTpoO94-3WIIDIsb7yRvqHfQR6E3VUqtZfyE2tHd63Q_I\/s2048\/cartel+general+8+de+marzo+2021.jpg\" style=\"margin-left: auto; margin-right: auto;\"><img loading=\"lazy\" decoding=\"async\" alt=\"Juzbado\" border=\"0\" data-original-height=\"2048\" data-original-width=\"1448\" height=\"640\" src=\"https:\/\/blogger.googleusercontent.com\/img\/b\/R29vZ2xl\/AVvXsEjJlcODNY3_L8sujOs4PzuVFDlyZhBTNYk0a9wofXC9W9cw3mU2QilF2rt6HMXWBEyFv9NbzzVjkHi54inaTqzqq8CA9GMdpolTpoO94-3WIIDIsb7yRvqHfQR6E3VUqtZfyE2tHd63Q_I\/w452-h640\/cartel+general+8+de+marzo+2021.jpg\" title=\"Juzbado\" width=\"452\" \/><\/a><\/td>\n<\/tr>\n<tr>\n<td style=\"text-align: center;\">Programaci\u00f3n en torno al 8 de marzo de 2021 en Juzbado<\/td>\n<\/tr>\n<\/tbody>\n<\/table>\n<p><span style=\"font-family: arial;\"><span style=\"font-size: medium;\"><br \/><\/span><\/span><\/p>\n<p><span style=\"font-family: arial;\"><span style=\"font-size: medium;\"><\/p>\n<p><\/span><\/span><\/p>\n<p style=\"text-align: justify;\"><span style=\"font-family: arial;\"><span style=\"font-size: medium;\"><span><\/span>La primera propuesta<br \/>\nque os hacemos es visitar la exposici\u00f3n de arte itinerante titulada \u201cMujeres\u201d<br \/>\nde la artista Isabel Ruiz.<span>&nbsp; <\/span>Ser\u00e1 en el<br \/>\nsal\u00f3n de actos y tendr\u00e1 los siguientes horarios: S\u00e1bado de 12:00 h. a 13:00 h.<br \/>\ny de 17:00 h. a 18:00 h. y Domingo de 12:00 h. a 13:00 h.<\/span><\/span><\/p>\n<p><span style=\"font-family: arial;\"><span style=\"font-size: medium;\"><\/p>\n<p><\/span><\/span><\/p>\n<p style=\"text-align: justify;\"><span style=\"font-family: arial;\"><span style=\"font-size: medium;\">El segundo evento en torno al 8 de marzo consiste en una<br \/>\nOperaci\u00f3n Bocata, -creemos que la primera que se celebra en Juzbado-, dise\u00f1ada para<br \/>\ndonar fondos a la Asociaci\u00f3n APRAMP.<span>&nbsp; <\/span>Con<br \/>\nuna <a href=\"https:\/\/apramp.org\/quienes-somos\/\" target=\"_blank\">delegaci\u00f3n en Salamanca, APRAMP<\/a> trabaja para prevenir y erradicar la<br \/>\nexplotaci\u00f3n sexual y la trata de seres humanos.<span>&nbsp;<br \/>\n<\/span>Nos parece una buena ocasi\u00f3n y motivo para colaborar.<span>&nbsp; <\/span>Para ello se venden 2 tipos de tickets: Tickets<br \/>\nnormales para Bocadillo + bebida (agua, refresco&#8230;) por 4 \u20ac y tambi\u00e9n Tickets<br \/>\nCERO (colaboraci\u00f3n sin asistencia).<span>&nbsp;<br \/>\n<\/span>Todos ellos est\u00e1n disponibles en el Bar El Toral y en la Oficina de<br \/>\nDesarrollo Local desde el lunes 1 de marzo.<\/span><\/span><\/p>\n<p><span style=\"font-family: arial;\"><span style=\"font-size: medium;\"><\/p>\n<p><\/span><\/span><\/p>\n<p style=\"text-align: justify;\"><span style=\"font-family: arial;\"><span style=\"font-size: medium;\">Y para finalizar los actos contamos tambi\u00e9n con los m\u00e1s<br \/>\npeque\u00f1os y su pequeclub.<span>&nbsp; <\/span>El s\u00e1bado por<br \/>\nla tarde, a las 18:00 h. nos iremos todos juntos a plantar flores por Juzbado.<span>&nbsp; <\/span>Nos encanta hacerlo y ya en otras ocasiones<br \/>\nlo hemos hecho.<\/span><\/span><\/p>\n<p><span style=\"font-family: arial;\"><span style=\"font-size: medium;\"><\/p>\n<p><\/span><\/span><\/p>\n<p style=\"text-align: justify;\"><span style=\"font-family: arial;\"><span style=\"font-size: medium;\">Para que todo ello suceda contamos con la colaboraci\u00f3n de la<br \/>\n<a href=\"https:\/\/juzbado.blogspot.com\/p\/asociaciones.html\" target=\"_blank\">Asociaci\u00f3n de Mujeres<\/a> y la <a href=\"https:\/\/juzbado.blogspot.com\/p\/asociaciones.html\" target=\"_blank\">Asociaci\u00f3n de Mayores de Juzbado<\/a>.<span>&nbsp; <\/span>La exposici\u00f3n \u201cMujeres\u201d est\u00e1 financiada por<br \/>\nla <a href=\"http:\/\/www.dipsanet.es\/\" target=\"_blank\">Diputaci\u00f3n de Salamanca<\/a> a trav\u00e9s del <a href=\"http:\/\/www.lasalina.es\/Aplicaciones\/GestorInter.jsp?prestacion=Cipublico&amp;funcion=MuestraInformacionCeas0&amp;codCeas=6\" target=\"_blank\">CEAS de Ledesma<\/a> que, a su vez, recibe<br \/>\nun apoyo de los <a href=\"https:\/\/serviciossociales.jcyl.es\/web\/es\/servicios-sociales.html\" target=\"_blank\">Servicios Sociales de la Junta de Castilla y Le\u00f3n<\/a> y de Nos<br \/>\nImpulsa.<span>&nbsp; <\/span>Por supuesto, El <a href=\"https:\/\/www.facebook.com\/Bar-el-toral-1708367729400776\/\" target=\"_blank\">Bar-Restaurante El Toral<\/a> de Juzbado se ha brindado a participar y hacer los bocadillos y la<br \/>\nAsociaci\u00f3n APRAMP se ha brindado<span>&nbsp; <\/span>a<br \/>\nrecibir la donaci\u00f3n.<span>&nbsp; <\/span>En definitiva,<br \/>\nestamos todos juntos e implicados en la celebraci\u00f3n del 8 de marzo.<span>&nbsp; <\/span><\/span><\/span><\/p>\n","protected":false},"excerpt":{"rendered":"<p>La conmemoraci\u00f3n del D\u00eda Internacional de la Mujer del 2021 ser\u00e1 muy diferente a otros a\u00f1os. Este a\u00f1o el lema es \u00abMujeres l\u00edderes, por un futuro igualitario en el&nbsp; mundo de la Covid-19\u00ab.&nbsp; Los riesgos para la salud que supone el virus nos impiden juntarnos como nos gustar\u00eda y celebrar as\u00ed juntos una fecha tan [&hellip;]<\/p>\n","protected":false},"author":2,"featured_media":0,"comment_status":"open","ping_status":"open","sticky":false,"template":"","format":"standard","meta":{"saved_in_kubio":false,"footnotes":""},"categories":[239,555,6,42,83,41,168],"tags":[],"class_list":["post-305","post","type-post","status-publish","format-standard","hentry","category-8-de-marzo","category-apramp","category-asociacion-de-mayores","category-asociacion-de-mujeres","category-ceas","category-mujer-rural","category-pequeteca"],"_links":{"self":[{"href":"https:\/\/juzbado.es\/nuevaweb\/wp-json\/wp\/v2\/posts\/305","targetHints":{"allow":["GET"]}}],"collection":[{"href":"https:\/\/juzbado.es\/nuevaweb\/wp-json\/wp\/v2\/posts"}],"about":[{"href":"https:\/\/juzbado.es\/nuevaweb\/wp-json\/wp\/v2\/types\/post"}],"author":[{"embeddable":true,"href":"https:\/\/juzbado.es\/nuevaweb\/wp-json\/wp\/v2\/users\/2"}],"replies":[{"embeddable":true,"href":"https:\/\/juzbado.es\/nuevaweb\/wp-json\/wp\/v2\/comments?post=305"}],"version-history":[{"count":0,"href":"https:\/\/juzbado.es\/nuevaweb\/wp-json\/wp\/v2\/posts\/305\/revisions"}],"wp:attachment":[{"href":"https:\/\/juzbado.es\/nuevaweb\/wp-json\/wp\/v2\/media?parent=305"}],"wp:term":[{"taxonomy":"category","embeddable":true,"href":"https:\/\/juzbado.es\/nuevaweb\/wp-json\/wp\/v2\/categories?post=305"},{"taxonomy":"post_tag","embeddable":true,"href":"https:\/\/juzbado.es\/nuevaweb\/wp-json\/wp\/v2\/tags?post=305"}],"curies":[{"name":"wp","href":"https:\/\/api.w.org\/{rel}","templated":true}]}}