{"id":308,"date":"2021-01-28T14:04:00","date_gmt":"2021-01-28T13:04:00","guid":{"rendered":"http:\/\/juzbado.es\/nuevaweb\/2021\/01\/28\/nuestros-jovenes-cuentan\/"},"modified":"2021-01-28T14:04:00","modified_gmt":"2021-01-28T13:04:00","slug":"nuestros-jovenes-cuentan","status":"publish","type":"post","link":"https:\/\/juzbado.es\/nuevaweb\/2021\/01\/28\/nuestros-jovenes-cuentan\/","title":{"rendered":"NUESTROS J\u00d3VENES CUENTAN"},"content":{"rendered":"<p style=\"text-align: justify;\"><span style=\"font-size: medium;\"><span style=\"font-family: arial;\">Desde Juzbado queremos presumir de contar con vecinos<br \/>\nj\u00f3venes con muchas cosas que decir.<span>&nbsp; <\/span>Por<br \/>\neso nos gusta compartir iniciativas como este documental titulado \u201c<a href=\"https:\/\/www.youtube.com\/watch?v=XCkgijf7qtk&amp;amp%3Bfeature=youtu.be\" target=\"_blank\">Identidad al corte<\/a>\u201d cuya tercera edici\u00f3n incluye el testimonio de uno de nuestros j\u00f3venes juzbadinos.<span>&nbsp; <\/span>Se trata de un audiovisual que recoge el<br \/>\nsentir de j\u00f3venes residentes en los territorios del noroeste salamantino donde<br \/>\ncada uno de ellos, desde su adolescencia, nos relata c\u00f3mo los viven. <span>&nbsp;<\/span>En un recorrido por 11 pueblos -entre los<br \/>\ncu\u00e1les se encuentra el pueblo de Juzbado- nos hacen participes de su tiempo, de<br \/>\nsus intereses y de sus inquietudes.<\/span><\/span><\/p>\n<div style=\"text-align: justify;\"><span style=\"font-size: medium;\"><span style=\"font-family: arial;\"><\/p>\n<p><\/span><\/span><\/div>\n<p style=\"text-align: justify;\"><span style=\"font-size: medium;\"><span style=\"font-family: arial;\">En su tercera edici\u00f3n, la propuesta participativa \u00abIdentidad<br \/>\nal corte\u00bb se ha adaptado a las medidas de distanciamiento y seguridad<br \/>\nsanitarias, cambiando la formaci\u00f3n de grupos por la entrevista individual y la<br \/>\ncreaci\u00f3n cinematogr\u00e1fica por un formato m\u00e1s pr\u00f3ximo al documental, en el cu\u00e1l<br \/>\nla c\u00e1mara se acerca a ellos d\u00e1ndoles todo el protagonismo.<span>&nbsp; <\/span>Os animamos a verlo y as\u00ed entender mejor a<br \/>\nnuestros j\u00f3venes que son, en realidad, tambi\u00e9n nuestro futuro.<\/span><\/span><\/p>\n<div style=\"text-align: justify;\"><span style=\"font-size: medium;\"><span style=\"font-family: arial;\"><\/p>\n<p><\/span><\/span><\/div>\n<p style=\"text-align: justify;\"><span style=\"font-size: medium;\"><span style=\"font-family: arial;\">Esta actividad forma parte del proyecto educativo \u00abTambi\u00e9n<br \/>\ncontamos\u00bb para el fomento de las habilidades sociales en j\u00f3venes de la<br \/>\nregi\u00f3n. <span>&nbsp;<\/span>Est\u00e1 organizado por <a href=\"http:\/\/salamancaescuelascampesinas.blogspot.com\/\" target=\"_blank\">Escuelas Campesinas<\/a> y <a href=\"https:\/\/www.ong-cas.org\/\" target=\"_blank\">Colectivos de Acci\u00f3n solidaria<\/a> y subvencionado por el <a href=\"https:\/\/www.mscbs.gob.es\/\" target=\"_blank\">Ministerio de Sanidad, Consumo y Bienestar social<\/a>.<\/span><\/span><\/p>\n<p style=\"text-align: justify;\"><span style=\"font-size: medium;\"><span style=\"font-family: arial;\">&nbsp;<\/span><\/span><\/p>\n<p><iframe loading=\"lazy\" allow=\"accelerometer; autoplay; clipboard-write; encrypted-media; gyroscope; picture-in-picture\" allowfullscreen=\"\" frameborder=\"0\" height=\"415\" src=\"https:\/\/www.youtube.com\/embed\/XCkgijf7qtk\" width=\"650\"><\/iframe><\/p>\n","protected":false},"excerpt":{"rendered":"<p>Desde Juzbado queremos presumir de contar con vecinos j\u00f3venes con muchas cosas que decir.&nbsp; Por eso nos gusta compartir iniciativas como este documental titulado \u201cIdentidad al corte\u201d cuya tercera edici\u00f3n incluye el testimonio de uno de nuestros j\u00f3venes juzbadinos.&nbsp; Se trata de un audiovisual que recoge el sentir de j\u00f3venes residentes en los territorios del [&hellip;]<\/p>\n","protected":false},"author":2,"featured_media":0,"comment_status":"open","ping_status":"open","sticky":false,"template":"","format":"standard","meta":{"saved_in_kubio":false,"footnotes":""},"categories":[573,631,277,632,574],"tags":[],"class_list":["post-308","post","type-post","status-publish","format-standard","hentry","category-573","category-cas","category-enero","category-escuelas-campesinas","category-jovenes"],"_links":{"self":[{"href":"https:\/\/juzbado.es\/nuevaweb\/wp-json\/wp\/v2\/posts\/308","targetHints":{"allow":["GET"]}}],"collection":[{"href":"https:\/\/juzbado.es\/nuevaweb\/wp-json\/wp\/v2\/posts"}],"about":[{"href":"https:\/\/juzbado.es\/nuevaweb\/wp-json\/wp\/v2\/types\/post"}],"author":[{"embeddable":true,"href":"https:\/\/juzbado.es\/nuevaweb\/wp-json\/wp\/v2\/users\/2"}],"replies":[{"embeddable":true,"href":"https:\/\/juzbado.es\/nuevaweb\/wp-json\/wp\/v2\/comments?post=308"}],"version-history":[{"count":0,"href":"https:\/\/juzbado.es\/nuevaweb\/wp-json\/wp\/v2\/posts\/308\/revisions"}],"wp:attachment":[{"href":"https:\/\/juzbado.es\/nuevaweb\/wp-json\/wp\/v2\/media?parent=308"}],"wp:term":[{"taxonomy":"category","embeddable":true,"href":"https:\/\/juzbado.es\/nuevaweb\/wp-json\/wp\/v2\/categories?post=308"},{"taxonomy":"post_tag","embeddable":true,"href":"https:\/\/juzbado.es\/nuevaweb\/wp-json\/wp\/v2\/tags?post=308"}],"curies":[{"name":"wp","href":"https:\/\/api.w.org\/{rel}","templated":true}]}}