{"id":311,"date":"2021-01-13T15:54:00","date_gmt":"2021-01-13T14:54:00","guid":{"rendered":"http:\/\/juzbado.es\/nuevaweb\/2021\/01\/13\/un-nuevo-moral-en-el-parque-infantil\/"},"modified":"2021-01-13T15:54:00","modified_gmt":"2021-01-13T14:54:00","slug":"un-nuevo-moral-en-el-parque-infantil","status":"publish","type":"post","link":"https:\/\/juzbado.es\/nuevaweb\/2021\/01\/13\/un-nuevo-moral-en-el-parque-infantil\/","title":{"rendered":"UN NUEVO MORAL EN EL PARQUE INFANTIL"},"content":{"rendered":"<p style=\"text-align: justify;\"><span style=\"font-family: arial;\"><span style=\"font-size: medium;\"><span dir=\"auto\">Hace<br \/>\n unos d\u00edas, en las horas previas de la visita de Filomena, los m\u00e1s<br \/>\npeque\u00f1os de Juzbado se atrevieron a plantar un \u00e1rbol en su parque<br \/>\ninfantil.  Se trata nada m\u00e1s y nada menos que de un moral de 2 metros de<br \/>\n altura que seg\u00fan nos cuentan \u00abdar\u00e1 sombra muy pronto en verano\u00bb.  Os<br \/>\nmostramos algunas instant\u00e1neas del solemne acto en el que hasta la pala<br \/>\nfue disputada.<\/span><\/span><\/span><\/p>\n<p style=\"text-align: justify;\"><span style=\"font-size: medium;\"><span style=\"font-size: medium;\"><span dir=\"auto\">&nbsp;<\/span><\/span><a href=\"https:\/\/blogger.googleusercontent.com\/img\/b\/R29vZ2xl\/AVvXsEixT6umfGlu_FTR_fdNAK4AtkJ5jn7kqgS7kIICU74rhelC2dFm0W7pUX-GM7qmYwrl7Psb-KEk8HDZHoDs8gVQJOWrE4YfYM-zPpof0ZwmKOZLWYU4Z8kyB1ZSH6TN09w5ujTr5rckED4\/s800\/Juzbado+moral+parque+infantil+enero+2021+%25281%2529+%2528Copiar%2529.jpg\" style=\"margin-left: 1em; margin-right: 1em;\"><img loading=\"lazy\" decoding=\"async\" border=\"0\" data-original-height=\"450\" data-original-width=\"800\" height=\"360\" src=\"https:\/\/blogger.googleusercontent.com\/img\/b\/R29vZ2xl\/AVvXsEixT6umfGlu_FTR_fdNAK4AtkJ5jn7kqgS7kIICU74rhelC2dFm0W7pUX-GM7qmYwrl7Psb-KEk8HDZHoDs8gVQJOWrE4YfYM-zPpof0ZwmKOZLWYU4Z8kyB1ZSH6TN09w5ujTr5rckED4\/w640-h360\/Juzbado+moral+parque+infantil+enero+2021+%25281%2529+%2528Copiar%2529.jpg\" width=\"640\" \/><\/a><\/span><\/p>\n<\/p>\n<p style=\"text-align: justify;\"><span style=\"font-family: arial;\"><span style=\"font-size: medium;\"><span dir=\"auto\"><\/span><\/span><\/span><\/p>\n<div style=\"clear: both; text-align: center;\"><span style=\"font-size: medium;\"><a href=\"https:\/\/blogger.googleusercontent.com\/img\/b\/R29vZ2xl\/AVvXsEglDlkjuXOucgPRL4DTcbsY4oOhnGVmQGiJTiF-r46ed6eZAbDz36UinE3h2az5nr9N99yg_YtvaxBY04Deu11JBHvwJSNDnIOwshLtNQuO85z3CmcwHAaqWHdmtXYSrf4G6ETYiX4VxnE\/s800\/Juzbado+moral+parque+infantil+enero+2021+%25282%2529+%2528Copiar%2529.jpeg\" style=\"margin-left: 1em; margin-right: 1em;\"><img loading=\"lazy\" decoding=\"async\" border=\"0\" data-original-height=\"360\" data-original-width=\"800\" height=\"288\" src=\"https:\/\/blogger.googleusercontent.com\/img\/b\/R29vZ2xl\/AVvXsEglDlkjuXOucgPRL4DTcbsY4oOhnGVmQGiJTiF-r46ed6eZAbDz36UinE3h2az5nr9N99yg_YtvaxBY04Deu11JBHvwJSNDnIOwshLtNQuO85z3CmcwHAaqWHdmtXYSrf4G6ETYiX4VxnE\/w640-h288\/Juzbado+moral+parque+infantil+enero+2021+%25282%2529+%2528Copiar%2529.jpeg\" width=\"640\" \/>&nbsp;<\/a><\/span><\/div>\n<div style=\"clear: both; text-align: center;\"><span style=\"font-size: medium;\"><span><a name='more'><\/a><\/span><\/span><\/div>\n<p><span style=\"font-size: medium;\"><\/p>\n<div style=\"clear: both; text-align: center;\"><a href=\"https:\/\/blogger.googleusercontent.com\/img\/b\/R29vZ2xl\/AVvXsEi_KSoUC2GH4ptKKil-FS1lKHrbPSlKW6BDHWfBnX3oclhDCy0vdaBTHmFtiEyxLSyYTyyLVObXyfpCZYdCWBuL0JNWod_bs4QCpUtbCnlnSslWtILkcJrhmgt-R8QVpYNMuAXLqy-CoZc\/s800\/Juzbado+moral+parque+infantil+enero+2021+%25283%2529+%2528Copiar%2529.jpeg\" style=\"margin-left: 1em; margin-right: 1em;\"><img loading=\"lazy\" decoding=\"async\" border=\"0\" data-original-height=\"360\" data-original-width=\"800\" height=\"288\" src=\"https:\/\/blogger.googleusercontent.com\/img\/b\/R29vZ2xl\/AVvXsEi_KSoUC2GH4ptKKil-FS1lKHrbPSlKW6BDHWfBnX3oclhDCy0vdaBTHmFtiEyxLSyYTyyLVObXyfpCZYdCWBuL0JNWod_bs4QCpUtbCnlnSslWtILkcJrhmgt-R8QVpYNMuAXLqy-CoZc\/w640-h288\/Juzbado+moral+parque+infantil+enero+2021+%25283%2529+%2528Copiar%2529.jpeg\" width=\"640\" \/><\/a><\/div>\n<p><\/p>\n<div style=\"clear: both; text-align: center;\"><a href=\"https:\/\/blogger.googleusercontent.com\/img\/b\/R29vZ2xl\/AVvXsEi7iSbUh4p8wXYZDOfNvRN8pMAjPrq0T1h1MlbSTsr1OCosIdoqh9E03fBhGvGT5r2mOrlAhsKuDY1Q09edkekdEPL6jPTNsMwuREKquGvldlddFulXpmSRmNnolUb9Ww1NzuZYpxSr6QE\/s800\/Juzbado+moral+parque+infantil+enero+2021+%25284%2529+%2528Copiar%2529.jpeg\" style=\"margin-left: 1em; margin-right: 1em;\"><img loading=\"lazy\" decoding=\"async\" border=\"0\" data-original-height=\"360\" data-original-width=\"800\" height=\"288\" src=\"https:\/\/blogger.googleusercontent.com\/img\/b\/R29vZ2xl\/AVvXsEi7iSbUh4p8wXYZDOfNvRN8pMAjPrq0T1h1MlbSTsr1OCosIdoqh9E03fBhGvGT5r2mOrlAhsKuDY1Q09edkekdEPL6jPTNsMwuREKquGvldlddFulXpmSRmNnolUb9Ww1NzuZYpxSr6QE\/w640-h288\/Juzbado+moral+parque+infantil+enero+2021+%25284%2529+%2528Copiar%2529.jpeg\" width=\"640\" \/><\/a><\/div>\n<p><\/p>\n<div style=\"clear: both; text-align: center;\"><a href=\"https:\/\/blogger.googleusercontent.com\/img\/b\/R29vZ2xl\/AVvXsEjFaBvEO3OpdVT6ujeZI8HuldXbrnO5WsmN7o9rwWDuHecZVokzZrD0JV_Uw-9xmeYAjwH_ifXwyeQGy8hQDaUmh-9N3y-lZMgaMYCb6-brxGlmfogpZl0zLKB9x4wlyvoLNOFqlhG0rl8\/s800\/Juzbado+moral+parque+infantil+enero+2021+%25285%2529+%2528Copiar%2529.jpeg\" style=\"margin-left: 1em; margin-right: 1em;\"><img loading=\"lazy\" decoding=\"async\" border=\"0\" data-original-height=\"360\" data-original-width=\"800\" height=\"288\" src=\"https:\/\/blogger.googleusercontent.com\/img\/b\/R29vZ2xl\/AVvXsEjFaBvEO3OpdVT6ujeZI8HuldXbrnO5WsmN7o9rwWDuHecZVokzZrD0JV_Uw-9xmeYAjwH_ifXwyeQGy8hQDaUmh-9N3y-lZMgaMYCb6-brxGlmfogpZl0zLKB9x4wlyvoLNOFqlhG0rl8\/w640-h288\/Juzbado+moral+parque+infantil+enero+2021+%25285%2529+%2528Copiar%2529.jpeg\" width=\"640\" \/><\/a><\/div>\n<p>&nbsp;<\/span><\/p>\n","protected":false},"excerpt":{"rendered":"<p>Hace unos d\u00edas, en las horas previas de la visita de Filomena, los m\u00e1s peque\u00f1os de Juzbado se atrevieron a plantar un \u00e1rbol en su parque infantil. Se trata nada m\u00e1s y nada menos que de un moral de 2 metros de altura que seg\u00fan nos cuentan \u00abdar\u00e1 sombra muy pronto en verano\u00bb. Os mostramos [&hellip;]<\/p>\n","protected":false},"author":2,"featured_media":0,"comment_status":"open","ping_status":"open","sticky":false,"template":"","format":"standard","meta":{"saved_in_kubio":false,"footnotes":""},"categories":[573,568,324,633,168],"tags":[],"class_list":["post-311","post","type-post","status-publish","format-standard","hentry","category-573","category-arbolado-publico","category-infancia","category-invierno","category-pequeteca"],"_links":{"self":[{"href":"https:\/\/juzbado.es\/nuevaweb\/wp-json\/wp\/v2\/posts\/311","targetHints":{"allow":["GET"]}}],"collection":[{"href":"https:\/\/juzbado.es\/nuevaweb\/wp-json\/wp\/v2\/posts"}],"about":[{"href":"https:\/\/juzbado.es\/nuevaweb\/wp-json\/wp\/v2\/types\/post"}],"author":[{"embeddable":true,"href":"https:\/\/juzbado.es\/nuevaweb\/wp-json\/wp\/v2\/users\/2"}],"replies":[{"embeddable":true,"href":"https:\/\/juzbado.es\/nuevaweb\/wp-json\/wp\/v2\/comments?post=311"}],"version-history":[{"count":0,"href":"https:\/\/juzbado.es\/nuevaweb\/wp-json\/wp\/v2\/posts\/311\/revisions"}],"wp:attachment":[{"href":"https:\/\/juzbado.es\/nuevaweb\/wp-json\/wp\/v2\/media?parent=311"}],"wp:term":[{"taxonomy":"category","embeddable":true,"href":"https:\/\/juzbado.es\/nuevaweb\/wp-json\/wp\/v2\/categories?post=311"},{"taxonomy":"post_tag","embeddable":true,"href":"https:\/\/juzbado.es\/nuevaweb\/wp-json\/wp\/v2\/tags?post=311"}],"curies":[{"name":"wp","href":"https:\/\/api.w.org\/{rel}","templated":true}]}}