{"id":312,"date":"2021-01-13T15:50:00","date_gmt":"2021-01-13T14:50:00","guid":{"rendered":"http:\/\/juzbado.es\/nuevaweb\/2021\/01\/13\/un-pelon-del-siglo-xix-con-matasellos-de-juzbado\/"},"modified":"2021-01-13T15:50:00","modified_gmt":"2021-01-13T14:50:00","slug":"un-pelon-del-siglo-xix-con-matasellos-de-juzbado","status":"publish","type":"post","link":"https:\/\/juzbado.es\/nuevaweb\/2021\/01\/13\/un-pelon-del-siglo-xix-con-matasellos-de-juzbado\/","title":{"rendered":"UN \u00abPEL\u00d3N\u00bb DEL SIGLO XIX CON MATASELLOS DE JUZBADO"},"content":{"rendered":"<p style=\"text-align: justify;\"><span style=\"font-family: arial;\"><span style=\"font-size: medium;\"><span dir=\"auto\">Tras<br \/>\n muerte del Rey Alfonso XII en 1885 comenz\u00f3 un per\u00edodo de Regencia que<br \/>\ndeber\u00eda durar hasta la proclamaci\u00f3n de la mayor\u00eda de edad del hijo<br \/>\np\u00f3stumo del monarca, Alfonso XIII.  Entre los a\u00f1os 1889 y 1901 la<br \/>\nF\u00e1brica Nacional de Moneda y Timbre confeccion\u00f3 la primera emisi\u00f3n de<br \/>\nsellos del joven Rey ni\u00f1o, nacido el 17 de mayo de 1886, y conocida<br \/>\ncari\u00f1osamente con el apelativo de \u00abPel\u00f3n\u00bb, pues representa la efigie de<br \/>\nperfil de Alfonso XIII, un infantil Rey sin apenas cabello.  Hubo hasta<br \/>\ndiez clases de tarjetas diferentes con sellos del Rey \u00abPel\u00f3n\u00bb, dise\u00f1ados<br \/>\n por el grabador Eugenio Juli\u00e1.  Pues bien, hemos encontrado un \u201cpel\u00f3n\u201d<br \/>\ncon matasellos de la carter\u00eda de Juzbado, acreditando la presencia de<br \/>\ncorrespondencia en nuestro pueblo hace un siglo (los pelones se<br \/>\nutilizaron al menos hasta el final del reinado de Alfonso en 1931).&nbsp;<\/span><\/span><\/span><\/p>\n<p style=\"text-align: justify;\"><span style=\"font-family: arial;\"><span style=\"font-size: medium;\"><span dir=\"auto\"><br \/><\/span><\/span><\/span><\/p>\n<p style=\"text-align: justify;\"><span style=\"font-family: arial;\"><span style=\"font-size: medium;\"><span dir=\"auto\"><\/p>\n<table align=\"center\" cellpadding=\"0\" cellspacing=\"0\" style=\"margin-left: auto; margin-right: auto;\">\n<tbody>\n<tr>\n<td style=\"text-align: center;\"><a href=\"https:\/\/blogger.googleusercontent.com\/img\/b\/R29vZ2xl\/AVvXsEiEg7sTixP3jq0oVxRRFW4_tCxNaXRhMNqYJA0m6LeqY3gPq06hmVXP9TNzizhqiXzoLD978sA5Srf8sfTzYri4OM_DG1ztChnPoF4I4ZcVB04eqLRkvBn_OrgbcjxspNwJNfHHulsNoCA\/s1033\/pel%25C3%25B3n+alfonso+XIII+sello+Juzbado.jpeg\" style=\"margin-left: auto; margin-right: auto;\"><img loading=\"lazy\" decoding=\"async\" border=\"0\" data-original-height=\"1033\" data-original-width=\"960\" height=\"584\" src=\"https:\/\/blogger.googleusercontent.com\/img\/b\/R29vZ2xl\/AVvXsEiEg7sTixP3jq0oVxRRFW4_tCxNaXRhMNqYJA0m6LeqY3gPq06hmVXP9TNzizhqiXzoLD978sA5Srf8sfTzYri4OM_DG1ztChnPoF4I4ZcVB04eqLRkvBn_OrgbcjxspNwJNfHHulsNoCA\/w542-h584\/pel%25C3%25B3n+alfonso+XIII+sello+Juzbado.jpeg\" width=\"542\" \/><\/a><\/td>\n<\/tr>\n<tr>\n<td style=\"text-align: center;\"><span style=\"font-family: arial;\"><span style=\"font-size: medium;\"><span dir=\"auto\">En<br \/>\nel matasellos se puede leer \u201cSALAMANCA\u201d y m\u00e1s abajo \u201cZBADO\u201d. Tambi\u00e9n<br \/>\naparece en peque\u00f1o el nombre del grabador.<\/span><\/span><\/span><\/td>\n<\/tr>\n<\/tbody>\n<\/table>\n<p>&nbsp;<\/span><\/span><\/span><\/p>\n","protected":false},"excerpt":{"rendered":"<p>Tras muerte del Rey Alfonso XII en 1885 comenz\u00f3 un per\u00edodo de Regencia que deber\u00eda durar hasta la proclamaci\u00f3n de la mayor\u00eda de edad del hijo p\u00f3stumo del monarca, Alfonso XIII. Entre los a\u00f1os 1889 y 1901 la F\u00e1brica Nacional de Moneda y Timbre confeccion\u00f3 la primera emisi\u00f3n de sellos del joven Rey ni\u00f1o, nacido [&hellip;]<\/p>\n","protected":false},"author":2,"featured_media":0,"comment_status":"open","ping_status":"open","sticky":false,"template":"","format":"standard","meta":{"saved_in_kubio":false,"footnotes":""},"categories":[573,636,277,637],"tags":[],"class_list":["post-312","post","type-post","status-publish","format-standard","hentry","category-573","category-correos","category-enero","category-pelon"],"_links":{"self":[{"href":"https:\/\/juzbado.es\/nuevaweb\/wp-json\/wp\/v2\/posts\/312","targetHints":{"allow":["GET"]}}],"collection":[{"href":"https:\/\/juzbado.es\/nuevaweb\/wp-json\/wp\/v2\/posts"}],"about":[{"href":"https:\/\/juzbado.es\/nuevaweb\/wp-json\/wp\/v2\/types\/post"}],"author":[{"embeddable":true,"href":"https:\/\/juzbado.es\/nuevaweb\/wp-json\/wp\/v2\/users\/2"}],"replies":[{"embeddable":true,"href":"https:\/\/juzbado.es\/nuevaweb\/wp-json\/wp\/v2\/comments?post=312"}],"version-history":[{"count":0,"href":"https:\/\/juzbado.es\/nuevaweb\/wp-json\/wp\/v2\/posts\/312\/revisions"}],"wp:attachment":[{"href":"https:\/\/juzbado.es\/nuevaweb\/wp-json\/wp\/v2\/media?parent=312"}],"wp:term":[{"taxonomy":"category","embeddable":true,"href":"https:\/\/juzbado.es\/nuevaweb\/wp-json\/wp\/v2\/categories?post=312"},{"taxonomy":"post_tag","embeddable":true,"href":"https:\/\/juzbado.es\/nuevaweb\/wp-json\/wp\/v2\/tags?post=312"}],"curies":[{"name":"wp","href":"https:\/\/api.w.org\/{rel}","templated":true}]}}