{"id":316,"date":"2020-12-03T12:59:00","date_gmt":"2020-12-03T11:59:00","guid":{"rendered":"http:\/\/juzbado.es\/nuevaweb\/2020\/12\/03\/la-primera-senalizacion-turistica-de-juzbado\/"},"modified":"2020-12-03T12:59:00","modified_gmt":"2020-12-03T11:59:00","slug":"la-primera-senalizacion-turistica-de-juzbado","status":"publish","type":"post","link":"https:\/\/juzbado.es\/nuevaweb\/2020\/12\/03\/la-primera-senalizacion-turistica-de-juzbado\/","title":{"rendered":"LA PRIMERA SE\u00d1ALIZACI\u00d3N TUR\u00cdSTICA DE JUZBADO"},"content":{"rendered":"<div>\n<p style=\"text-align: justify;\">\n<p><span style=\"font-family: arial;\"><span style=\"font-size: medium;\"><\/p>\n<p><\/span><\/span><\/p>\n<p style=\"text-align: justify;\"><span style=\"font-family: arial;\"><span style=\"font-size: medium;\">El municipio tormesino acaba de<br \/>\ninstalar un conjunto de se\u00f1ales tur\u00edsticas con atriles y paneles repartidos a<br \/>\nlo largo de sus calles y espacios m\u00e1s singulares.<span>&nbsp; <\/span>El proyecto de se\u00f1alizaci\u00f3n tur\u00edstica culmina<br \/>\nvarios meses de trabajo en colaboraci\u00f3n con vecinos y cristaliza en forma de<br \/>\ntextos, im\u00e1genes<span>&nbsp; <\/span>y grabaciones, a ojos<br \/>\nde cualquier visitante, un modelo de desarrollo rural en la provincia.<span>&nbsp; <\/span><\/span><\/span><\/p>\n<p><span style=\"font-family: arial;\"><span style=\"font-size: medium;\"><\/p>\n<p><\/span><\/span><\/p>\n<p style=\"text-align: justify;\"><span style=\"font-family: arial;\"><span style=\"font-size: medium;\">El nuevo paquete tur\u00edstico consta<br \/>\nde cuatro grandes atriles repartidos en el entorno de la plaza de la iglesia,<br \/>\nlos miradores de la Pe\u00f1a del Castillo junto al <a href=\"http:\/\/www.museodelafalla.com\/\" target=\"_blank\">Museo de la Falla<\/a> y la ribera<br \/>\ntormesina, al pie de las pe\u00f1as.<span>&nbsp; <\/span>Los<br \/>\ncontenidos son variados y combinan textos con fotograf\u00edas, audios y<br \/>\nplanos.<span>&nbsp; <\/span>Desde el lugar de inter\u00e9s<br \/>\ngeol\u00f3gico con que cuenta el municipio hasta uno de sus \u00e1rboles singulares, los<br \/>\npaneles tambi\u00e9n relatan de forma amena parte de la historia y costumbres del<br \/>\nmunicipio, as\u00ed como las referencias obligadas a las instalaciones y recursos<br \/>\ndisponibles para visitar y disfrutar en Juzbado.<span>&nbsp; <\/span>As\u00ed lo ha hecho saber Fernando Rubio, alcalde<br \/>\ndel municipio, quien subray\u00f3 que \u201cla informaci\u00f3n resulta de una reflexi\u00f3n<br \/>\nconjunta y consensuada ofreciendo la posibilidad de escucharla a trav\u00e9s de<br \/>\naudios grabados por los propios vecinos y amigos de Juzbado\u201d.<span>&nbsp; <\/span>&nbsp;<\/span><\/span><\/p>\n<p style=\"text-align: justify;\"><span style=\"font-family: arial;\"><span style=\"font-size: medium;\">Con esta se\u00f1al\u00e9tica se incide tambi\u00e9n en la<br \/>\nnecesidad de advertir al p\u00fablico en general de la presencia de empresas locales<br \/>\ncomo son las dos casas rurales, <a href=\"http:\/\/www.laventanicadeltormes.com\/\" target=\"_blank\">La Ventanica<\/a> y Hortus Musarum o el <a href=\"https:\/\/m.facebook.com\/pages\/category\/Bar\/Bar-el-toral-1708367729400776\/?locale2=es_ES\" target=\"_blank\">Bar Restaurante El Toral<\/a>, m\u00e1s conocido como el Bar de Lourdes.<span>&nbsp; <\/span>Adem\u00e1s, tambi\u00e9n se ha instalado un panel en<br \/>\nblanco magnetizado junto al consistorio para compartir informaci\u00f3n de cualquier<br \/>\nnaturaleza. <span>&nbsp;<\/span>Todo ello se complementa con<br \/>\npaneles informativos con indicaciones de direcci\u00f3n y distancia a los lugares destacados<br \/>\nde <span>&nbsp;<\/span>destino.&nbsp;<\/span><\/span><\/p>\n<p style=\"text-align: justify;\"><span style=\"font-family: arial;\"><span style=\"font-size: medium;\"><\/span><\/span><\/p>\n<table align=\"center\" cellpadding=\"0\" cellspacing=\"0\" style=\"margin-left: auto; margin-right: auto;\">\n<tbody>\n<tr>\n<td style=\"text-align: center;\"><a href=\"https:\/\/blogger.googleusercontent.com\/img\/b\/R29vZ2xl\/AVvXsEgm6-Fge0MvUtYFSA3SmFGVBx0kJU_PE30y5yDLkg2scqR17r3G-FqF5wAKsJ5kBVDDBVv6qibbaHEmC529y8aMF2fHJ7g7BuW-chEYua9BC3auMKrO_mqJi09pz_sPPh_DPTaecRZo48c\/s1600\/se%25C3%25B1ales+tur%25C3%25ADsticas+vacceo+juzbado+web+%252810%2529.jpg\" style=\"margin-left: auto; margin-right: auto;\"><img loading=\"lazy\" decoding=\"async\" alt=\"Juzbado, Pe\u00f1a del Castillo, museo de la Falla\" border=\"0\" data-original-height=\"721\" data-original-width=\"1600\" height=\"281\" src=\"https:\/\/blogger.googleusercontent.com\/img\/b\/R29vZ2xl\/AVvXsEgm6-Fge0MvUtYFSA3SmFGVBx0kJU_PE30y5yDLkg2scqR17r3G-FqF5wAKsJ5kBVDDBVv6qibbaHEmC529y8aMF2fHJ7g7BuW-chEYua9BC3auMKrO_mqJi09pz_sPPh_DPTaecRZo48c\/w624-h281\/se%25C3%25B1ales+tur%25C3%25ADsticas+vacceo+juzbado+web+%252810%2529.jpg\" title=\"Juzbado, Pe\u00f1a del Castillo, museo de la Falla\" width=\"624\" \/><\/a><\/td>\n<\/tr>\n<tr>\n<td style=\"text-align: center;\">Nuevo atril ubicado en la Pe\u00f1a del Catillo junto al Museo de la Falla.<\/td>\n<\/tr>\n<\/tbody>\n<\/table>\n<p><span style=\"font-family: arial;\"><span style=\"font-size: medium;\">&nbsp;<\/span><\/span><\/p>\n<p style=\"text-align: justify;\"><span style=\"font-family: arial;\"><span style=\"font-size: medium;\">Una buena parte de los contenidos<br \/>\nque presentan los soportes tur\u00edsticos \u201ces el fruto de lo que durante los<br \/>\n\u00faltimos a\u00f1os se ha ido sembrando en forma de encuentros po\u00e9ticos, festejos como<br \/>\nson las fiestas mayores, las jornadas de participaci\u00f3n o, sin ir m\u00e1s lejos, los<br \/>\nrecientes cert\u00e1menes de muralismo\u201d, se\u00f1ala Rubio.<span>&nbsp; <\/span>Cabe se\u00f1alar, que todos los contenidos est\u00e1n disponibles<br \/>\nen audios relatados por vecinos y amigos que, voluntariamente, se han brindado<br \/>\na grabar los textos gracias al trabajo de la <a href=\"https:\/\/juzbado.blogspot.com\/p\/ayuntamiento.html\" target=\"_blank\">Oficina de Desarrollo Local<\/a>.<span>&nbsp; <\/span>En cada atril se puede escanear un c\u00f3digo<br \/>\nbidi con un dispositivo m\u00f3vil y escuchar todos los contenidos.<span>&nbsp; <\/span>Es una iniciativa m\u00e1s cuya proyecci\u00f3n al<br \/>\nexterior es conocida por lo atractivo de las propuestas culturales y la<br \/>\nvanguardia que arrojan sus estrategias municipales dirigidas a asentar<br \/>\npoblaci\u00f3n y mejorar la calidad de vida de sus vecinos.<span>&nbsp;&nbsp;<\/span><\/span><\/span><\/p>\n<p style=\"text-align: justify;\"><span style=\"font-family: arial;\"><span style=\"font-size: medium;\"><span><\/span><\/span><\/span><\/p>\n<table align=\"center\" cellpadding=\"0\" cellspacing=\"0\" style=\"margin-left: auto; margin-right: auto;\">\n<tbody>\n<tr>\n<td style=\"text-align: center;\"><a href=\"https:\/\/blogger.googleusercontent.com\/img\/b\/R29vZ2xl\/AVvXsEjGBwyMDRjgL2Mr3Oe4G02iWQP6ks06WUN0ON5LeZv10pv6zgjUW2Ku2E3JSe1ijezfyF5WE1OeXOYcQES-I379BJIT5Bs11dXFU32KcLFT0Re4SZ6jtheP3Nh9LgDE0boTTAwn7bDLbHo\/s1600\/se%25C3%25B1ales+tur%25C3%25ADsticas+vacceo+juzbado+web+%25284%2529.jpg\" style=\"margin-left: auto; margin-right: auto;\"><img loading=\"lazy\" decoding=\"async\" alt=\"Juzbado, lugar de inter\u00e9s geol\u00f3gico, LIG Juzbado\" border=\"0\" data-original-height=\"1066\" data-original-width=\"1600\" height=\"331\" src=\"https:\/\/blogger.googleusercontent.com\/img\/b\/R29vZ2xl\/AVvXsEjGBwyMDRjgL2Mr3Oe4G02iWQP6ks06WUN0ON5LeZv10pv6zgjUW2Ku2E3JSe1ijezfyF5WE1OeXOYcQES-I379BJIT5Bs11dXFU32KcLFT0Re4SZ6jtheP3Nh9LgDE0boTTAwn7bDLbHo\/w498-h331\/se%25C3%25B1ales+tur%25C3%25ADsticas+vacceo+juzbado+web+%25284%2529.jpg\" title=\"Juzbado, lugar de inter\u00e9s geol\u00f3gico, LIG Juzbado\" width=\"498\" \/><\/a><\/td>\n<\/tr>\n<tr>\n<td style=\"text-align: center;\">El LIG (Lugar de inter\u00e9s geol\u00f3gico) de Juzbado cuenta con un atril<\/td>\n<\/tr>\n<\/tbody>\n<\/table>\n<p><span style=\"font-family: arial;\"><span style=\"font-size: medium;\"><span><br \/><\/span><\/span><\/span><\/div>\n<div style=\"text-align: justify;\"><span style=\"font-family: arial;\"><span style=\"font-size: medium;\">Tras el galard\u00f3n recibido por el<br \/>\n<a href=\"http:\/\/www.culturaydeporte.gob.es\/cultura\/libro\/sc\/becas-ayudas-y-subvenciones\/animacion-lectura-maria-moliner.html\" target=\"_blank\">Ministerio de Cultura y Deporte<\/a> a su programa de sensibilizaci\u00f3n y apoyo a la<br \/>\nlectura, Juzbado adereza sus calles con se\u00f1ales y paneles informativos que<br \/>\nresumen una trayectoria singular y una \u201cmanera de ser\u201d de los juzbadinos.<span>&nbsp; <\/span>La financiaci\u00f3n de la se\u00f1alizaci\u00f3n ha sido<br \/>\nposible gracias a la <a href=\"https:\/\/www.nordestesalamanca.com\/\" target=\"_blank\">Asociaci\u00f3n Nordeste<\/a> con sede en Calzada de Valdunciel a<br \/>\ntrav\u00e9s de los fondos Leader.<\/span><\/span><\/div>\n<\/p>\n<p>&nbsp;<\/p>\n","protected":false},"excerpt":{"rendered":"<p>El municipio tormesino acaba de instalar un conjunto de se\u00f1ales tur\u00edsticas con atriles y paneles repartidos a lo largo de sus calles y espacios m\u00e1s singulares.&nbsp; El proyecto de se\u00f1alizaci\u00f3n tur\u00edstica culmina varios meses de trabajo en colaboraci\u00f3n con vecinos y cristaliza en forma de textos, im\u00e1genes&nbsp; y grabaciones, a ojos de cualquier visitante, un [&hellip;]<\/p>\n","protected":false},"author":2,"featured_media":0,"comment_status":"open","ping_status":"open","sticky":false,"template":"","format":"standard","meta":{"saved_in_kubio":false,"footnotes":""},"categories":[34,434,639,464,640,212,535,228,389],"tags":[],"class_list":["post-316","post","type-post","status-publish","format-standard","hentry","category-diciembre","category-el-toral","category-hortus-musarum","category-iglesia-parroquial","category-la-ventanica","category-museo-de-la-falla","category-nordeste","category-pena-del-castillo","category-senalizacion"],"_links":{"self":[{"href":"https:\/\/juzbado.es\/nuevaweb\/wp-json\/wp\/v2\/posts\/316","targetHints":{"allow":["GET"]}}],"collection":[{"href":"https:\/\/juzbado.es\/nuevaweb\/wp-json\/wp\/v2\/posts"}],"about":[{"href":"https:\/\/juzbado.es\/nuevaweb\/wp-json\/wp\/v2\/types\/post"}],"author":[{"embeddable":true,"href":"https:\/\/juzbado.es\/nuevaweb\/wp-json\/wp\/v2\/users\/2"}],"replies":[{"embeddable":true,"href":"https:\/\/juzbado.es\/nuevaweb\/wp-json\/wp\/v2\/comments?post=316"}],"version-history":[{"count":0,"href":"https:\/\/juzbado.es\/nuevaweb\/wp-json\/wp\/v2\/posts\/316\/revisions"}],"wp:attachment":[{"href":"https:\/\/juzbado.es\/nuevaweb\/wp-json\/wp\/v2\/media?parent=316"}],"wp:term":[{"taxonomy":"category","embeddable":true,"href":"https:\/\/juzbado.es\/nuevaweb\/wp-json\/wp\/v2\/categories?post=316"},{"taxonomy":"post_tag","embeddable":true,"href":"https:\/\/juzbado.es\/nuevaweb\/wp-json\/wp\/v2\/tags?post=316"}],"curies":[{"name":"wp","href":"https:\/\/api.w.org\/{rel}","templated":true}]}}