{"id":317,"date":"2020-11-19T15:23:00","date_gmt":"2020-11-19T14:23:00","guid":{"rendered":"http:\/\/juzbado.es\/nuevaweb\/2020\/11\/19\/la-biblioteca-municipal-de-juzbado-reconocida-por-el-ministerio-de-cultura-y-deporte\/"},"modified":"2020-11-19T15:23:00","modified_gmt":"2020-11-19T14:23:00","slug":"la-biblioteca-municipal-de-juzbado-reconocida-por-el-ministerio-de-cultura-y-deporte","status":"publish","type":"post","link":"https:\/\/juzbado.es\/nuevaweb\/2020\/11\/19\/la-biblioteca-municipal-de-juzbado-reconocida-por-el-ministerio-de-cultura-y-deporte\/","title":{"rendered":"LA BIBLIOTECA MUNICIPAL DE JUZBADO RECONOCIDA POR EL MINISTERIO DE CULTURA Y DEPORTE"},"content":{"rendered":"<p style=\"text-align: justify;\"><span style=\"font-family: arial;\"><span style=\"font-size: medium;\">La biblioteca Municipal de<br \/>\nJuzbado ha recibido el reconocimiento del Ministerio de Cultura y Deporte por<br \/>\nsu proyecto \u201cJuzbado Libro Abierto\u201d.<span>&nbsp; <\/span>Se<br \/>\ntrata de un nuevo respaldo a la estrategia cultural y de promoci\u00f3n de la lectura<br \/>\nque lleva realizando el municipio salmantino desde hace m\u00e1s de 10 a\u00f1os.<span>&nbsp; <\/span>En esta ocasi\u00f3n, el proyecto presentado a<br \/>\nmediados de Agosto de la convocatoria 2020, forma parte de los proyectos<br \/>\ngalardonados de todo el pa\u00eds y ha sido publicados en una resoluci\u00f3n el 16 de<br \/>\nnoviembre por la<span> <\/span><a href=\"http:\/\/www.culturaydeporte.gob.es\/cultura\/libro\/informacion-general\/gestion-en-el-ministerio.html\" target=\"_blank\">Subdirecci\u00f3n General de Promoci\u00f3n del Libro<\/a>. <span>&nbsp;<\/span>El proyecto de<br \/>\nJuzbado, valorado con 66 puntos es uno de los 4 proyectos premiados en nuestra<br \/>\nprovincia, seg\u00fan la <a href=\"http:\/\/www.culturaydeporte.gob.es\/dam\/jcr:a746f65d-e470-4929-bbd5-4be20c94b08a\/report-propuesta-de-resoluci-n-provisional-mar-a-moliner-2020.pdf\" target=\"_blank\">subdirecci\u00f3n<\/a>, destaca a los mejores proyectos de animaci\u00f3n<br \/>\na la lectura dirigidos a todos los vecinos en aquellos municipios de menos de<br \/>\n50.000 habitantes.<\/span><\/span><\/p>\n<p><span style=\"font-family: arial;\"><span style=\"font-size: medium;\"><\/p>\n<p><\/span><\/span><\/p>\n<p style=\"text-align: justify;\"><span style=\"font-family: arial;\"><span style=\"font-size: medium;\">Los premios Mar\u00eda Moliner consisten en un dotaci\u00f3n<br \/>\nde 2.000 \u20ac para la obtenci\u00f3n de un lote de libros. La biblioteca municipal ya<br \/>\nha puesto en marcha un proceso de participaci\u00f3n mediante el cu\u00e1l ser\u00e1n los<br \/>\npropios vecinos los que elaboren la lista de libros para su posterior incorporaci\u00f3n<br \/>\ny pr\u00e9stamo de la biblioteca juzbadina.<span>&nbsp;<br \/>\n<\/span><a href=\"https:\/\/juzbado.blogspot.com\/2016\/11\/la-biblioteca-de-juzbado-premio-maria.html\" target=\"_blank\">El municipio no es la primera vez que recibe este reconocimiento<\/a>.<span>&nbsp; <\/span>La poes\u00eda, la implicaci\u00f3n de los m\u00e1s peque\u00f1os<br \/>\no la alfabetizaci\u00f3n digital forman parte de la se\u00f1a de identidad de la intensa<br \/>\nlabor cultural y participativa que lleva a cabo Juzbado.<\/span><\/span><\/p>\n<p><span style=\"font-family: arial;\"><span style=\"font-size: medium;\"><\/p>\n<p><\/span><\/span><\/p>\n<p style=\"text-align: justify;\"><span style=\"font-family: arial;\"><span style=\"font-size: medium;\">Desde la <a href=\"https:\/\/juzbado.blogspot.com\/p\/biblioteca.html\" target=\"_blank\">biblioteca municipal<\/a> de Juzbado<br \/>\ninsisten en dar la enhorabuena al resto de <span>&nbsp;<\/span>bibliotecas premiadas en nuestra provincia<br \/>\ncomo son las de Monterrubio de la Armu\u00f1a, Villamayor y Santa Marta.<span>&nbsp; <\/span>Asimismo, el municipio destaca la necesidad<br \/>\nde trabajar en red para poner en com\u00fan ideas y buenas pr\u00e1cticas en torno a las<br \/>\nbibliotecas y articular as\u00ed un escenario com\u00fan de promoci\u00f3n de la lectura,<br \/>\nespecialmente entre la poblaci\u00f3n joven de nuestra provincia y en el medio rural.<\/span><\/span><\/p>\n<p style=\"text-align: justify;\"><span style=\"font-family: arial;\"><span style=\"font-size: medium;\"><\/span><\/span><\/p>\n<p><span style=\"font-size: medium;\"><\/span><\/p>\n<table align=\"center\" cellpadding=\"0\" cellspacing=\"0\" style=\"margin-left: auto; margin-right: auto;\">\n<tbody>\n<tr>\n<td style=\"text-align: center;\"><a href=\"https:\/\/blogger.googleusercontent.com\/img\/b\/R29vZ2xl\/AVvXsEjx7Z1Pzf8Y6-tv-ZGA7L8yjKDtYk9XY0STo2udz8yBqQSzlvaVQ1QfPE0U37l7SgIwRSl_9PdWeisrzBfwGPx7WtmOfSaoVGLNhgDK6e3mUed9IAX9Pw91HwRtbAn25v_nkdDh4lw__EA\/s1600\/Juzbado+biblioteca+Municipal+%2528WEB%2529.jpg\" style=\"margin-left: auto; margin-right: auto;\"><img loading=\"lazy\" decoding=\"async\" border=\"0\" data-original-height=\"900\" data-original-width=\"1600\" height=\"361\" src=\"https:\/\/blogger.googleusercontent.com\/img\/b\/R29vZ2xl\/AVvXsEjx7Z1Pzf8Y6-tv-ZGA7L8yjKDtYk9XY0STo2udz8yBqQSzlvaVQ1QfPE0U37l7SgIwRSl_9PdWeisrzBfwGPx7WtmOfSaoVGLNhgDK6e3mUed9IAX9Pw91HwRtbAn25v_nkdDh4lw__EA\/w642-h361\/Juzbado+biblioteca+Municipal+%2528WEB%2529.jpg\" width=\"642\" \/><\/a><\/td>\n<\/tr>\n<tr>\n<td style=\"text-align: center;\">La secci\u00f3n de libro infantil es una de las m\u00e1s abultadas de la biblioteca de Juzbado<\/td>\n<\/tr>\n<\/tbody>\n<\/table>\n<p><\/p>\n","protected":false},"excerpt":{"rendered":"<p>La biblioteca Municipal de Juzbado ha recibido el reconocimiento del Ministerio de Cultura y Deporte por su proyecto \u201cJuzbado Libro Abierto\u201d.&nbsp; Se trata de un nuevo respaldo a la estrategia cultural y de promoci\u00f3n de la lectura que lleva realizando el municipio salmantino desde hace m\u00e1s de 10 a\u00f1os.&nbsp; En esta ocasi\u00f3n, el proyecto presentado [&hellip;]<\/p>\n","protected":false},"author":2,"featured_media":0,"comment_status":"open","ping_status":"open","sticky":false,"template":"","format":"standard","meta":{"saved_in_kubio":false,"footnotes":""},"categories":[24,340,220,82],"tags":[],"class_list":["post-317","post","type-post","status-publish","format-standard","hentry","category-biblioteca","category-juzbado-libro-abierto","category-maria-moliner","category-noviembre"],"_links":{"self":[{"href":"https:\/\/juzbado.es\/nuevaweb\/wp-json\/wp\/v2\/posts\/317","targetHints":{"allow":["GET"]}}],"collection":[{"href":"https:\/\/juzbado.es\/nuevaweb\/wp-json\/wp\/v2\/posts"}],"about":[{"href":"https:\/\/juzbado.es\/nuevaweb\/wp-json\/wp\/v2\/types\/post"}],"author":[{"embeddable":true,"href":"https:\/\/juzbado.es\/nuevaweb\/wp-json\/wp\/v2\/users\/2"}],"replies":[{"embeddable":true,"href":"https:\/\/juzbado.es\/nuevaweb\/wp-json\/wp\/v2\/comments?post=317"}],"version-history":[{"count":0,"href":"https:\/\/juzbado.es\/nuevaweb\/wp-json\/wp\/v2\/posts\/317\/revisions"}],"wp:attachment":[{"href":"https:\/\/juzbado.es\/nuevaweb\/wp-json\/wp\/v2\/media?parent=317"}],"wp:term":[{"taxonomy":"category","embeddable":true,"href":"https:\/\/juzbado.es\/nuevaweb\/wp-json\/wp\/v2\/categories?post=317"},{"taxonomy":"post_tag","embeddable":true,"href":"https:\/\/juzbado.es\/nuevaweb\/wp-json\/wp\/v2\/tags?post=317"}],"curies":[{"name":"wp","href":"https:\/\/api.w.org\/{rel}","templated":true}]}}