{"id":318,"date":"2020-11-13T14:13:00","date_gmt":"2020-11-13T13:13:00","guid":{"rendered":"http:\/\/juzbado.es\/nuevaweb\/2020\/11\/13\/juzbado-aumenta-su-galeria-rural\/"},"modified":"2020-11-13T14:13:00","modified_gmt":"2020-11-13T13:13:00","slug":"juzbado-aumenta-su-galeria-rural","status":"publish","type":"post","link":"https:\/\/juzbado.es\/nuevaweb\/2020\/11\/13\/juzbado-aumenta-su-galeria-rural\/","title":{"rendered":"JUZBADO AUMENTA SU GALER\u00cdA RURAL"},"content":{"rendered":"<div style=\"text-align: justify;\"><span style=\"font-size: medium;\"><span style=\"font-family: arial;\">El municipio de Juzbado ha iniciado el segundo <a href=\"https:\/\/juzbado.blogspot.com\/2018\/10\/10-fotografias-del-certamen-de-muralismo.html\" target=\"_blank\">certamen de muralismo<\/a> que este a\u00f1o acu\u00f1a el nombre de \u201cMural abierto 2020\u201d.<span>&nbsp; <\/span>Se trata de un encuentro de artistas que cada<br \/>\na\u00f1o deja en Juzbado <a href=\"https:\/\/juzbado.blogspot.com\/2018\/10\/5-artistas-dejaran-su-obra-en-las.html\" target=\"_blank\">varios murales de gran formato<\/a> al aire libre para el<br \/>\ndisfrute de los juzbadinos y todos los visitantes que acuden a Juzbado.<span>&nbsp; <\/span>El festival de arte de este a\u00f1o ha sido<br \/>\ndiferente ya que los muralistas no han podido pintar al mismo tiempo. Las<br \/>\ncircunstancias han obligado a la organizaci\u00f3n a escalonar las visitas y, por lo<br \/>\ntanto la inauguraci\u00f3n de las obras con el <a href=\"https:\/\/juzbado.blogspot.com\/2018\/11\/reportaje-sobre-el-certamen-de.html\" target=\"_blank\">tradicional paseo<\/a> de vecinos, amigos<br \/>\ny patrocinadores ser\u00e1 a finales de a\u00f1o.<span>&nbsp;<br \/>\n<\/span>Hasta el momento se han firmado dos obras.&nbsp;<\/span><\/span><\/div>\n<div style=\"text-align: justify;\"><span style=\"font-size: medium;\"><span style=\"font-family: arial;\">&nbsp;<\/span><\/span><\/div>\n<div style=\"text-align: justify;\"><span style=\"font-size: medium;\"><span style=\"font-family: arial;\"><\/span><\/span><span style=\"font-size: medium;\"><span style=\"font-family: arial;\">La primera de ellas a cargo de Ignacio Nevado, alias<br \/>\n<a href=\"https:\/\/www.instagram.com\/ampparito\/\" target=\"_blank\">Ampparito<\/a>, un joven creador y artista pl\u00e1stico con or\u00edgenes en Castilla y Le\u00f3n<br \/>\ny que ha pintado un mural gigante con la imagen de un mapa del tiempo de la<br \/>\npen\u00ednsula ib\u00e9rica.<span>&nbsp; <\/span>La obra, con m\u00e1s de<br \/>\n20 metros de largo y 4 de alto, representa la climatolog\u00eda del d\u00eda 15 de octubre<br \/>\nen la pen\u00ednsula y en los cuatro archipi\u00e9lagos de Espa\u00f1a y Portugal.<span>&nbsp; <\/span>La sorprendente propuesta est\u00e1 vinculada a<br \/>\nuna serie de mapas del tiempo que el artista est\u00e1 realizando en varios puntos<br \/>\ndel planeta como por ejemplo el que realiz\u00f3 en fechas recientes en la ciudad<br \/>\nbalc\u00e1nica de Pristina.<span>&nbsp; <\/span>Es la primera vez<br \/>\nque pinta en la provincia de Salamanca y \u201c<i>se ha sentido reconfortado al formar<br \/>\nparte de la galer\u00eda rural de Juzbado<\/i>\u201d.<\/span><\/span><\/div>\n<div style=\"text-align: justify;\"><span style=\"font-size: medium;\"><span style=\"font-family: arial;\"><\/p>\n<table align=\"center\" cellpadding=\"0\" cellspacing=\"0\" style=\"margin-left: auto; margin-right: auto;\">\n<tbody>\n<tr>\n<td style=\"text-align: center;\"><a href=\"https:\/\/blogger.googleusercontent.com\/img\/b\/R29vZ2xl\/AVvXsEgKuO3OXLe9F_BW5r6NFArZWCGWdxrSejPZkHra78p_baOOrLQSAX97tJ0Py6_okgNaNteNxqdnJGHRS4A-CyrLnfdmw3n1MkLJKc6ZjeNTC1yHMpfOWwhgFsDlg3hdU0YoQVhOonttBLg\/s1600\/ampparito+juzbado+WEB+%2528101%2529+%2528WEB%2529.jpg\" style=\"margin-left: auto; margin-right: auto;\"><img loading=\"lazy\" decoding=\"async\" alt=\"Juzbado, mural, Ampparito\" border=\"0\" data-original-height=\"1067\" data-original-width=\"1600\" height=\"372\" src=\"https:\/\/blogger.googleusercontent.com\/img\/b\/R29vZ2xl\/AVvXsEgKuO3OXLe9F_BW5r6NFArZWCGWdxrSejPZkHra78p_baOOrLQSAX97tJ0Py6_okgNaNteNxqdnJGHRS4A-CyrLnfdmw3n1MkLJKc6ZjeNTC1yHMpfOWwhgFsDlg3hdU0YoQVhOonttBLg\/w559-h372\/ampparito+juzbado+WEB+%2528101%2529+%2528WEB%2529.jpg\" title=\"Juzbado, mural, Ampparito\" width=\"559\" \/><\/a><\/td>\n<\/tr>\n<tr>\n<td style=\"text-align: center;\">Fagmento de la obra de Ampparito en Juzbado (calle R\u00edo Tormes)<\/td>\n<\/tr>\n<\/tbody>\n<\/table>\n<p>&nbsp;<\/span><\/span><\/div>\n<div style=\"text-align: justify;\"><span style=\"font-size: medium;\"><span style=\"font-family: arial;\">La segunda de las obras titulada \u201cButter brik\u201d est\u00e1 ubicada<br \/>\nen lo alto de la plaza de la iglesia y la firma David alias<br \/>\n<a href=\"https:\/\/www.instagram.com\/dadospuntocero\/\" target=\"_blank\">Dadospuntocero<\/a>.<span>&nbsp; <\/span>Se trata de un joven<br \/>\nartista con obras repartidas por Espa\u00f1a y el extranjero que nos propone una<br \/>\nreflexi\u00f3n en torno a la generaci\u00f3n y reciclado de residuos con una clara<br \/>\nsensibilidad medioambiental.<span>&nbsp; <\/span>La mariposa<br \/>\ngigante que corona un pa\u00f1o elevado sobre varios tejados del pueblo no nos deja<br \/>\nindiferentes.<span>&nbsp; <\/span>Seg\u00fan el reputado artista<br \/>\nleon\u00e9s, \u201cJuzbado es un lugar especial para dejar una obra\u201d.<\/span><\/span><\/div>\n<div style=\"text-align: justify;\"><span style=\"font-size: medium;\"><span style=\"font-family: arial;\">&nbsp;<\/p>\n<table align=\"center\" cellpadding=\"0\" cellspacing=\"0\" style=\"margin-left: auto; margin-right: auto;\">\n<tbody>\n<tr>\n<td style=\"text-align: center;\"><a href=\"https:\/\/blogger.googleusercontent.com\/img\/b\/R29vZ2xl\/AVvXsEgGHheeEZZD4Z8Rp1JQUllFeOW2tVMr2XhUkvpsEmpahfZ24Myord5wOqt5BxRvEQzwnamQX-Q3IyMCNFsjO2WBbUfUEW0h8uDN2EYz9Utg-Y1usNL9KbFgXiLzSQVms_-V2I2LpPvkh1s\/s1600\/Dadospuntocero+LR+2020-42+%2528WEB%2529+%2528WEB%2529.jpg\" style=\"margin-left: auto; margin-right: auto;\"><img loading=\"lazy\" decoding=\"async\" alt=\"Juzbado, mural, Dadospuntocero\" border=\"0\" data-original-height=\"1068\" data-original-width=\"1600\" height=\"376\" src=\"https:\/\/blogger.googleusercontent.com\/img\/b\/R29vZ2xl\/AVvXsEgGHheeEZZD4Z8Rp1JQUllFeOW2tVMr2XhUkvpsEmpahfZ24Myord5wOqt5BxRvEQzwnamQX-Q3IyMCNFsjO2WBbUfUEW0h8uDN2EYz9Utg-Y1usNL9KbFgXiLzSQVms_-V2I2LpPvkh1s\/w564-h376\/Dadospuntocero+LR+2020-42+%2528WEB%2529+%2528WEB%2529.jpg\" title=\"Juzbado, mural, Dadospuntocero\" width=\"564\" \/><\/a><\/td>\n<\/tr>\n<tr>\n<td style=\"text-align: center;\">Obra de Dadospuntocero por encima de los tejados de Juzbado<\/td>\n<\/tr>\n<\/tbody>\n<\/table>\n<p><\/span><\/span><\/div>\n<p><span style=\"font-size: medium;\"><span style=\"font-family: arial;\"><\/p>\n<p><\/span><\/span><\/p>\n<p style=\"text-align: justify;\"><span style=\"font-size: medium;\"><span style=\"font-family: arial;\">Estas dos obras preceden a las 2 siguientes intervenciones<br \/>\nprevistas a lo largo del mes de noviembre y que, muy posiblemente, se alarguen<br \/>\nhasta diciembre.<span>&nbsp; Una vez m\u00e1s <\/span>destaca que todos los artistas invitados tienen un s\u00f3lido y prestigioso recorrido art\u00edstico que encaja con el \u00e1nimo de<br \/>\nla galer\u00eda rural al aire libre de Juzbado,&nbsp; estableciendo un claro di\u00e1logo con el mundo<br \/>\nrural y la trayectoria cultural de este municipio.<span>&nbsp; <\/span><span>&nbsp;&nbsp;<\/span><\/span><\/span><\/p>\n<p><span style=\"font-size: medium;\"><span style=\"font-family: arial;\"><\/p>\n<p><\/span><\/span><\/p>\n<p style=\"text-align: justify;\"><span style=\"font-size: medium;\"><span style=\"font-family: arial;\">El festival no ser\u00eda posible sin el apoyo de <a href=\"http:\/\/www.enusa.es\/\" target=\"_blank\">ENUSA Industrias Avanzadas<\/a> que una vez m\u00e1s respalda las acciones culturales del<br \/>\nmunicipio y, en concreto, la celebraci\u00f3n de los encuentros de arte en el medio<br \/>\nrural que vienen desarroll\u00e1ndose desde hace a\u00f1os.<span>&nbsp; <\/span>Tras el inter\u00e9s que viene despertando la<br \/>\ngaler\u00eda de murales del municipio tormesino, este a\u00f1o se incorpora tambi\u00e9n como<br \/>\npatrocinador la <a href=\"http:\/\/www.dipsanet.es\/\" target=\"_blank\">Diputaci\u00f3n de Salamanca<\/a>.<\/span><\/span><\/p>\n<p><span style=\"font-size: medium;\"><span style=\"font-family: arial;\"><\/p>\n<p><\/span><\/span><\/p>\n<p><span style=\"font-size: medium;\"><span style=\"font-family: arial;\">Breve rese\u00f1a de los autores: <\/span><\/span><\/p>\n<p><span style=\"font-size: medium;\"><span style=\"font-family: arial;\"><\/p>\n<p><\/span><\/span><\/p>\n<p style=\"text-align: justify;\"><span style=\"font-size: medium;\"><span style=\"font-family: arial;\"><b>AMPPARITO:<\/b> Su<br \/>\napuesta por la intervenci\u00f3n art\u00edstica en el mundo rural con obras repartidas<br \/>\npor la provincia de Valladolid y Burgos la combina con la creaci\u00f3n escult\u00f3rica,<br \/>\naudiovisual y arte performance en galer\u00edas de Espa\u00f1a y el extranjero. Ha<br \/>\nexpuesto en ferias de arte de Suiza, Noruega o Francia con obras repartidas por<br \/>\nciudades europeas como Cambridge, Mil\u00e1n o Madrid.<span>&nbsp; <\/span>Llama la atenci\u00f3n la creatividad mostrada con<br \/>\nsus obras a la hora de reinventar espacios y generar reflexiones en \u00e1mbitos tan<br \/>\ndispares como la Tierra de Campos o en salas expositivas experimentales o ciudades<br \/>\nque desean resignificar sus escenarios urbanos.<\/span><\/span><\/p>\n<p><span style=\"font-size: medium;\"><span style=\"font-family: arial;\"><\/p>\n<p><\/span><\/span><\/p>\n<p><span style=\"font-size: medium;\"><span style=\"font-family: arial;\">M\u00e1s informaci\u00f3n en: <a href=\"https:\/\/www.instagram.com\/ampparito\/\" target=\"_blank\">https:\/\/www.instagram.com\/ampparito\/<\/a><\/span><\/span><\/p>\n<p><span style=\"font-size: medium;\"><span style=\"font-family: arial;\"><\/p>\n<p><\/span><\/span><\/p>\n<p style=\"text-align: justify;\"><span style=\"font-size: medium;\"><span style=\"font-family: arial;\"><b>DADOSPUNTOCERO:<\/b><br \/>\nafincado en Le\u00f3n traza con sus obras de gran formato una l\u00ednea argumental llena<br \/>\nde sensibilidad social y medioambiental.<span>&nbsp;<br \/>\n<\/span>Su compromiso con variadas y nobles causas le ha llevado a pintar en<br \/>\nHolanda, Rusia y Turqu\u00eda donde retrata objetos imposibles, animales y<br \/>\npersonas.<span>&nbsp; <\/span>En los \u00faltimos tiempos ha<br \/>\ndenunciado la necesidad de limpiar nuestros oc\u00e9anos con la creaci\u00f3n de grandes obras<br \/>\nmurales de animales envueltos en pl\u00e1stico.<span>&nbsp;<br \/>\n<\/span>Su nueva obra en Juzbado es la primera en la provincia <span>&nbsp;<\/span>de Salamanca y representa a una mariposa hecha<br \/>\ncon un tetrabrik con un realismo que llama la atenci\u00f3n. <span>&nbsp;<\/span><\/span><\/span><\/p>\n<p><span style=\"font-size: medium;\"><span style=\"font-family: arial;\"><\/p>\n<p><\/span><\/span><\/p>\n<p><span style=\"font-size: medium;\"><span style=\"font-family: arial;\">M\u00e1s informaci\u00f3n en: <a href=\"https:\/\/www.instagram.com\/dadospuntocero\/\">https:\/\/www.instagram.com\/dadospuntocero\/<\/a><\/span><\/span><\/p>\n","protected":false},"excerpt":{"rendered":"<p>El municipio de Juzbado ha iniciado el segundo certamen de muralismo que este a\u00f1o acu\u00f1a el nombre de \u201cMural abierto 2020\u201d.&nbsp; Se trata de un encuentro de artistas que cada a\u00f1o deja en Juzbado varios murales de gran formato al aire libre para el disfrute de los juzbadinos y todos los visitantes que acuden a [&hellip;]<\/p>\n","protected":false},"author":2,"featured_media":0,"comment_status":"open","ping_status":"open","sticky":false,"template":"","format":"standard","meta":{"saved_in_kubio":false,"footnotes":""},"categories":[643,355,357,642,641,113,208,82],"tags":[],"class_list":["post-318","post","type-post","status-publish","format-standard","hentry","category-ampparito","category-arte","category-arte-rural","category-dadospuntocero","category-galeria-rural","category-juzbado","category-mural","category-noviembre"],"_links":{"self":[{"href":"https:\/\/juzbado.es\/nuevaweb\/wp-json\/wp\/v2\/posts\/318","targetHints":{"allow":["GET"]}}],"collection":[{"href":"https:\/\/juzbado.es\/nuevaweb\/wp-json\/wp\/v2\/posts"}],"about":[{"href":"https:\/\/juzbado.es\/nuevaweb\/wp-json\/wp\/v2\/types\/post"}],"author":[{"embeddable":true,"href":"https:\/\/juzbado.es\/nuevaweb\/wp-json\/wp\/v2\/users\/2"}],"replies":[{"embeddable":true,"href":"https:\/\/juzbado.es\/nuevaweb\/wp-json\/wp\/v2\/comments?post=318"}],"version-history":[{"count":0,"href":"https:\/\/juzbado.es\/nuevaweb\/wp-json\/wp\/v2\/posts\/318\/revisions"}],"wp:attachment":[{"href":"https:\/\/juzbado.es\/nuevaweb\/wp-json\/wp\/v2\/media?parent=318"}],"wp:term":[{"taxonomy":"category","embeddable":true,"href":"https:\/\/juzbado.es\/nuevaweb\/wp-json\/wp\/v2\/categories?post=318"},{"taxonomy":"post_tag","embeddable":true,"href":"https:\/\/juzbado.es\/nuevaweb\/wp-json\/wp\/v2\/tags?post=318"}],"curies":[{"name":"wp","href":"https:\/\/api.w.org\/{rel}","templated":true}]}}