{"id":32,"date":"2024-10-04T16:04:00","date_gmt":"2024-10-04T14:04:00","guid":{"rendered":"http:\/\/juzbado.es\/nuevaweb\/2024\/10\/04\/20-vecinos-20-fotos\/"},"modified":"2024-10-04T16:04:00","modified_gmt":"2024-10-04T14:04:00","slug":"20-vecinos-20-fotos","status":"publish","type":"post","link":"https:\/\/juzbado.es\/nuevaweb\/2024\/10\/04\/20-vecinos-20-fotos\/","title":{"rendered":"20 VECINOS 20 FOTOS"},"content":{"rendered":"<p style=\"text-align: justify;\"><span dir=\"auto\"><span style=\"font-family: arial; font-size: medium;\">El pasado 29 y 30 de septiembre tuvimos ocasi\u00f3n de exponer en los exteriores del <span><a href=\"https:\/\/www.facebook.com\/museodelafalla?__cft__%5B0%5D=AZWx03OYeUc66ciXm9_twlpszoFxlwBQ1DMW_-qrUmCGC2lJTg42GG-xtCdScbgCo7ZVJRjBeegWLzy154sSGUTSvM3dTRaJCb53u8glnNcPtX1oFpf7U_qsdqctuGeT8pS_ce4VhKot7tJ3rbWOu7l7&amp;__tn__=-%5DK-R\" role=\"link\" tabindex=\"0\"><span><span>Museo de la Falla de Juzbado<\/span><\/span><\/a><\/span><br \/>\n la colecci\u00f3n de fotograf\u00edas del laboratorio fotogr\u00e1fico de Juzbado.  La<br \/>\n muestra recogi\u00f3 una selecci\u00f3n de 20 fotograf\u00edas realizadas por 20<br \/>\nvecinos de Juzbado.  Queremos recordar aqu\u00ed a las 20 personas que<br \/>\nformaron parte de la exposici\u00f3n y, por su puesto, mostrar sus<br \/>\nfotograf\u00edas. Todas ellas realizadas en Juzbado. Son: Natividad Calvo,<br \/>\nJoaqu\u00edn Fag\u00fandez, Pilar Recio, Ana <span><\/span>I.<br \/>\n Gonz\u00e1lez, Isabel y Paco, J\u00f3se L. Santiago,  Vicente y Deli, Lourdes<br \/>\nGarc\u00eda, M\u00aa Carmen P\u00e9rez, Javi Pilo, Andr\u00e9s Fag\u00fandez, Jes\u00fas Gonz\u00e1lez<br \/>\nBautista, To\u00f1o Borrego, Curro, Carmen Corral, Teresa Petisco, Fernando<br \/>\nRubio, Joaquina Recio, Carmen Nieto y Daniel Pilo. Enhorabuena todos<br \/>\nellos.<\/span><\/span><\/p>\n<p style=\"text-align: justify;\"><span dir=\"auto\"><span style=\"font-family: arial; font-size: medium;\"><\/span><\/span><\/p>\n<div style=\"clear: both; text-align: center;\"><span style=\"font-family: arial; font-size: medium;\"><a href=\"https:\/\/blogger.googleusercontent.com\/img\/b\/R29vZ2xl\/AVvXsEjc80weR5zpM42v44aoo9YDq57l3whonkPvGFE7PwMxSxIU21oOKR2-GPxbAdBK3JWQn7opNNeZSR6up2ZrOkFNrQp0weaeHQ6t8HXbQNkuDfWzL4hJOm4WuoKHeGbZn9uzeZsgygN_908zYr1NXeSbZtGqdjj5fJmmdcDkQm8b09v9uO80U1Zmrz_Am-Q\/s2480\/EXPOSICI%C3%93N%20FOTOGRAF%C3%8DASfiestas%20san%20miguell%202024.jpg\" style=\"margin-left: 1em; margin-right: 1em;\"><img loading=\"lazy\" decoding=\"async\" alt=\"Juzbado, fotolab, septiembre, vecinos, fotos de Juzbado 2024\" border=\"0\" data-original-height=\"2480\" data-original-width=\"2480\" height=\"640\" src=\"https:\/\/blogger.googleusercontent.com\/img\/b\/R29vZ2xl\/AVvXsEjc80weR5zpM42v44aoo9YDq57l3whonkPvGFE7PwMxSxIU21oOKR2-GPxbAdBK3JWQn7opNNeZSR6up2ZrOkFNrQp0weaeHQ6t8HXbQNkuDfWzL4hJOm4WuoKHeGbZn9uzeZsgygN_908zYr1NXeSbZtGqdjj5fJmmdcDkQm8b09v9uO80U1Zmrz_Am-Q\/w640-h640\/EXPOSICI%C3%93N%20FOTOGRAF%C3%8DASfiestas%20san%20miguell%202024.jpg\" title=\"Juzbado, fotolab, septiembre, vecinos, fotos de Juzbado 2024\" width=\"640\" \/><\/a><\/span><\/div>\n<p><span style=\"font-family: arial; font-size: medium;\"><br \/>&nbsp;<\/span><\/p>\n","protected":false},"excerpt":{"rendered":"<p>El pasado 29 y 30 de septiembre tuvimos ocasi\u00f3n de exponer en los exteriores del Museo de la Falla de Juzbado la colecci\u00f3n de fotograf\u00edas del laboratorio fotogr\u00e1fico de Juzbado. La muestra recogi\u00f3 una selecci\u00f3n de 20 fotograf\u00edas realizadas por 20 vecinos de Juzbado. Queremos recordar aqu\u00ed a las 20 personas que formaron parte de [&hellip;]<\/p>\n","protected":false},"author":2,"featured_media":0,"comment_status":"open","ping_status":"open","sticky":false,"template":"","format":"standard","meta":{"saved_in_kubio":false,"footnotes":""},"categories":[106,107,108],"tags":[],"class_list":["post-32","post","type-post","status-publish","format-standard","hentry","category-fotolab","category-n","category-septiembre"],"_links":{"self":[{"href":"https:\/\/juzbado.es\/nuevaweb\/wp-json\/wp\/v2\/posts\/32","targetHints":{"allow":["GET"]}}],"collection":[{"href":"https:\/\/juzbado.es\/nuevaweb\/wp-json\/wp\/v2\/posts"}],"about":[{"href":"https:\/\/juzbado.es\/nuevaweb\/wp-json\/wp\/v2\/types\/post"}],"author":[{"embeddable":true,"href":"https:\/\/juzbado.es\/nuevaweb\/wp-json\/wp\/v2\/users\/2"}],"replies":[{"embeddable":true,"href":"https:\/\/juzbado.es\/nuevaweb\/wp-json\/wp\/v2\/comments?post=32"}],"version-history":[{"count":0,"href":"https:\/\/juzbado.es\/nuevaweb\/wp-json\/wp\/v2\/posts\/32\/revisions"}],"wp:attachment":[{"href":"https:\/\/juzbado.es\/nuevaweb\/wp-json\/wp\/v2\/media?parent=32"}],"wp:term":[{"taxonomy":"category","embeddable":true,"href":"https:\/\/juzbado.es\/nuevaweb\/wp-json\/wp\/v2\/categories?post=32"},{"taxonomy":"post_tag","embeddable":true,"href":"https:\/\/juzbado.es\/nuevaweb\/wp-json\/wp\/v2\/tags?post=32"}],"curies":[{"name":"wp","href":"https:\/\/api.w.org\/{rel}","templated":true}]}}