{"id":320,"date":"2020-11-03T15:01:00","date_gmt":"2020-11-03T14:01:00","guid":{"rendered":"http:\/\/juzbado.es\/nuevaweb\/2020\/11\/03\/una-nueva-obra-que-nos-retrata\/"},"modified":"2020-11-03T15:01:00","modified_gmt":"2020-11-03T14:01:00","slug":"una-nueva-obra-que-nos-retrata","status":"publish","type":"post","link":"https:\/\/juzbado.es\/nuevaweb\/2020\/11\/03\/una-nueva-obra-que-nos-retrata\/","title":{"rendered":"UNA NUEVA OBRA QUE NOS RETRATA"},"content":{"rendered":"<p style=\"text-align: justify;\"><span style=\"font-family: arial; font-size: medium;\"><span><span dir=\"auto\">Las<br \/>\n conversaciones sobre el tiempo son, si cabe, a\u00fan m\u00e1s relevantes en el<br \/>\nmundo rural.  Todas las cosechas dependen del devenir climatol\u00f3gico.  &nbsp; En cualquier conversaci\u00f3n se entremezcla el clima como un asunto vertebrador de la interacci\u00f3n social en el seno de comunidades<br \/>\ncomo la nuestra.&nbsp;&nbsp;<\/span><\/span><\/span><\/p>\n<p style=\"text-align: justify;\"><span style=\"font-family: arial; font-size: medium;\"><span><span dir=\"auto\">Tambi\u00e9n es \u2013el tiempo- una met\u00e1fora de la vida: el tiempo pasa&#8230;. Adem\u00e1s, podemos<br \/>\ninteractuar, todos podemos ser hombres y mujeres del tiempo, no hay m\u00e1s<br \/>\nque encuadrar bien la foto.&nbsp;<\/span><\/span><\/span><\/p>\n<p style=\"text-align: justify;\"><span style=\"font-family: arial; font-size: medium;\"><span><span dir=\"auto\">Nuestro mapa del tiempo es, adem\u00e1s,<br \/>\nib\u00e9rico, incluye a Portugal y a las respectivas islas (Canarias,<br \/>\nBaleares, Madeira y Azores).  \u00a1Nunca lo hab\u00edamos visto antes en un mapa<br \/>\ndel tiempo!  El tiempo que hizo el 15 de octubre de 2020 siempre lo<br \/>\nrecordaremos en Juzbado: es gracias a que el autor pint\u00f3 lo que aquel<br \/>\nd\u00eda informaron las agencias climatol\u00f3gicas de Espa\u00f1a y Portugal.&nbsp;<\/span><\/span><\/span><\/p>\n<p style=\"text-align: justify;\"><span style=\"font-family: arial; font-size: medium;\"><span><span dir=\"auto\">Nuestra obra formar\u00e1 parte de una serie de mapas del tiempo que el autor<br \/>\n est\u00e1 pintando por medio mundo.  Este mural de Juzbado ya est\u00e1 unido al<br \/>\nprimero de la serie firmado nada m\u00e1s y nada menos que en <a href=\"https:\/\/www.instagram.com\/p\/CGhJ54lDApB\/\" target=\"_blank\">Pristina (Kosovo)<\/a>.  Bueno, pues esto y m\u00e1s es lo que encierra la nueva obra del joven y prolijo artista <span><a href=\"https:\/\/www.facebook.com\/hashtag\/ampparito?__eep__=6&amp;__cft__%5B0%5D=AZUzz-PAf_bt4aJ64adV2gVHLQle1VshbmA9wZNG-WRi3gtoKb8xCN-W_AdchCQAsJ8gu28LukqiqllhbZwiKnd-8l2Cdmt3I_X5CvMO3qsBopkwvm4IaGotnU7LA-xjv-GhrFPZ51LnQcRmsh7p-VkCUvbZr2NYQJEk7w-tqjWceJgVa2OY9sfPFBiwO3XuEOM&amp;__tn__=*NK-R\" role=\"link\" tabindex=\"0\">Ampparito<\/a><\/span> en Juzbado.&nbsp;<\/span><\/span><\/span><\/p>\n<p style=\"text-align: justify;\"><span style=\"font-family: arial; font-size: medium;\"><span><span dir=\"auto\">En el <a href=\"http:\/\/colectivokhora.es\/undecimo-programa-mayores-enredads-en-la-radio-especial-pueblos-en-las-ondas-no-11\/\" target=\"_blank\">\u00faltimo programa de Pueblos en las ondas<\/a> (n\u00ba 11) se publica una interesante entrevista al autor tras su visita a Juzbado. Os invitamos a oirla.&nbsp;<\/span><\/span><\/span><\/p>\n<p style=\"text-align: justify;\"><span style=\"font-family: arial;\"><span style=\"font-size: large;\"><\/span><\/span><\/p>\n<table align=\"center\" cellpadding=\"0\" cellspacing=\"0\" style=\"margin-left: auto; margin-right: auto;\">\n<tbody>\n<tr>\n<td style=\"text-align: center;\"><a href=\"https:\/\/blogger.googleusercontent.com\/img\/b\/R29vZ2xl\/AVvXsEjCbGZipZCIb_XC3VfMdBnF6d8Q-26d7zvcaoWg1PLixi_UfYDZfpsj0eP1dRy5OgyHfLjA-A6S0eOslNSobEHB_ooVgcsuXR68f8azSkZT1yOYeimQWhrv3xozrcdm28E0Itmd27_ZoP0\/s2048\/ampparito+juzbado+snapseed+%25282%2529.jpeg\" style=\"margin-left: auto; margin-right: auto;\"><img loading=\"lazy\" decoding=\"async\" alt=\"Ampparito\" border=\"0\" data-original-height=\"1364\" data-original-width=\"2048\" height=\"426\" src=\"https:\/\/blogger.googleusercontent.com\/img\/b\/R29vZ2xl\/AVvXsEjCbGZipZCIb_XC3VfMdBnF6d8Q-26d7zvcaoWg1PLixi_UfYDZfpsj0eP1dRy5OgyHfLjA-A6S0eOslNSobEHB_ooVgcsuXR68f8azSkZT1yOYeimQWhrv3xozrcdm28E0Itmd27_ZoP0\/w640-h426\/ampparito+juzbado+snapseed+%25282%2529.jpeg\" title=\"Juzbado ampparito\" width=\"640\" \/><\/a><\/td>\n<\/tr>\n<tr>\n<td style=\"text-align: center;\"><span style=\"font-family: arial;\">Vista parcial de la obra de Ampparito en Juzbado (Calle R\u00edo Tormes 9)<\/span><\/td>\n<\/tr>\n<\/tbody>\n<\/table>\n<p><span style=\"font-family: arial;\"><span style=\"font-size: large;\"><br \/><span dir=\"auto\"><br \/><\/span><\/span><\/span><\/p>\n","protected":false},"excerpt":{"rendered":"<p>Las conversaciones sobre el tiempo son, si cabe, a\u00fan m\u00e1s relevantes en el mundo rural. Todas las cosechas dependen del devenir climatol\u00f3gico. &nbsp; En cualquier conversaci\u00f3n se entremezcla el clima como un asunto vertebrador de la interacci\u00f3n social en el seno de comunidades como la nuestra.&nbsp;&nbsp; Tambi\u00e9n es \u2013el tiempo- una met\u00e1fora de la vida: [&hellip;]<\/p>\n","protected":false},"author":2,"featured_media":0,"comment_status":"open","ping_status":"open","sticky":false,"template":"","format":"standard","meta":{"saved_in_kubio":false,"footnotes":""},"categories":[1],"tags":[],"class_list":["post-320","post","type-post","status-publish","format-standard","hentry","category-sin-categoria"],"_links":{"self":[{"href":"https:\/\/juzbado.es\/nuevaweb\/wp-json\/wp\/v2\/posts\/320","targetHints":{"allow":["GET"]}}],"collection":[{"href":"https:\/\/juzbado.es\/nuevaweb\/wp-json\/wp\/v2\/posts"}],"about":[{"href":"https:\/\/juzbado.es\/nuevaweb\/wp-json\/wp\/v2\/types\/post"}],"author":[{"embeddable":true,"href":"https:\/\/juzbado.es\/nuevaweb\/wp-json\/wp\/v2\/users\/2"}],"replies":[{"embeddable":true,"href":"https:\/\/juzbado.es\/nuevaweb\/wp-json\/wp\/v2\/comments?post=320"}],"version-history":[{"count":0,"href":"https:\/\/juzbado.es\/nuevaweb\/wp-json\/wp\/v2\/posts\/320\/revisions"}],"wp:attachment":[{"href":"https:\/\/juzbado.es\/nuevaweb\/wp-json\/wp\/v2\/media?parent=320"}],"wp:term":[{"taxonomy":"category","embeddable":true,"href":"https:\/\/juzbado.es\/nuevaweb\/wp-json\/wp\/v2\/categories?post=320"},{"taxonomy":"post_tag","embeddable":true,"href":"https:\/\/juzbado.es\/nuevaweb\/wp-json\/wp\/v2\/tags?post=320"}],"curies":[{"name":"wp","href":"https:\/\/api.w.org\/{rel}","templated":true}]}}