{"id":333,"date":"2020-07-27T12:44:00","date_gmt":"2020-07-27T10:44:00","guid":{"rendered":"http:\/\/juzbado.es\/nuevaweb\/2020\/07\/27\/vii-descenso-en-piragua\/"},"modified":"2020-07-27T12:44:00","modified_gmt":"2020-07-27T10:44:00","slug":"vii-descenso-en-piragua","status":"publish","type":"post","link":"https:\/\/juzbado.es\/nuevaweb\/2020\/07\/27\/vii-descenso-en-piragua\/","title":{"rendered":"VII DESCENSO EN PIRAGUA"},"content":{"rendered":"<div data-ft=\"{&quot;tn&quot;:&quot;K&quot;}\" data-testid=\"post_message\" style=\"text-align: justify;\">\n<p><span style=\"font-family: &quot;arial&quot;;\">Hoy<br \/>\n se abre el plazo para participar en el VII Descenso en Piraguas del<br \/>\nTormes.  Ser\u00e1 el pr\u00f3ximo domingo 2 de agosto y, <a href=\"https:\/\/juzbado.blogspot.com\/2019\/07\/el-tormes-en-piragua-por-sexto-ano.html\" target=\"_blank\">como es tradicional<\/a>, se<br \/>\nproponen dos turnos. Uno para los m\u00e1s madrugadores a las 10:00 h. y otro<br \/>\n para los que quieran chapotear m\u00e1s distendidamente a las 12:00 h.  El<br \/>\ndescenso se realiza en un tramo a\u00fan por estudiar ya que la navegabilidad<br \/>\n del Tormes en estas \u00e9pocas es delicada por falta de caudal.<\/span><\/p>\n<p><span style=\"font-family: &quot;arial&quot;;\"> El<br \/>\ndescenso est\u00e1 dirigido por una empresa acreditada y el precio por<br \/>\npersona (10 \u20ac, actividad patrocinada) incluye instrucciones previas, seguro de accidentes,<br \/>\nchaleco y acompa\u00f1amiento tutelado a lo largo de todo el descenso por<br \/>\nmonitores especializados.  La manera de inscribirse es presencial en la<br \/>\nOficina de Desarrollo Local de Juzbado hoy lunes y ma\u00f1ana martes entre<br \/>\nlas 10:00 h. y las 14:00 h.<\/span><\/p>\n<p><span style=\"color: red;\"><a href=\"https:\/\/www.facebook.com\/pg\/juzbado\/photos\/?tab=album&amp;album_id=3498215990191114\" target=\"_blank\"><span style=\"color: red;\"><span style=\"font-family: &quot;arial&quot;;\"><span style=\"font-family: &quot;arial&quot;;\">Galer\u00eda de fotograf\u00edas del VII Descenso<\/span><\/span><\/span><\/a><\/span><\/p>\n<\/p>\n<div style=\"clear: both; text-align: center;\"><a href=\"https:\/\/blogger.googleusercontent.com\/img\/b\/R29vZ2xl\/AVvXsEg7WVHprHhgDz95pS0Nfbs9gTnere863h4ko76u_bLuIW0S7q5Ud3tQOSNGhXYxB9OlFvsUHGPgrdYuA117xCkzymQ80fXtIpwC0yJppOW5moYISlb04V0pG-xZEd4NlrskbjVXm7WUflk\/s2048\/cartel+piraguas+2020+VII+descenso.jpg\" style=\"margin-left: 1em; margin-right: 1em;\"><img loading=\"lazy\" decoding=\"async\" alt=\"Juzbado, descenso piragua, 2020, verano\" border=\"0\" data-original-height=\"2048\" data-original-width=\"1448\" height=\"781\" src=\"https:\/\/blogger.googleusercontent.com\/img\/b\/R29vZ2xl\/AVvXsEg7WVHprHhgDz95pS0Nfbs9gTnere863h4ko76u_bLuIW0S7q5Ud3tQOSNGhXYxB9OlFvsUHGPgrdYuA117xCkzymQ80fXtIpwC0yJppOW5moYISlb04V0pG-xZEd4NlrskbjVXm7WUflk\/w554-h781\/cartel+piraguas+2020+VII+descenso.jpg\" title=\"Juzbado, descenso piragua, 2020, verano\" width=\"554\" \/><\/a><\/div>\n<p><span style=\"font-family: &quot;arial&quot;;\"><br \/><\/span><\/p>\n<\/div>\n","protected":false},"excerpt":{"rendered":"<p>Hoy se abre el plazo para participar en el VII Descenso en Piraguas del Tormes. Ser\u00e1 el pr\u00f3ximo domingo 2 de agosto y, como es tradicional, se proponen dos turnos. Uno para los m\u00e1s madrugadores a las 10:00 h. y otro para los que quieran chapotear m\u00e1s distendidamente a las 12:00 h. El descenso se [&hellip;]<\/p>\n","protected":false},"author":2,"featured_media":0,"comment_status":"open","ping_status":"open","sticky":false,"template":"","format":"standard","meta":{"saved_in_kubio":false,"footnotes":""},"categories":[232,138,139],"tags":[],"class_list":["post-333","post","type-post","status-publish","format-standard","hentry","category-almenara-de-tormes","category-piraguas","category-verano"],"_links":{"self":[{"href":"https:\/\/juzbado.es\/nuevaweb\/wp-json\/wp\/v2\/posts\/333","targetHints":{"allow":["GET"]}}],"collection":[{"href":"https:\/\/juzbado.es\/nuevaweb\/wp-json\/wp\/v2\/posts"}],"about":[{"href":"https:\/\/juzbado.es\/nuevaweb\/wp-json\/wp\/v2\/types\/post"}],"author":[{"embeddable":true,"href":"https:\/\/juzbado.es\/nuevaweb\/wp-json\/wp\/v2\/users\/2"}],"replies":[{"embeddable":true,"href":"https:\/\/juzbado.es\/nuevaweb\/wp-json\/wp\/v2\/comments?post=333"}],"version-history":[{"count":0,"href":"https:\/\/juzbado.es\/nuevaweb\/wp-json\/wp\/v2\/posts\/333\/revisions"}],"wp:attachment":[{"href":"https:\/\/juzbado.es\/nuevaweb\/wp-json\/wp\/v2\/media?parent=333"}],"wp:term":[{"taxonomy":"category","embeddable":true,"href":"https:\/\/juzbado.es\/nuevaweb\/wp-json\/wp\/v2\/categories?post=333"},{"taxonomy":"post_tag","embeddable":true,"href":"https:\/\/juzbado.es\/nuevaweb\/wp-json\/wp\/v2\/tags?post=333"}],"curies":[{"name":"wp","href":"https:\/\/api.w.org\/{rel}","templated":true}]}}