{"id":344,"date":"2020-05-25T09:59:00","date_gmt":"2020-05-25T07:59:00","guid":{"rendered":"http:\/\/juzbado.es\/nuevaweb\/2020\/05\/25\/juzbado-esta-en-fase-1\/"},"modified":"2020-05-25T09:59:00","modified_gmt":"2020-05-25T07:59:00","slug":"juzbado-esta-en-fase-1","status":"publish","type":"post","link":"https:\/\/juzbado.es\/nuevaweb\/2020\/05\/25\/juzbado-esta-en-fase-1\/","title":{"rendered":"JUZBADO EST\u00c1 EN FASE 1"},"content":{"rendered":"<div style=\"text-align: justify;\">\n<span style=\"font-size: large;\"><span style=\"font-family: &quot;arial&quot; , &quot;helvetica&quot; , sans-serif;\">El Bolet\u00edn Oficial del Estado del pasado s\u00e1bado 23 de mayo de 2020, publica las Unidades Territoriales que pasan a la Fase 1.&nbsp; En Castilla y Le\u00f3n se abandona la fase 0 definitivamente.&nbsp; <span data-offset-key=\"2lfic-0-0\"><span data-text=\"true\">El municipio de <\/span><\/span><span data-offset-key=\"2lfic-1-0\"><span data-text=\"true\">Juzbado<\/span><\/span><span data-offset-key=\"2lfic-2-0\"><span data-text=\"true\"> (Salamanca) est\u00e1 por lo tanto ya en fase 1.  Os recordamos algunas indicaciones importantes para el desarrollo de vuestras actividades durante este nuevo periodo que se nos presenta en el lento pero seguro camino hacia la desescalada final.<\/span><\/span><\/span><\/span><\/div>\n<div style=\"text-align: justify;\">\n<\/div>\n<div style=\"clear: both; text-align: center;\">\n<a href=\"https:\/\/blogger.googleusercontent.com\/img\/b\/R29vZ2xl\/AVvXsEjGd0mfvhWnuhHpmaR1Ao-FMPvjb_OIZkBfRrN8u00-I04P1YeBNJbN9rCSHxi9Qrhgdz9p2zNVfO2anDcwr47srR6RJfqQ9cO-IRnZDsorL_5_X01mrFixQl3flfM6tG3br7eQJmQuGw4\/s1600\/cartel+fase+1+Juzbado.jpg\" style=\"margin-left: 1em; margin-right: 1em;\"><img loading=\"lazy\" decoding=\"async\" alt=\"Juzbado, fase 1, coronavirus\" border=\"0\" data-original-height=\"1132\" data-original-width=\"1600\" height=\"452\" src=\"https:\/\/blogger.googleusercontent.com\/img\/b\/R29vZ2xl\/AVvXsEjGd0mfvhWnuhHpmaR1Ao-FMPvjb_OIZkBfRrN8u00-I04P1YeBNJbN9rCSHxi9Qrhgdz9p2zNVfO2anDcwr47srR6RJfqQ9cO-IRnZDsorL_5_X01mrFixQl3flfM6tG3br7eQJmQuGw4\/s640\/cartel+fase+1+Juzbado.jpg\" title=\"Juzbado, fase 1, coronavirus\" width=\"640\" \/><\/a><\/div>\n<div style=\"text-align: justify;\">\n<\/div>\n","protected":false},"excerpt":{"rendered":"<p>El Bolet\u00edn Oficial del Estado del pasado s\u00e1bado 23 de mayo de 2020, publica las Unidades Territoriales que pasan a la Fase 1.&nbsp; En Castilla y Le\u00f3n se abandona la fase 0 definitivamente.&nbsp; El municipio de Juzbado (Salamanca) est\u00e1 por lo tanto ya en fase 1. Os recordamos algunas indicaciones importantes para el desarrollo de [&hellip;]<\/p>\n","protected":false},"author":2,"featured_media":0,"comment_status":"open","ping_status":"open","sticky":false,"template":"","format":"standard","meta":{"saved_in_kubio":false,"footnotes":""},"categories":[647],"tags":[],"class_list":["post-344","post","type-post","status-publish","format-standard","hentry","category-coronavirus"],"_links":{"self":[{"href":"https:\/\/juzbado.es\/nuevaweb\/wp-json\/wp\/v2\/posts\/344","targetHints":{"allow":["GET"]}}],"collection":[{"href":"https:\/\/juzbado.es\/nuevaweb\/wp-json\/wp\/v2\/posts"}],"about":[{"href":"https:\/\/juzbado.es\/nuevaweb\/wp-json\/wp\/v2\/types\/post"}],"author":[{"embeddable":true,"href":"https:\/\/juzbado.es\/nuevaweb\/wp-json\/wp\/v2\/users\/2"}],"replies":[{"embeddable":true,"href":"https:\/\/juzbado.es\/nuevaweb\/wp-json\/wp\/v2\/comments?post=344"}],"version-history":[{"count":0,"href":"https:\/\/juzbado.es\/nuevaweb\/wp-json\/wp\/v2\/posts\/344\/revisions"}],"wp:attachment":[{"href":"https:\/\/juzbado.es\/nuevaweb\/wp-json\/wp\/v2\/media?parent=344"}],"wp:term":[{"taxonomy":"category","embeddable":true,"href":"https:\/\/juzbado.es\/nuevaweb\/wp-json\/wp\/v2\/categories?post=344"},{"taxonomy":"post_tag","embeddable":true,"href":"https:\/\/juzbado.es\/nuevaweb\/wp-json\/wp\/v2\/tags?post=344"}],"curies":[{"name":"wp","href":"https:\/\/api.w.org\/{rel}","templated":true}]}}