{"id":345,"date":"2020-05-21T19:42:00","date_gmt":"2020-05-21T17:42:00","guid":{"rendered":"http:\/\/juzbado.es\/nuevaweb\/2020\/05\/21\/mascarillas-para-los-besos-mas-grandes\/"},"modified":"2020-05-21T19:42:00","modified_gmt":"2020-05-21T17:42:00","slug":"mascarillas-para-los-besos-mas-grandes","status":"publish","type":"post","link":"https:\/\/juzbado.es\/nuevaweb\/2020\/05\/21\/mascarillas-para-los-besos-mas-grandes\/","title":{"rendered":"MASCARILLAS PARA LOS BESOS M\u00c1S GRANDES"},"content":{"rendered":"<div data-ft=\"{&quot;tn&quot;:&quot;K&quot;}\" data-testid=\"post_message\">\n<div style=\"text-align: justify;\">\n<span style=\"font-size: large;\"><span style=\"font-family: &quot;arial&quot; , &quot;helvetica&quot; , sans-serif;\">Juzbado y su galer\u00eda de arte rural al aire libre se adapta en tiempos de <span><span aria-label=\"hashtag\"><\/span><span>coronavirus.<\/span><\/span><\/span><\/span><\/div>\n<div style=\"text-align: justify;\">\n<\/div>\n<div style=\"text-align: justify;\">\n<span style=\"font-size: large;\"><span style=\"font-family: &quot;arial&quot; , &quot;helvetica&quot; , sans-serif;\">Las mascarillas para el beso m\u00e1s grande.&nbsp; Se trata de un retoque fotogr\u00e1fico sobre la obra original del artista leon\u00e9s <span><span>ArtesPrada (Antonio)<\/span><\/span> firmada en 2018 cuando celebramos el <a href=\"https:\/\/juzbado.blogspot.com\/2018\/10\/10-fotografias-del-certamen-de-muralismo.html\" target=\"_blank\">certamen de muralismo<\/a>.&nbsp;&nbsp;<\/span><\/span><\/div>\n<div style=\"text-align: justify;\">\n<br \/>\n<span style=\"font-size: large;\"><span style=\"font-family: &quot;arial&quot; , &quot;helvetica&quot; , sans-serif;\"><span style=\"font-size: large;\"><span style=\"font-family: &quot;arial&quot; , &quot;helvetica&quot; , sans-serif;\">Y tambi\u00e9n se ha puesto mascarilla el \u00absecreto ib\u00e9rico\u00bb, una obra de los artistas <span><span aria-label=\"hashtag\"><\/span><span>Christian Blanxer<\/span><\/span> y <span><span aria-label=\"hashtag\"><\/span><span>Victor Repo<\/span><\/span> firmada durante el mismo certamen. <\/span><\/span><\/span><\/span><\/div>\n<p><span style=\"font-family: &quot;arial&quot; , &quot;helvetica&quot; , sans-serif;\"><br \/><\/span><br \/>\n<\/p>\n<div style=\"clear: both; text-align: center;\">\n<\/div>\n<p><\/p>\n<table align=\"center\" cellpadding=\"0\" cellspacing=\"0\" style=\"margin-left: auto; margin-right: auto; text-align: center;\">\n<tbody>\n<tr>\n<td style=\"text-align: center;\"><a href=\"https:\/\/blogger.googleusercontent.com\/img\/b\/R29vZ2xl\/AVvXsEgsehR9vDCzyewyjpB5YyAITy_6Qv8k3U8mmiEtedPsCN9L9__qyJ5yO-x245_u6gz_Oz56wpk_1Yc22ReRCYqjt2qnN73ihzUuDhdb1ZF3qUwGdxdQC6ez_HaWiyQQbuxMThBrHB8NL70\/s1600\/Juzbado+artes+prada+2020+.jpeg\" style=\"margin-left: auto; margin-right: auto;\"><img loading=\"lazy\" decoding=\"async\" alt=\"Juzbado, ArtesPrada, muralismo, arte rural\" border=\"0\" data-original-height=\"1068\" data-original-width=\"1600\" height=\"426\" src=\"https:\/\/blogger.googleusercontent.com\/img\/b\/R29vZ2xl\/AVvXsEgsehR9vDCzyewyjpB5YyAITy_6Qv8k3U8mmiEtedPsCN9L9__qyJ5yO-x245_u6gz_Oz56wpk_1Yc22ReRCYqjt2qnN73ihzUuDhdb1ZF3qUwGdxdQC6ez_HaWiyQQbuxMThBrHB8NL70\/s640\/Juzbado+artes+prada+2020+.jpeg\" title=\"Juzbado, ArtesPrada, muralismo, arte rural\" width=\"640\" \/><\/a><\/td>\n<\/tr>\n<tr>\n<td style=\"text-align: center;\"><span style=\"font-family: &quot;arial&quot; , &quot;helvetica&quot; , sans-serif;\">Obra original de ArtesPrada con retoquefotogr\u00e1fico del Ayuntamiento de Juzbado. <\/span><\/td>\n<\/tr>\n<\/tbody>\n<\/table>\n<p><span style=\"font-size: large;\"><span style=\"font-family: &quot;arial&quot; , &quot;helvetica&quot; , sans-serif;\"><\/span><\/span><\/p>\n<div data-ft=\"{&quot;tn&quot;:&quot;K&quot;}\" data-testid=\"post_message\">\n<\/div>\n<p><\/p>\n<table align=\"center\" cellpadding=\"0\" cellspacing=\"0\" style=\"margin-left: auto; margin-right: auto; text-align: center;\">\n<tbody>\n<tr>\n<td style=\"text-align: center;\"><a href=\"https:\/\/blogger.googleusercontent.com\/img\/b\/R29vZ2xl\/AVvXsEghFHUuuDeMGs8SFArXYsUa3sr-PFf-DbEngdWLPWJmzHDjhUtWZI9RyOBjz4jejmoRGzVAasELvhKM38nfMAZeD5ddpmMWytbe1jAI0N7-SFYtCUjBqDjk4EDBf4B_hj9_25YS6mYM9pc\/s1600\/cristian+blanxer+vistor+repo+mascarilla+coronavirus+%2528Copiar%2529.jpg\" style=\"margin-left: auto; margin-right: auto;\"><img loading=\"lazy\" decoding=\"async\" alt=\"Juzbado, Christian Blanxer y Victor Repo, muralismo, arte rural\" border=\"0\" data-original-height=\"450\" data-original-width=\"800\" height=\"360\" src=\"https:\/\/blogger.googleusercontent.com\/img\/b\/R29vZ2xl\/AVvXsEghFHUuuDeMGs8SFArXYsUa3sr-PFf-DbEngdWLPWJmzHDjhUtWZI9RyOBjz4jejmoRGzVAasELvhKM38nfMAZeD5ddpmMWytbe1jAI0N7-SFYtCUjBqDjk4EDBf4B_hj9_25YS6mYM9pc\/s640\/cristian+blanxer+vistor+repo+mascarilla+coronavirus+%2528Copiar%2529.jpg\" title=\"Juzbado, Christian Blanxer y Victor Repo, muralismo, arte rural\" width=\"640\" \/><\/a><\/td>\n<\/tr>\n<tr>\n<td style=\"text-align: center;\"><span style=\"font-family: &quot;arial&quot; , &quot;helvetica&quot; , sans-serif;\">Obra original de Christian Blanxer y Victor Repo con retoquefotogr\u00e1fico del Ayuntamiento de Juzbado. <\/span><\/td>\n<\/tr>\n<\/tbody>\n<\/table>\n<p><span style=\"font-family: &quot;arial&quot; , &quot;helvetica&quot; , sans-serif;\"><a data-ft=\"{&quot;type&quot;:104,&quot;tn&quot;:&quot;*N&quot;}\" href=\"https:\/\/www.facebook.com\/hashtag\/juzbado?__eep__=6&amp;source=feed_text&amp;epa=HASHTAG&amp;__xts__%5B0%5D=68.ARCxcBXenpyUOVb1q_ofOLqVWeTEFCkws0dLoEhtqH7iwKIuCCquw1svGA1sTaH1JElU0CXu-EY8yo-RVUJXRFfqvoOma7A6xXmyRObz1T4--sNdeCTy6qF92d3Ypn04pu1W3VZkP0tMa1kdDrMWL_896inOKTCh86eRSoWBsV9inTnxASibhICjZp7rlFZh9ohmH3ZEH00wW4Iv0XwntovxcJF8-7NQW3sYECbFNFUn7OCvW76akP3TplunFqPbcWFb87SKx42yCSHXCisTu5NiWF_b-jhqedJE0LFUYyj0IIbE-0p0TiF6dVnD-NdnUDOSK6BaMyuTSKbI1UER2lu-kQ&amp;__tn__=%2ANK-R\"><span><span aria-label=\"hashtag\"><br \/><\/span><\/span><\/a><a data-ft=\"{&quot;type&quot;:104,&quot;tn&quot;:&quot;*N&quot;}\" href=\"https:\/\/www.facebook.com\/hashtag\/todovaasalirbien?__eep__=6&amp;source=feed_text&amp;epa=HASHTAG&amp;__xts__%5B0%5D=68.ARCxcBXenpyUOVb1q_ofOLqVWeTEFCkws0dLoEhtqH7iwKIuCCquw1svGA1sTaH1JElU0CXu-EY8yo-RVUJXRFfqvoOma7A6xXmyRObz1T4--sNdeCTy6qF92d3Ypn04pu1W3VZkP0tMa1kdDrMWL_896inOKTCh86eRSoWBsV9inTnxASibhICjZp7rlFZh9ohmH3ZEH00wW4Iv0XwntovxcJF8-7NQW3sYECbFNFUn7OCvW76akP3TplunFqPbcWFb87SKx42yCSHXCisTu5NiWF_b-jhqedJE0LFUYyj0IIbE-0p0TiF6dVnD-NdnUDOSK6BaMyuTSKbI1UER2lu-kQ&amp;__tn__=%2ANK-R\"><span><span><\/span><\/span><\/a><\/span><\/div>\n","protected":false},"excerpt":{"rendered":"<p>Juzbado y su galer\u00eda de arte rural al aire libre se adapta en tiempos de coronavirus. Las mascarillas para el beso m\u00e1s grande.&nbsp; Se trata de un retoque fotogr\u00e1fico sobre la obra original del artista leon\u00e9s ArtesPrada (Antonio) firmada en 2018 cuando celebramos el certamen de muralismo.&nbsp;&nbsp; Y tambi\u00e9n se ha puesto mascarilla el \u00absecreto [&hellip;]<\/p>\n","protected":false},"author":2,"featured_media":0,"comment_status":"open","ping_status":"open","sticky":false,"template":"","format":"standard","meta":{"saved_in_kubio":false,"footnotes":""},"categories":[1],"tags":[],"class_list":["post-345","post","type-post","status-publish","format-standard","hentry","category-sin-categoria"],"_links":{"self":[{"href":"https:\/\/juzbado.es\/nuevaweb\/wp-json\/wp\/v2\/posts\/345","targetHints":{"allow":["GET"]}}],"collection":[{"href":"https:\/\/juzbado.es\/nuevaweb\/wp-json\/wp\/v2\/posts"}],"about":[{"href":"https:\/\/juzbado.es\/nuevaweb\/wp-json\/wp\/v2\/types\/post"}],"author":[{"embeddable":true,"href":"https:\/\/juzbado.es\/nuevaweb\/wp-json\/wp\/v2\/users\/2"}],"replies":[{"embeddable":true,"href":"https:\/\/juzbado.es\/nuevaweb\/wp-json\/wp\/v2\/comments?post=345"}],"version-history":[{"count":0,"href":"https:\/\/juzbado.es\/nuevaweb\/wp-json\/wp\/v2\/posts\/345\/revisions"}],"wp:attachment":[{"href":"https:\/\/juzbado.es\/nuevaweb\/wp-json\/wp\/v2\/media?parent=345"}],"wp:term":[{"taxonomy":"category","embeddable":true,"href":"https:\/\/juzbado.es\/nuevaweb\/wp-json\/wp\/v2\/categories?post=345"},{"taxonomy":"post_tag","embeddable":true,"href":"https:\/\/juzbado.es\/nuevaweb\/wp-json\/wp\/v2\/tags?post=345"}],"curies":[{"name":"wp","href":"https:\/\/api.w.org\/{rel}","templated":true}]}}