{"id":349,"date":"2020-05-02T12:46:00","date_gmt":"2020-05-02T10:46:00","guid":{"rendered":"http:\/\/juzbado.es\/nuevaweb\/2020\/05\/02\/recuperacion-de-la-actividad-en-los-huertos\/"},"modified":"2020-05-02T12:46:00","modified_gmt":"2020-05-02T10:46:00","slug":"recuperacion-de-la-actividad-en-los-huertos","status":"publish","type":"post","link":"https:\/\/juzbado.es\/nuevaweb\/2020\/05\/02\/recuperacion-de-la-actividad-en-los-huertos\/","title":{"rendered":"RECUPERACION DE LA ACTIVIDAD EN LOS HUERTOS"},"content":{"rendered":"<div style=\"line-height: normal; margin-bottom: 0.0001pt; text-align: justify;\"><span style=\"font-size: large;\"><span style=\"font-family: &quot;arial&quot; , &quot;helvetica&quot; , sans-serif;\">Seg\u00fan la Orden SND\/381\/2020 <\/span><\/span><span style=\"font-size: large;\"><span style=\"font-family: &quot;arial&quot; , &quot;helvetica&quot; , sans-serif;\">de 30 de abril, por la que se permite la realizaci\u00f3n de actividades no  profesionales de cuidado y recolecci\u00f3n de producciones agr\u00edcolas, se recupera la actividad en los huertos de Juzbado bajo las siguientes premisas:<\/span><\/span><\/div>\n<p><span style=\"font-size: large;\"><span style=\"font-family: &quot;arial&quot; , &quot;helvetica&quot; , sans-serif;\">  <\/span><\/span><\/p>\n<div style=\"line-height: normal; margin-bottom: .0001pt; margin-bottom: 0cm;\"><span style=\"font-size: large;\"><span style=\"font-family: &quot;arial&quot; , &quot;helvetica&quot; , sans-serif;\">1. Que el huerto est\u00e9 situado en el mismo t\u00e9rmino municipal al del domicilio o en uno adyacente.<\/span><\/span><\/div>\n<p><span style=\"font-size: large;\"><span style=\"font-family: &quot;arial&quot; , &quot;helvetica&quot; , sans-serif;\">  <\/span><\/span><\/p>\n<div style=\"line-height: normal; margin-bottom: .0001pt; margin-bottom: 0cm;\"><span style=\"font-size: large;\"><span style=\"font-family: &quot;arial&quot; , &quot;helvetica&quot; , sans-serif;\">2. El desplazamiento al huerto deber\u00e1 ser individual salvo excepciones.<\/span><\/span><\/div>\n<p><span style=\"font-size: large;\"><span style=\"font-family: &quot;arial&quot; , &quot;helvetica&quot; , sans-serif;\">  <\/span><\/span><\/p>\n<div style=\"line-height: normal; margin-bottom: .0001pt; margin-bottom: 0cm;\"><span style=\"font-size: large;\"><span style=\"font-family: &quot;arial&quot; , &quot;helvetica&quot; , sans-serif;\">3. El trabajo en los huertos se realizara de forma individual.<\/span><\/span><\/div>\n<p><span style=\"font-size: large;\"><span style=\"font-family: &quot;arial&quot; , &quot;helvetica&quot; , sans-serif;\">  <\/span><\/span><\/p>\n<div style=\"line-height: normal; margin-bottom: .0001pt; margin-bottom: 0cm;\"><span style=\"font-size: large;\"><span style=\"font-family: &quot;arial&quot; , &quot;helvetica&quot; , sans-serif;\">La Orden entr\u00f3 el vigor el 1 de mayo de 2020.<\/span><\/span><\/div>\n<div style=\"line-height: normal; margin-bottom: .0001pt; margin-bottom: 0cm;\">\n<\/div>\n<p><span style=\"font-size: large;\"><span style=\"font-family: &quot;arial&quot; , &quot;helvetica&quot; , sans-serif;\">  <\/span><\/span><\/p>\n<div style=\"line-height: normal; margin-bottom: .0001pt; margin-bottom: 0cm;\"><span style=\"font-size: large;\"><span style=\"font-family: &quot;arial&quot; , &quot;helvetica&quot; , sans-serif;\">La Orden completa se puede consultar en <a href=\"https:\/\/www.boe.es\/boe\/dias\/2020\/05\/01\/pdfs\/BOE-A-2020-4768.pdf\" target=\"_blank\">este enlace<\/a>.<\/span><\/span><\/div>\n<div style=\"line-height: normal; margin-bottom: .0001pt; margin-bottom: 0cm;\">\n<\/div>\n<div style=\"clear: both; text-align: center;\"><a href=\"https:\/\/blogger.googleusercontent.com\/img\/b\/R29vZ2xl\/AVvXsEivIEFlaLd6-ceHliUeFBcnx6_Lj_zoZnfgKnl30COYJskXMsZ-n2LEzMBTe6yeLRBfaFUfIpYJwiET6SOjZN84coWXmjeg2JVfCed6r5Lhz81028sQAuB-DQI1J4yH6Vso_ybAMvCEuJk\/s1600\/aviso+huertos.jpg\" style=\"margin-left: 1em; margin-right: 1em;\"><img loading=\"lazy\" decoding=\"async\" alt=\"Juzbado, Huertos de Juzbado, 2020\" border=\"0\" data-original-height=\"1132\" data-original-width=\"1600\" height=\"452\" src=\"https:\/\/blogger.googleusercontent.com\/img\/b\/R29vZ2xl\/AVvXsEivIEFlaLd6-ceHliUeFBcnx6_Lj_zoZnfgKnl30COYJskXMsZ-n2LEzMBTe6yeLRBfaFUfIpYJwiET6SOjZN84coWXmjeg2JVfCed6r5Lhz81028sQAuB-DQI1J4yH6Vso_ybAMvCEuJk\/s640\/aviso+huertos.jpg\" title=\"Juzbado, Huertos de Juzbado, 2020\" width=\"640\" \/><\/a><\/div>\n<div style=\"line-height: normal; margin-bottom: .0001pt; margin-bottom: 0cm;\">\n<\/div>\n<p><span lang=\"es\" style=\"font-family: &quot;calibri&quot;; font-size: 25.0pt; line-height: 119%;\"><\/span><span lang=\"es\" style=\"font-family: &quot;calibri&quot;; font-size: 25.0pt; line-height: 119%;\"><\/span>  <\/p>\n<div style=\"mso-pagination: none;\">\n<\/div>\n","protected":false},"excerpt":{"rendered":"<p>Seg\u00fan la Orden SND\/381\/2020 de 30 de abril, por la que se permite la realizaci\u00f3n de actividades no profesionales de cuidado y recolecci\u00f3n de producciones agr\u00edcolas, se recupera la actividad en los huertos de Juzbado bajo las siguientes premisas: 1. Que el huerto est\u00e9 situado en el mismo t\u00e9rmino municipal al del domicilio o en [&hellip;]<\/p>\n","protected":false},"author":2,"featured_media":0,"comment_status":"open","ping_status":"open","sticky":false,"template":"","format":"standard","meta":{"saved_in_kubio":false,"footnotes":""},"categories":[364],"tags":[],"class_list":["post-349","post","type-post","status-publish","format-standard","hentry","category-huertos"],"_links":{"self":[{"href":"https:\/\/juzbado.es\/nuevaweb\/wp-json\/wp\/v2\/posts\/349","targetHints":{"allow":["GET"]}}],"collection":[{"href":"https:\/\/juzbado.es\/nuevaweb\/wp-json\/wp\/v2\/posts"}],"about":[{"href":"https:\/\/juzbado.es\/nuevaweb\/wp-json\/wp\/v2\/types\/post"}],"author":[{"embeddable":true,"href":"https:\/\/juzbado.es\/nuevaweb\/wp-json\/wp\/v2\/users\/2"}],"replies":[{"embeddable":true,"href":"https:\/\/juzbado.es\/nuevaweb\/wp-json\/wp\/v2\/comments?post=349"}],"version-history":[{"count":0,"href":"https:\/\/juzbado.es\/nuevaweb\/wp-json\/wp\/v2\/posts\/349\/revisions"}],"wp:attachment":[{"href":"https:\/\/juzbado.es\/nuevaweb\/wp-json\/wp\/v2\/media?parent=349"}],"wp:term":[{"taxonomy":"category","embeddable":true,"href":"https:\/\/juzbado.es\/nuevaweb\/wp-json\/wp\/v2\/categories?post=349"},{"taxonomy":"post_tag","embeddable":true,"href":"https:\/\/juzbado.es\/nuevaweb\/wp-json\/wp\/v2\/tags?post=349"}],"curies":[{"name":"wp","href":"https:\/\/api.w.org\/{rel}","templated":true}]}}