{"id":35,"date":"2024-09-13T12:11:00","date_gmt":"2024-09-13T10:11:00","guid":{"rendered":"http:\/\/juzbado.es\/nuevaweb\/2024\/09\/13\/nuestros-mayores-nos-convocan-para-sus-fiestas\/"},"modified":"2024-09-13T12:11:00","modified_gmt":"2024-09-13T10:11:00","slug":"nuestros-mayores-nos-convocan-para-sus-fiestas","status":"publish","type":"post","link":"https:\/\/juzbado.es\/nuevaweb\/2024\/09\/13\/nuestros-mayores-nos-convocan-para-sus-fiestas\/","title":{"rendered":"NUESTROS MAYORES NOS CONVOCAN PARA SUS FIESTAS"},"content":{"rendered":"<p style=\"text-align: justify;\"><span style=\"font-family: arial; font-size: medium;\">Un a\u00f1o m\u00e1s nos complace presentaros las fiestas de nuestros<br \/>\nmayores. Es una efem\u00e9rides destacada para los juzbadinos ya que es una fiesta<br \/>\nque organiza la <a href=\"https:\/\/juzbado.blogspot.com\/p\/asociaciones.html\" target=\"_blank\">Asociaci\u00f3n de Mayores<\/a> que, como sab\u00e9is, no para de proponer<br \/>\nacciones para la cultura y el entretenimiento, los homenajes y el recuerdo o el trabajo comunitario.<span>&nbsp; <\/span>Tambi\u00e9n supone el anticipo de las <a href=\"https:\/\/juzbado.blogspot.com\/2024\/09\/fiestas-de-san-miguel-2024.html\" target=\"_blank\">fiestas de San Miguel<\/a> y, en definitiva, las celebraciones vecinales que, como pueblo,<br \/>\nesperamos con ansias durante todo el a\u00f1o. En esta ocasi\u00f3n os invitamos a leer<br \/>\ndetenidamente toda la programaci\u00f3n que nos propone la activa asociaci\u00f3n en la<br \/>\nque colabora el Ayuntamiento de Juzbado y os invitamos a participar y disfrutar.<\/span><\/p>\n<p style=\"text-align: justify;\"><span style=\"font-family: arial; font-size: medium;\"><\/span><\/p>\n<div style=\"clear: both; text-align: center;\"><span style=\"font-family: arial; font-size: medium;\"><a href=\"https:\/\/blogger.googleusercontent.com\/img\/b\/R29vZ2xl\/AVvXsEhfvBdsrmIA7wRbyFs5I-5Bgz1Zg1PFvHJEWzyMO8EWnyue_c26JPASpx1WaKC8Hq-K7HgjEhfNlyh6uSRaQHjPzgProQCRnKsI8EToBb-vpp_oyhcIQTkPGGufD3c5VFc7ea-TGloWTXnwlrPgYCdHn6KwZ4TFPXgvwv137qDhc_Gqg0EFgo7cApHf-Ts\/s3508\/cartel%20fiestas%20mayores%202024.jpg\" style=\"margin-left: 1em; margin-right: 1em;\"><img loading=\"lazy\" decoding=\"async\" alt=\"Juzbado, Fiestas de los mayores 2024, Asociaci\u00f3n de mayores\" border=\"0\" data-original-height=\"3508\" data-original-width=\"2480\" height=\"640\" src=\"https:\/\/blogger.googleusercontent.com\/img\/b\/R29vZ2xl\/AVvXsEhfvBdsrmIA7wRbyFs5I-5Bgz1Zg1PFvHJEWzyMO8EWnyue_c26JPASpx1WaKC8Hq-K7HgjEhfNlyh6uSRaQHjPzgProQCRnKsI8EToBb-vpp_oyhcIQTkPGGufD3c5VFc7ea-TGloWTXnwlrPgYCdHn6KwZ4TFPXgvwv137qDhc_Gqg0EFgo7cApHf-Ts\/w452-h640\/cartel%20fiestas%20mayores%202024.jpg\" title=\"Juzbado, Fiestas de los mayores 2024, Asociaci\u00f3n de mayores\" width=\"452\" \/><\/a><\/span><\/div><\/p>\n","protected":false},"excerpt":{"rendered":"<p>Un a\u00f1o m\u00e1s nos complace presentaros las fiestas de nuestros mayores. Es una efem\u00e9rides destacada para los juzbadinos ya que es una fiesta que organiza la Asociaci\u00f3n de Mayores que, como sab\u00e9is, no para de proponer acciones para la cultura y el entretenimiento, los homenajes y el recuerdo o el trabajo comunitario.&nbsp; Tambi\u00e9n supone el [&hellip;]<\/p>\n","protected":false},"author":2,"featured_media":0,"comment_status":"open","ping_status":"open","sticky":false,"template":"","format":"standard","meta":{"saved_in_kubio":false,"footnotes":""},"categories":[6,114,113,108],"tags":[],"class_list":["post-35","post","type-post","status-publish","format-standard","hentry","category-asociacion-de-mayores","category-fiestas-de-mayores","category-juzbado","category-septiembre"],"_links":{"self":[{"href":"https:\/\/juzbado.es\/nuevaweb\/wp-json\/wp\/v2\/posts\/35","targetHints":{"allow":["GET"]}}],"collection":[{"href":"https:\/\/juzbado.es\/nuevaweb\/wp-json\/wp\/v2\/posts"}],"about":[{"href":"https:\/\/juzbado.es\/nuevaweb\/wp-json\/wp\/v2\/types\/post"}],"author":[{"embeddable":true,"href":"https:\/\/juzbado.es\/nuevaweb\/wp-json\/wp\/v2\/users\/2"}],"replies":[{"embeddable":true,"href":"https:\/\/juzbado.es\/nuevaweb\/wp-json\/wp\/v2\/comments?post=35"}],"version-history":[{"count":0,"href":"https:\/\/juzbado.es\/nuevaweb\/wp-json\/wp\/v2\/posts\/35\/revisions"}],"wp:attachment":[{"href":"https:\/\/juzbado.es\/nuevaweb\/wp-json\/wp\/v2\/media?parent=35"}],"wp:term":[{"taxonomy":"category","embeddable":true,"href":"https:\/\/juzbado.es\/nuevaweb\/wp-json\/wp\/v2\/categories?post=35"},{"taxonomy":"post_tag","embeddable":true,"href":"https:\/\/juzbado.es\/nuevaweb\/wp-json\/wp\/v2\/tags?post=35"}],"curies":[{"name":"wp","href":"https:\/\/api.w.org\/{rel}","templated":true}]}}