{"id":352,"date":"2020-04-22T13:51:00","date_gmt":"2020-04-22T11:51:00","guid":{"rendered":"http:\/\/juzbado.es\/nuevaweb\/2020\/04\/22\/los-vecinos-mas-radiofonicos\/"},"modified":"2020-04-22T13:51:00","modified_gmt":"2020-04-22T11:51:00","slug":"los-vecinos-mas-radiofonicos","status":"publish","type":"post","link":"https:\/\/juzbado.es\/nuevaweb\/2020\/04\/22\/los-vecinos-mas-radiofonicos\/","title":{"rendered":"LOS VECINOS M\u00c1S RADIOF\u00d3NICOS"},"content":{"rendered":"<div style=\"text-align: justify;\">\n<span style=\"font-size: large;\"><span style=\"font-family: Arial, Helvetica, sans-serif;\">Nos hace ilusi\u00f3n escuchar a los m\u00e1s peque\u00f1os de Juzbado. Especialmente estos d\u00edas en los que nada es igual que antes.&nbsp; Desde aqu\u00ed <a href=\"http:\/\/colectivokhora.es\/tercer-programa-mayores-enredads-en-la-radio-especial-cuarentena-no3\/\" target=\"_blank\">os invitamos a escuchar detenidamente los testimonios de nuestros peque\u00f1os<\/a> que, con su alegr\u00eda y desenfado, nos hacen sonreir.&nbsp; Se trata de la tercera entrega de los programas de radios de la cuarentena que la <a href=\"http:\/\/colectivokhora.es\/category\/mayores-enredads\/\" target=\"_blank\">Asociaci\u00f3n Khora<\/a> est\u00e1 realizando en varios pueblos de nuestra comarca.&nbsp;&nbsp;<\/span><\/span><\/div>\n<div style=\"text-align: justify;\">\n<\/div>\n<div style=\"text-align: justify;\">\n<span style=\"font-size: large;\"><span style=\"font-family: Arial, Helvetica, sans-serif;\">Adem\u00e1s de los peque\u00f1os, <b>tambi\u00e9n aparecen otras voces familiares<\/b>, se trata de <a href=\"http:\/\/colectivokhora.es\/tercer-programa-mayores-enredads-en-la-radio-especial-cuarentena-no3\/\" target=\"_blank\">Marif\u00e9, Juan Antonio o Pilar y Clara<\/a> que, con sus testimonios y propuestas en forma de voz, nos alegran esta temporada. <\/span><\/span><\/div>\n<div style=\"text-align: justify;\">\n<\/div>\n<div style=\"text-align: justify;\">\n<span style=\"font-size: large;\"><span style=\"font-family: Arial, Helvetica, sans-serif;\">Aprovechamos la ocasi\u00f3n para recordaros que los micros siguen abiertos y que es tan f\u00e1cil como grabar un audio y <b>enviarlo por whatsapp al tel\u00e9fono: 644 476 239<\/b> (recetas, reflexiones, poemas, textos, entrevistas, sonidos&#8230;.)&nbsp; Tambi\u00e9n pod\u00e9is enviar una foto de vuestra mascota, de lo que se ve desde vuestra ventana, etc.<\/span><\/span><\/div>\n<div style=\"clear: both; text-align: center;\">\n<a href=\"http:\/\/colectivokhora.es\/tercer-programa-mayores-enredads-en-la-radio-especial-cuarentena-no3\/\" target=\"_blank\"><img loading=\"lazy\" decoding=\"async\" alt=\"Juzbado, Cuarentena, radio, Khora\" border=\"0\" data-original-height=\"1200\" data-original-width=\"1600\" height=\"480\" src=\"https:\/\/blogger.googleusercontent.com\/img\/b\/R29vZ2xl\/AVvXsEhRM4250eNEdTvdvYsAlG1oa8T5sueg2HI52IkaVaPRXa2CI4DutFQniVajOQyaVkjzkFAGtRUT5ZgSlKt9VipNv7JT7AoFHJIy9fGCE_ucZsvBWH5UFk1vmQ8RjogIbzFazGzU9w_DeXs\/s640\/JUZBADO+QUEDATE+ENCASA+CORONAVIRUS+Carla+sheila.jpg\" title=\"Juzbado, Cuarentena, radio, Khora\" width=\"640\" \/><\/a><\/div>\n<div style=\"text-align: justify;\">\n<\/div>\n<div style=\"text-align: justify;\">\n<span style=\"font-size: large;\"><span style=\"font-family: Arial, Helvetica, sans-serif;\">Y si dispones de la APP IVOOX <a href=\"https:\/\/www.ivoox.com\/edicion-especial-cuarentena-n-3-audios-mp3_rf_49828217_1.html\" target=\"_blank\">aqu\u00ed tienes el enlace<\/a>.<\/span><\/span><\/div>\n","protected":false},"excerpt":{"rendered":"<p>Nos hace ilusi\u00f3n escuchar a los m\u00e1s peque\u00f1os de Juzbado. Especialmente estos d\u00edas en los que nada es igual que antes.&nbsp; Desde aqu\u00ed os invitamos a escuchar detenidamente los testimonios de nuestros peque\u00f1os que, con su alegr\u00eda y desenfado, nos hacen sonreir.&nbsp; Se trata de la tercera entrega de los programas de radios de la [&hellip;]<\/p>\n","protected":false},"author":2,"featured_media":0,"comment_status":"open","ping_status":"open","sticky":false,"template":"","format":"standard","meta":{"saved_in_kubio":false,"footnotes":""},"categories":[122,118],"tags":[],"class_list":["post-352","post","type-post","status-publish","format-standard","hentry","category-khora","category-radio"],"_links":{"self":[{"href":"https:\/\/juzbado.es\/nuevaweb\/wp-json\/wp\/v2\/posts\/352","targetHints":{"allow":["GET"]}}],"collection":[{"href":"https:\/\/juzbado.es\/nuevaweb\/wp-json\/wp\/v2\/posts"}],"about":[{"href":"https:\/\/juzbado.es\/nuevaweb\/wp-json\/wp\/v2\/types\/post"}],"author":[{"embeddable":true,"href":"https:\/\/juzbado.es\/nuevaweb\/wp-json\/wp\/v2\/users\/2"}],"replies":[{"embeddable":true,"href":"https:\/\/juzbado.es\/nuevaweb\/wp-json\/wp\/v2\/comments?post=352"}],"version-history":[{"count":0,"href":"https:\/\/juzbado.es\/nuevaweb\/wp-json\/wp\/v2\/posts\/352\/revisions"}],"wp:attachment":[{"href":"https:\/\/juzbado.es\/nuevaweb\/wp-json\/wp\/v2\/media?parent=352"}],"wp:term":[{"taxonomy":"category","embeddable":true,"href":"https:\/\/juzbado.es\/nuevaweb\/wp-json\/wp\/v2\/categories?post=352"},{"taxonomy":"post_tag","embeddable":true,"href":"https:\/\/juzbado.es\/nuevaweb\/wp-json\/wp\/v2\/tags?post=352"}],"curies":[{"name":"wp","href":"https:\/\/api.w.org\/{rel}","templated":true}]}}