{"id":353,"date":"2020-04-21T15:43:00","date_gmt":"2020-04-21T13:43:00","guid":{"rendered":"http:\/\/juzbado.es\/nuevaweb\/2020\/04\/21\/por-fin-en-abril-aguas-mil\/"},"modified":"2020-04-21T15:43:00","modified_gmt":"2020-04-21T13:43:00","slug":"por-fin-en-abril-aguas-mil","status":"publish","type":"post","link":"https:\/\/juzbado.es\/nuevaweb\/2020\/04\/21\/por-fin-en-abril-aguas-mil\/","title":{"rendered":"POR FIN: EN ABRIL, AGUAS MIL"},"content":{"rendered":"<div style=\"text-align: justify;\">\n<span style=\"font-size: large;\"><span style=\"font-family: &quot;arial&quot; , &quot;helvetica&quot; , sans-serif;\">Las continuadas borrascas que han atravesado nuestra comarca durante las \u00faltimas semanas han regado los campos como no record\u00e1bamos desde hace unos a\u00f1os.&nbsp;&nbsp; La pasada semana fueron m\u00e1s de 20 litros y la anterior tambi\u00e9n. los datos exactos los recogen varios vecinos de Juzbado que cuentan con pluvi\u00f3metros colocados estrat\u00e9gicamente.&nbsp;<\/span><\/span><\/div>\n<div style=\"text-align: justify;\">\n<\/div>\n<div style=\"text-align: justify;\">\n<span style=\"font-size: large;\"><span style=\"font-family: &quot;arial&quot; , &quot;helvetica&quot; , sans-serif;\">Es una primavera de charcas rebosantes y de regatos caudalosos y ello es bueno para todo y para todos.&nbsp; Os mostramos algunas im\u00e1genes de algunos rincones de nuestro municipio tomadas por algunos de nuestros vecinos.&nbsp; Desde aqu\u00ed nuestro agradecimiento por compartir el d\u00eda a d\u00eda con todos nosotros.<\/span><\/span><\/div>\n<p><\/p>\n<div style=\"clear: both; text-align: center;\">\n<a href=\"https:\/\/blogger.googleusercontent.com\/img\/b\/R29vZ2xl\/AVvXsEgeuKywOMi1rrAyu4Ibn2O8SVbemJkYujmkToKfDGxJxmMuTqGtmZhfAoM01FfhsoqatxP1cNfx9-35Dx-iN41ZNqY9wUvscaT-amLukCuDqRgT0r0t8bYzziZSjzsxQyv8z9WOcvrqfhc\/s1600\/el+monte+regato+inundaci%25C3%25B3n+16+abril+2020+juzbado+%25281%2529+%2528Copiar%2529.jpeg\" style=\"margin-left: 1em; margin-right: 1em;\"><img loading=\"lazy\" decoding=\"async\" alt=\"Juzbado, borrascas, Juzbado 2020, primavera, agua Salamanca\" border=\"0\" data-original-height=\"1068\" data-original-width=\"1600\" height=\"426\" src=\"https:\/\/blogger.googleusercontent.com\/img\/b\/R29vZ2xl\/AVvXsEgeuKywOMi1rrAyu4Ibn2O8SVbemJkYujmkToKfDGxJxmMuTqGtmZhfAoM01FfhsoqatxP1cNfx9-35Dx-iN41ZNqY9wUvscaT-amLukCuDqRgT0r0t8bYzziZSjzsxQyv8z9WOcvrqfhc\/s640\/el+monte+regato+inundaci%25C3%25B3n+16+abril+2020+juzbado+%25281%2529+%2528Copiar%2529.jpeg\" title=\"Juzbado, borrascas, Juzbado 2020, primavera, agua, Salamanca\" width=\"640\" \/><\/a><\/div>\n<p>\n<a name='more'><\/a><\/p>\n<div style=\"clear: both; text-align: center;\">\n<a href=\"https:\/\/blogger.googleusercontent.com\/img\/b\/R29vZ2xl\/AVvXsEjq8ZRVxKoMDfYqCMhZfYIJen2FEW6c0yEJJMaXtwglMhgH31JaDc5rCRz5-_pTF767Z6JBKJdDBedzq5IXIqw_aUY5_VEvvI99XCZO329STBgBM0y7_9IZ8tK6Ii5uVib-zmr6G7FyOl0\/s1600\/el+monte+regato+inundaci%25C3%25B3n+16+abril+2020+juzbado+%252812%2529+%2528Copiar%2529.jpeg\" style=\"margin-left: 1em; margin-right: 1em;\"><img loading=\"lazy\" decoding=\"async\" alt=\"Juzbado, borrascas, Juzbado 2020, primavera, agua Salamanca\" border=\"0\" data-original-height=\"1068\" data-original-width=\"1600\" height=\"426\" src=\"https:\/\/blogger.googleusercontent.com\/img\/b\/R29vZ2xl\/AVvXsEjq8ZRVxKoMDfYqCMhZfYIJen2FEW6c0yEJJMaXtwglMhgH31JaDc5rCRz5-_pTF767Z6JBKJdDBedzq5IXIqw_aUY5_VEvvI99XCZO329STBgBM0y7_9IZ8tK6Ii5uVib-zmr6G7FyOl0\/s640\/el+monte+regato+inundaci%25C3%25B3n+16+abril+2020+juzbado+%252812%2529+%2528Copiar%2529.jpeg\" title=\"Juzbado, borrascas, Juzbado 2020, primavera, agua Salamanca\" width=\"640\" \/><\/a><\/div>\n<p><\/p>\n<div style=\"clear: both; text-align: center;\">\n<a href=\"https:\/\/blogger.googleusercontent.com\/img\/b\/R29vZ2xl\/AVvXsEhIaI9dfTu3-vS8KP7czoVtzSV9ouFwrEJMD4g3Vw1MO27j4lVRKT2ijKYEviniQsvR4zUUsz7SShSq6FUcVpkCoWUOwi5SvNoRZNvVZbHEG0e_h6pXPdVcS80Avv46r7KiG87u-w6qZDY\/s1600\/el+monte+regato+inundaci%25C3%25B3n+16+abril+2020+juzbado+%252814%2529+%2528Copiar%2529.jpeg\" style=\"margin-left: 1em; margin-right: 1em;\"><img loading=\"lazy\" decoding=\"async\" alt=\"Juzbado, borrascas, Juzbado 2020, primavera, agua Salamanca\" border=\"0\" data-original-height=\"1068\" data-original-width=\"1600\" height=\"426\" src=\"https:\/\/blogger.googleusercontent.com\/img\/b\/R29vZ2xl\/AVvXsEhIaI9dfTu3-vS8KP7czoVtzSV9ouFwrEJMD4g3Vw1MO27j4lVRKT2ijKYEviniQsvR4zUUsz7SShSq6FUcVpkCoWUOwi5SvNoRZNvVZbHEG0e_h6pXPdVcS80Avv46r7KiG87u-w6qZDY\/s640\/el+monte+regato+inundaci%25C3%25B3n+16+abril+2020+juzbado+%252814%2529+%2528Copiar%2529.jpeg\" title=\"Juzbado, borrascas, Juzbado 2020, primavera, agua Salamanca\" width=\"640\" \/><\/a><\/div>\n<p><\/p>\n<div style=\"clear: both; text-align: center;\">\n<a href=\"https:\/\/blogger.googleusercontent.com\/img\/b\/R29vZ2xl\/AVvXsEi83OXJJtCyyP8IEEJpJ96t6hvh5oMwCvEaJdhFh7tHYkH-5ASSKtcaIRSPMbO63jYgZLC4HjNDBblx78Av2EwuewZhSkUNTl_T5yvkNi1CoJboCF4reElr0d3HTe5nHzfPRAKPXFjf82s\/s1600\/el+monte+regato+inundaci%25C3%25B3n+16+abril+2020+juzbado+%252817%2529+%2528Copiar%2529.jpeg\" style=\"margin-left: 1em; margin-right: 1em;\"><img loading=\"lazy\" decoding=\"async\" alt=\"Juzbado, borrascas, Juzbado 2020, primavera, agua Salamanca\" border=\"0\" data-original-height=\"1068\" data-original-width=\"1600\" height=\"426\" src=\"https:\/\/blogger.googleusercontent.com\/img\/b\/R29vZ2xl\/AVvXsEi83OXJJtCyyP8IEEJpJ96t6hvh5oMwCvEaJdhFh7tHYkH-5ASSKtcaIRSPMbO63jYgZLC4HjNDBblx78Av2EwuewZhSkUNTl_T5yvkNi1CoJboCF4reElr0d3HTe5nHzfPRAKPXFjf82s\/s640\/el+monte+regato+inundaci%25C3%25B3n+16+abril+2020+juzbado+%252817%2529+%2528Copiar%2529.jpeg\" title=\"Juzbado, borrascas, Juzbado 2020, primavera, agua Salamanca\" width=\"640\" \/><\/a><\/div>\n<div style=\"clear: both; text-align: center;\">\n<a href=\"https:\/\/blogger.googleusercontent.com\/img\/b\/R29vZ2xl\/AVvXsEh5o1uh-dqU2GRZ2YnbtkV_bWMivDQhMOEtg7pMFwSL01OXv8DU7sm1TfnLxS0k8YamxSPlGc1nciY7JOpsdhcuvq1RAAu_I56JZSE1oq5c-XvQLgcexvWpGoDq7y6Zyev1i3sFTmFRpNQ\/s1600\/IMG-20200414-WA0105.jpg\" style=\"margin-left: 1em; margin-right: 1em;\"><img loading=\"lazy\" decoding=\"async\" alt=\"Juzbado, borrascas, Juzbado 2020, primavera, agua Salamanca\" border=\"0\" data-original-height=\"1200\" data-original-width=\"1600\" height=\"480\" src=\"https:\/\/blogger.googleusercontent.com\/img\/b\/R29vZ2xl\/AVvXsEh5o1uh-dqU2GRZ2YnbtkV_bWMivDQhMOEtg7pMFwSL01OXv8DU7sm1TfnLxS0k8YamxSPlGc1nciY7JOpsdhcuvq1RAAu_I56JZSE1oq5c-XvQLgcexvWpGoDq7y6Zyev1i3sFTmFRpNQ\/s640\/IMG-20200414-WA0105.jpg\" title=\"Juzbado, borrascas, Juzbado 2020, primavera, agua Salamanca\" width=\"640\" \/><\/a><\/div>\n<p><\/p>\n<div style=\"clear: both; text-align: center;\">\n<a href=\"https:\/\/blogger.googleusercontent.com\/img\/b\/R29vZ2xl\/AVvXsEhABs7YiNA4DziHhqRJTgsnJuowZm5lGZE3F2hiv_PMFjH9QNswIsiekJ-qkubiSV94qV1y7g3hgOX5EbsbqtAA5qqLUGYEIC9YazaEj7_bLZV6gu_LP3c66tWXzcXZVCH2ZT8REEjM9WY\/s1600\/IMG-20200414-WA0106.jpg\" style=\"margin-left: 1em; margin-right: 1em;\"><img loading=\"lazy\" decoding=\"async\" alt=\"Juzbado, borrascas, Juzbado 2020, primavera, agua Salamanca\" border=\"0\" data-original-height=\"1200\" data-original-width=\"1600\" height=\"480\" src=\"https:\/\/blogger.googleusercontent.com\/img\/b\/R29vZ2xl\/AVvXsEhABs7YiNA4DziHhqRJTgsnJuowZm5lGZE3F2hiv_PMFjH9QNswIsiekJ-qkubiSV94qV1y7g3hgOX5EbsbqtAA5qqLUGYEIC9YazaEj7_bLZV6gu_LP3c66tWXzcXZVCH2ZT8REEjM9WY\/s640\/IMG-20200414-WA0106.jpg\" title=\"Juzbado, borrascas, Juzbado 2020, primavera, agua Salamanca\" width=\"640\" \/><\/a><\/div>\n<p><\/p>\n<div style=\"clear: both; text-align: center;\">\n<a href=\"https:\/\/blogger.googleusercontent.com\/img\/b\/R29vZ2xl\/AVvXsEgh9gkZzpjqb0t84QSh133dlxNHGKQnYKu_3B3XpVxwoEq4aJBk7DyafWdKS8j8qO-5a17rsSf8aKJhKGV2XgY4efLAwSUu7dS58cCzEKN48loJRArq3kTwv0UJlx8LqGetgoHi4Nh1Y4w\/s1600\/IMG-20200414-WA0111.jpg\" style=\"margin-left: 1em; margin-right: 1em;\"><img loading=\"lazy\" decoding=\"async\" alt=\"Juzbado, borrascas, Juzbado 2020, primavera, agua Salamanca\" border=\"0\" data-original-height=\"1200\" data-original-width=\"1600\" height=\"480\" src=\"https:\/\/blogger.googleusercontent.com\/img\/b\/R29vZ2xl\/AVvXsEgh9gkZzpjqb0t84QSh133dlxNHGKQnYKu_3B3XpVxwoEq4aJBk7DyafWdKS8j8qO-5a17rsSf8aKJhKGV2XgY4efLAwSUu7dS58cCzEKN48loJRArq3kTwv0UJlx8LqGetgoHi4Nh1Y4w\/s640\/IMG-20200414-WA0111.jpg\" title=\"Juzbado, borrascas, Juzbado 2020, primavera, agua Salamanca\" width=\"640\" \/><\/a><\/div>\n<div style=\"clear: both; text-align: center;\">\n<a href=\"https:\/\/blogger.googleusercontent.com\/img\/b\/R29vZ2xl\/AVvXsEjNAry_ERWSGYIyJFxaDoTmpJ6FQPeMbF3hwT_nlsds0xB9uXVpoSeQGlUSBNxbZYcAewT4o8YRuQ4zpBELw_H4eMWWMWGiLsfaKP6sfI3J6f3B1G-5laWDG2QoeLxoO2SvyV5VXAokv6I\/s1600\/andr%25C3%25A9s+fag%25C3%25BAndez+inundaci%25C3%25B3n+viernes+17+abril+2020+%25282%2529.jpeg\" style=\"margin-left: 1em; margin-right: 1em;\"><img loading=\"lazy\" decoding=\"async\" alt=\"Juzbado, borrascas, Juzbado 2020, primavera, agua Salamanca\" border=\"0\" data-original-height=\"1076\" data-original-width=\"1435\" height=\"478\" src=\"https:\/\/blogger.googleusercontent.com\/img\/b\/R29vZ2xl\/AVvXsEjNAry_ERWSGYIyJFxaDoTmpJ6FQPeMbF3hwT_nlsds0xB9uXVpoSeQGlUSBNxbZYcAewT4o8YRuQ4zpBELw_H4eMWWMWGiLsfaKP6sfI3J6f3B1G-5laWDG2QoeLxoO2SvyV5VXAokv6I\/s640\/andr%25C3%25A9s+fag%25C3%25BAndez+inundaci%25C3%25B3n+viernes+17+abril+2020+%25282%2529.jpeg\" title=\"Juzbado, borrascas, Juzbado 2020, primavera, agua Salamanca\" width=\"640\" \/><\/a><\/div>\n<p><\/p>\n","protected":false},"excerpt":{"rendered":"<p>Las continuadas borrascas que han atravesado nuestra comarca durante las \u00faltimas semanas han regado los campos como no record\u00e1bamos desde hace unos a\u00f1os.&nbsp;&nbsp; La pasada semana fueron m\u00e1s de 20 litros y la anterior tambi\u00e9n. los datos exactos los recogen varios vecinos de Juzbado que cuentan con pluvi\u00f3metros colocados estrat\u00e9gicamente.&nbsp; Es una primavera de charcas [&hellip;]<\/p>\n","protected":false},"author":2,"featured_media":0,"comment_status":"open","ping_status":"open","sticky":false,"template":"","format":"standard","meta":{"saved_in_kubio":false,"footnotes":""},"categories":[183],"tags":[],"class_list":["post-353","post","type-post","status-publish","format-standard","hentry","category-abril"],"_links":{"self":[{"href":"https:\/\/juzbado.es\/nuevaweb\/wp-json\/wp\/v2\/posts\/353","targetHints":{"allow":["GET"]}}],"collection":[{"href":"https:\/\/juzbado.es\/nuevaweb\/wp-json\/wp\/v2\/posts"}],"about":[{"href":"https:\/\/juzbado.es\/nuevaweb\/wp-json\/wp\/v2\/types\/post"}],"author":[{"embeddable":true,"href":"https:\/\/juzbado.es\/nuevaweb\/wp-json\/wp\/v2\/users\/2"}],"replies":[{"embeddable":true,"href":"https:\/\/juzbado.es\/nuevaweb\/wp-json\/wp\/v2\/comments?post=353"}],"version-history":[{"count":0,"href":"https:\/\/juzbado.es\/nuevaweb\/wp-json\/wp\/v2\/posts\/353\/revisions"}],"wp:attachment":[{"href":"https:\/\/juzbado.es\/nuevaweb\/wp-json\/wp\/v2\/media?parent=353"}],"wp:term":[{"taxonomy":"category","embeddable":true,"href":"https:\/\/juzbado.es\/nuevaweb\/wp-json\/wp\/v2\/categories?post=353"},{"taxonomy":"post_tag","embeddable":true,"href":"https:\/\/juzbado.es\/nuevaweb\/wp-json\/wp\/v2\/tags?post=353"}],"curies":[{"name":"wp","href":"https:\/\/api.w.org\/{rel}","templated":true}]}}