{"id":358,"date":"2020-03-26T13:30:00","date_gmt":"2020-03-26T12:30:00","guid":{"rendered":"http:\/\/juzbado.es\/nuevaweb\/2020\/03\/26\/un-programa-de-radio-contra-el-coronavirus\/"},"modified":"2020-03-26T13:30:00","modified_gmt":"2020-03-26T12:30:00","slug":"un-programa-de-radio-contra-el-coronavirus","status":"publish","type":"post","link":"https:\/\/juzbado.es\/nuevaweb\/2020\/03\/26\/un-programa-de-radio-contra-el-coronavirus\/","title":{"rendered":"UN PROGRAMA DE RADIO CONTRA EL CORONAVIRUS"},"content":{"rendered":"<div style=\"text-align: justify;\">\n<span style=\"font-size: large;\"><span style=\"font-family: &quot;arial&quot; , &quot;helvetica&quot; , sans-serif;\">Hola, desde el colectivo Khora nos piden el favor de distribuiros personalmente este mensaje para activar un <a href=\"https:\/\/juzbado.blogspot.com\/2020\/02\/juzbado-participa-en-el-programa.html\" target=\"_blank\">programa de radio de Juzbado<\/a> durante la cuarentena.&nbsp; Desde el Ayuntamiento pensamos que es una muy buena idea y adem\u00e1s <a href=\"https:\/\/www.ivoox.com\/onda-juzbado_sb.html?sb=onda+juzbado\" target=\"_blank\">tenemos ya experiencia<\/a>.&nbsp; Compartimos el mensaje para que vay\u00e1is ya pensando ideas para grabar audios.&nbsp; El resultado ser\u00e1 sin duda un testimonio para las generaciones futuras de lo ocurrido a principios de 2020:&nbsp;<\/span><\/span><\/div>\n<div style=\"clear: both; text-align: center;\">\n<a href=\"https:\/\/blogger.googleusercontent.com\/img\/b\/R29vZ2xl\/AVvXsEiG1YgdRQ-LZ-l_hQTJZuIQESSLkWgr7BxwdXqBh_099uFtNl9TwqvN3OcRSBJVgd_Lgpnv_ILBaImFQ4XKRSjeXD20-NJYTz9vosFwkYFGBd_MhAnUnFIcTxB3tRO0CF8L1JNPLg2g1zI\/s1600\/cartel+radio+horizontal+juzbado.jpg\" style=\"margin-left: 1em; margin-right: 1em;\"><img loading=\"lazy\" decoding=\"async\" border=\"0\" data-original-height=\"1132\" data-original-width=\"1600\" height=\"452\" src=\"https:\/\/blogger.googleusercontent.com\/img\/b\/R29vZ2xl\/AVvXsEiG1YgdRQ-LZ-l_hQTJZuIQESSLkWgr7BxwdXqBh_099uFtNl9TwqvN3OcRSBJVgd_Lgpnv_ILBaImFQ4XKRSjeXD20-NJYTz9vosFwkYFGBd_MhAnUnFIcTxB3tRO0CF8L1JNPLg2g1zI\/s640\/cartel+radio+horizontal+juzbado.jpg\" width=\"640\" \/><\/a><\/div>\n<div style=\"text-align: justify;\">\n<span style=\"font-size: large;\"><span style=\"font-family: &quot;arial&quot; , &quot;helvetica&quot; , sans-serif;\"><br \/><i>Hola a todos, seguimos de confinamiento ante la emergencia sanitaria y desde el Colectivo Khora queremos ofreceros un trozo de cielo m\u00e1s amplio del que se ve desde nuestras ventanas.&nbsp; M\u00e1s que nunca, es necesario seguir ENREDAD@s y conectadas con todo lo que&nbsp; est\u00e1 ocurriendo estos d\u00edas en nuestras ciudades y pueblos.<\/i><\/span><\/span><\/div>\n<div style=\"text-align: justify;\">\n<i><span style=\"font-size: large;\"><span style=\"font-family: &quot;arial&quot; , &quot;helvetica&quot; , sans-serif;\"><br \/>Os proponemos hacer un intercambio de experiencias de lo que est\u00e1is viviendo en vuestros pueblos y hogares, para difundirlo a trav\u00e9s de nuestro PROGRAMA DE RADIO #MayoresEnredad@sEnCuarentena.&nbsp; Pod\u00e9is hacernos llegar vuestros audios grabados a trav\u00e9s del WhatsApp o bien llam\u00e1ndonos por tel\u00e9fono al 644 476 239.<\/span><\/span><\/i><\/div>\n<div style=\"text-align: justify;\">\n<i><span style=\"font-size: large;\"><span style=\"font-family: &quot;arial&quot; , &quot;helvetica&quot; , sans-serif;\"><br \/>Os proponemos algunos temas:<\/span><\/span><\/i><\/div>\n<div style=\"text-align: justify;\">\n<i><span style=\"font-size: large;\"><span style=\"font-family: &quot;arial&quot; , &quot;helvetica&quot; , sans-serif;\"><br \/>\u00bfQu\u00e9 opin\u00e1is acerca de todo lo que est\u00e1 pasando estas \u00faltimas semanas?&nbsp; \u00bfC\u00f3mo se vive confinado en un pueblo?&nbsp; \u00bfHa cambiado mucho vuestra rutina diaria? \u00bfqu\u00e9 cosas nuevas hac\u00e9is? \u00bfqu\u00e9 mensajes y\/o deseos quer\u00e9is comopartir? etc..<\/span><\/span><\/i><\/div>\n<div style=\"text-align: justify;\">\n<i><span style=\"font-size: large;\"><span style=\"font-family: &quot;arial&quot; , &quot;helvetica&quot; , sans-serif;\"><br \/>Para aquellas que quer\u00e1is aprender a mandar audios a trav\u00e9s de WhatsApp, os enviamos tambi\u00e9n un peque\u00f1o video-tutorial explicativo de c\u00f3mo hacerlo.&nbsp; Una vez recibidos los mensajes y hechas las grabaciones telef\u00f3nicas, difundiremos el programa de radio <a href=\"http:\/\/colectivokhora.es\/\" target=\"_blank\">a trav\u00e9s de nuestra web<\/a> y <a href=\"https:\/\/www.instagram.com\/colectivo.khora\/\" target=\"_blank\">redes sociales (instagram)<\/a><\/span><\/span><\/i><\/div>\n<div style=\"text-align: justify;\">\n<i><span style=\"font-size: large;\"><span style=\"font-family: &quot;arial&quot; , &quot;helvetica&quot; , sans-serif;\">y <a href=\"https:\/\/twitter.com\/KHORA_Colectivo\" target=\"_blank\">redes sociales (twitter)<\/a><\/span><\/span><\/i><\/div>\n<div style=\"text-align: justify;\">\n<i><span style=\"font-size: large;\"><span style=\"font-family: &quot;arial&quot; , &quot;helvetica&quot; , sans-serif;\"><br \/>Muchas gracias por vuestra participaci\u00f3n y difusi\u00f3n.<\/span><\/span><\/i><\/div>\n","protected":false},"excerpt":{"rendered":"<p>Hola, desde el colectivo Khora nos piden el favor de distribuiros personalmente este mensaje para activar un programa de radio de Juzbado durante la cuarentena.&nbsp; Desde el Ayuntamiento pensamos que es una muy buena idea y adem\u00e1s tenemos ya experiencia.&nbsp; Compartimos el mensaje para que vay\u00e1is ya pensando ideas para grabar audios.&nbsp; El resultado ser\u00e1 [&hellip;]<\/p>\n","protected":false},"author":2,"featured_media":0,"comment_status":"open","ping_status":"open","sticky":false,"template":"","format":"standard","meta":{"saved_in_kubio":false,"footnotes":""},"categories":[122,118],"tags":[],"class_list":["post-358","post","type-post","status-publish","format-standard","hentry","category-khora","category-radio"],"_links":{"self":[{"href":"https:\/\/juzbado.es\/nuevaweb\/wp-json\/wp\/v2\/posts\/358","targetHints":{"allow":["GET"]}}],"collection":[{"href":"https:\/\/juzbado.es\/nuevaweb\/wp-json\/wp\/v2\/posts"}],"about":[{"href":"https:\/\/juzbado.es\/nuevaweb\/wp-json\/wp\/v2\/types\/post"}],"author":[{"embeddable":true,"href":"https:\/\/juzbado.es\/nuevaweb\/wp-json\/wp\/v2\/users\/2"}],"replies":[{"embeddable":true,"href":"https:\/\/juzbado.es\/nuevaweb\/wp-json\/wp\/v2\/comments?post=358"}],"version-history":[{"count":0,"href":"https:\/\/juzbado.es\/nuevaweb\/wp-json\/wp\/v2\/posts\/358\/revisions"}],"wp:attachment":[{"href":"https:\/\/juzbado.es\/nuevaweb\/wp-json\/wp\/v2\/media?parent=358"}],"wp:term":[{"taxonomy":"category","embeddable":true,"href":"https:\/\/juzbado.es\/nuevaweb\/wp-json\/wp\/v2\/categories?post=358"},{"taxonomy":"post_tag","embeddable":true,"href":"https:\/\/juzbado.es\/nuevaweb\/wp-json\/wp\/v2\/tags?post=358"}],"curies":[{"name":"wp","href":"https:\/\/api.w.org\/{rel}","templated":true}]}}