{"id":36,"date":"2024-09-05T18:58:00","date_gmt":"2024-09-05T16:58:00","guid":{"rendered":"http:\/\/juzbado.es\/nuevaweb\/2024\/09\/05\/vinos-y-musica-en-el-salon-de-actos\/"},"modified":"2024-09-05T18:58:00","modified_gmt":"2024-09-05T16:58:00","slug":"vinos-y-musica-en-el-salon-de-actos","status":"publish","type":"post","link":"https:\/\/juzbado.es\/nuevaweb\/2024\/09\/05\/vinos-y-musica-en-el-salon-de-actos\/","title":{"rendered":"VINOS Y M\u00daSICA EN EL SAL\u00d3N DE ACTOS"},"content":{"rendered":"<p style=\"text-align: justify;\"><span style=\"font-family: arial;\"><span style=\"font-size: medium;\">La cata de vinos con m\u00fasica celebrada el pasado 16 de agosto (2024) en el<br \/>\nsal\u00f3n de actos deja las siguientes im\u00e1genes.<span>&nbsp;<br \/>\n<\/span>Hemos de manifestar nuestra satisfacci\u00f3n por esta segunda edici\u00f3n de una<br \/>\npropuesta de participaci\u00f3n gratuita dirigida a todos los vecinos mayores de<br \/>\nedad en la que se marida la m\u00fasica con el vino o viceversa. <span>&nbsp;&nbsp;<\/span>Ello fue posible gracias a la direcci\u00f3n de<br \/>\nRa\u00fal Mart\u00edn Cuadrado, sumiller, docente y gran conocedor de nuestra comarca y a<br \/>\nPatricia Mart\u00edn, m\u00fasica y psic\u00f3loga que aderez\u00f3 junto a muchos vecinos (estaba<br \/>\nel sal\u00f3n lleno) la cata con una rica y variada propuesta musical interpretada con voz y diferentes<br \/>\ninstrumentos.<span>&nbsp; <\/span>A los dos nuestra<br \/>\nenhorabuena y agradecimiento.<span>&nbsp;<br \/>\n<\/span>Agradecemos tambi\u00e9n a Mar\u00eda su disposici\u00f3n en el soporte t\u00e9cnico.<\/span><\/span><\/p>\n<p style=\"text-align: justify;\"><span style=\"font-family: arial;\"><span style=\"font-size: medium;\"><a href=\"https:\/\/blogger.googleusercontent.com\/img\/b\/R29vZ2xl\/AVvXsEgAkDi8pTPNzR3dJEGemarao4d5PJapE81ADvBjjz3TaJLQVzcfgW8qx9FSL4ge1gimGpLFgZUXzXDgyEjWXDwfMq3Oesi2RuYyBv5yLbtvTAL0-7_fJqgAvXLilaJFTYVtbgknuz7DtXLNjuR80MzVcLtC6zJMu275-zyL-PIZqDY7FhNPGhhHdTF2lS8\/s1600\/WhatsApp%20Image%202024-09-05%20at%2019.39.33.jpeg\" style=\"margin-left: 1em; margin-right: 1em;\"><img loading=\"lazy\" decoding=\"async\" alt=\"Juzbado, Patricia Mart\u00edn, Ra\u00fal Mart\u00edn Cuadrado, Cata de vinos, agosto 2024\" border=\"0\" data-original-height=\"739\" data-original-width=\"1600\" height=\"296\" src=\"https:\/\/blogger.googleusercontent.com\/img\/b\/R29vZ2xl\/AVvXsEgAkDi8pTPNzR3dJEGemarao4d5PJapE81ADvBjjz3TaJLQVzcfgW8qx9FSL4ge1gimGpLFgZUXzXDgyEjWXDwfMq3Oesi2RuYyBv5yLbtvTAL0-7_fJqgAvXLilaJFTYVtbgknuz7DtXLNjuR80MzVcLtC6zJMu275-zyL-PIZqDY7FhNPGhhHdTF2lS8\/w640-h296\/WhatsApp%20Image%202024-09-05%20at%2019.39.33.jpeg\" title=\"Juzbado, Patricia Mart\u00edn, Ra\u00fal Mart\u00edn Cuadrado, Cata de vinos, agosto 2024\" width=\"640\" \/><\/a><\/span><\/span><span style=\"font-family: arial;\"><span style=\"font-size: medium;\"> <br \/><\/span><\/span><\/p>\n<p style=\"text-align: justify;\"><span style=\"font-family: arial;\"><span style=\"font-size: medium;\"><\/span><\/span><\/p>\n<div style=\"clear: both; text-align: center;\"><span style=\"font-size: medium;\"><a href=\"https:\/\/blogger.googleusercontent.com\/img\/b\/R29vZ2xl\/AVvXsEj1eIHjxp4RWG6slVRXtmlCOW7uYIkhFRYiY-vJqVg1Mh3vDv7D9v2CsIgqefvL7rw0yUwgMe9BmPdd22f1QIU5di9I4Cpn8hSiyNeTek1BryHbsD5yR65hoLWtvXKwB2B2wduB8WGRnX_0lSzy9duCCKlaFwfSAMaZ2URnPwlIC8KmG_hvLE6M4y9kO0Y\/s1600\/WhatsApp%20Image%202024-09-05%20at%2019.56.11.jpeg\" style=\"margin-left: 1em; margin-right: 1em;\"><img loading=\"lazy\" decoding=\"async\" alt=\"Juzbado, Patricia Mart\u00edn, Ra\u00fal Mart\u00edn Cuadrado, Cata de vinos, agosto 2024\" border=\"0\" data-original-height=\"1600\" data-original-width=\"739\" height=\"640\" src=\"https:\/\/blogger.googleusercontent.com\/img\/b\/R29vZ2xl\/AVvXsEj1eIHjxp4RWG6slVRXtmlCOW7uYIkhFRYiY-vJqVg1Mh3vDv7D9v2CsIgqefvL7rw0yUwgMe9BmPdd22f1QIU5di9I4Cpn8hSiyNeTek1BryHbsD5yR65hoLWtvXKwB2B2wduB8WGRnX_0lSzy9duCCKlaFwfSAMaZ2URnPwlIC8KmG_hvLE6M4y9kO0Y\/w296-h640\/WhatsApp%20Image%202024-09-05%20at%2019.56.11.jpeg\" title=\"Juzbado, Patricia Mart\u00edn, Ra\u00fal Mart\u00edn Cuadrado, Cata de vinos, agosto 2024\" width=\"296\" \/><\/a><\/span><\/div>\n<p><span style=\"font-size: medium;\"><\/p>\n<p>&nbsp;<\/span><\/p>\n","protected":false},"excerpt":{"rendered":"<p>La cata de vinos con m\u00fasica celebrada el pasado 16 de agosto (2024) en el sal\u00f3n de actos deja las siguientes im\u00e1genes.&nbsp; Hemos de manifestar nuestra satisfacci\u00f3n por esta segunda edici\u00f3n de una propuesta de participaci\u00f3n gratuita dirigida a todos los vecinos mayores de edad en la que se marida la m\u00fasica con el vino [&hellip;]<\/p>\n","protected":false},"author":2,"featured_media":0,"comment_status":"open","ping_status":"open","sticky":false,"template":"","format":"standard","meta":{"saved_in_kubio":false,"footnotes":""},"categories":[116,25,115],"tags":[],"class_list":["post-36","post","type-post","status-publish","format-standard","hentry","category-cata-de-vinos","category-patricia-martin","category-raul-martin-cuadrado"],"_links":{"self":[{"href":"https:\/\/juzbado.es\/nuevaweb\/wp-json\/wp\/v2\/posts\/36","targetHints":{"allow":["GET"]}}],"collection":[{"href":"https:\/\/juzbado.es\/nuevaweb\/wp-json\/wp\/v2\/posts"}],"about":[{"href":"https:\/\/juzbado.es\/nuevaweb\/wp-json\/wp\/v2\/types\/post"}],"author":[{"embeddable":true,"href":"https:\/\/juzbado.es\/nuevaweb\/wp-json\/wp\/v2\/users\/2"}],"replies":[{"embeddable":true,"href":"https:\/\/juzbado.es\/nuevaweb\/wp-json\/wp\/v2\/comments?post=36"}],"version-history":[{"count":0,"href":"https:\/\/juzbado.es\/nuevaweb\/wp-json\/wp\/v2\/posts\/36\/revisions"}],"wp:attachment":[{"href":"https:\/\/juzbado.es\/nuevaweb\/wp-json\/wp\/v2\/media?parent=36"}],"wp:term":[{"taxonomy":"category","embeddable":true,"href":"https:\/\/juzbado.es\/nuevaweb\/wp-json\/wp\/v2\/categories?post=36"},{"taxonomy":"post_tag","embeddable":true,"href":"https:\/\/juzbado.es\/nuevaweb\/wp-json\/wp\/v2\/tags?post=36"}],"curies":[{"name":"wp","href":"https:\/\/api.w.org\/{rel}","templated":true}]}}