{"id":361,"date":"2020-03-16T14:01:00","date_gmt":"2020-03-16T13:01:00","guid":{"rendered":"http:\/\/juzbado.es\/nuevaweb\/2020\/03\/16\/cambios-en-la-atencion-a-vecinos-desde-la-secretaria-del-ayuntamiento\/"},"modified":"2020-03-16T14:01:00","modified_gmt":"2020-03-16T13:01:00","slug":"cambios-en-la-atencion-a-vecinos-desde-la-secretaria-del-ayuntamiento","status":"publish","type":"post","link":"https:\/\/juzbado.es\/nuevaweb\/2020\/03\/16\/cambios-en-la-atencion-a-vecinos-desde-la-secretaria-del-ayuntamiento\/","title":{"rendered":"CAMBIOS EN LA ATENCI\u00d3N A VECINOS DESDE LA SECRETAR\u00cdA DEL AYUNTAMIENTO"},"content":{"rendered":"<div style=\"text-align: justify;\">\n<span style=\"font-family: arial;\"><span style=\"font-size: medium;\"><span face=\"&quot;arial&quot; , &quot;helvetica&quot; , sans-serif\">Estimados vecinos\/as,<\/span><\/span><\/span><\/div>\n<p><span style=\"font-family: arial;\"><span style=\"font-size: medium;\"><br \/>\n<\/span><\/span><\/p>\n<div style=\"text-align: justify;\">\n<span style=\"font-family: arial;\"><span style=\"font-size: medium;\"><span face=\"&quot;arial&quot; , &quot;helvetica&quot; , sans-serif\"><br \/>Ante la aprobaci\u00f3n Real Decreto 463\/2020, de 14 de marzo, por el que se declara el estado de alarma para la gesti\u00f3n de la situaci\u00f3n de crisis sanitaria ocasionada por el COVID-19, Mediante la presente, se comunica a todos los vecinos\/as de Juzbado que la ATENCI\u00d3N DE LA OFICINA queda restringida a los siguientes medios:<\/span><\/span><\/span><\/div>\n<p><span style=\"font-family: arial;\"><span style=\"font-size: medium;\"><br \/>\n<\/span><\/span><\/p>\n<div style=\"text-align: justify;\">\n<span style=\"font-family: arial;\"><span style=\"font-size: medium;\"><span face=\"&quot;arial&quot; , &quot;helvetica&quot; , sans-serif\"><br \/>En el horario habitual de Lunes y Viernes de 9:00 h a 14:00 h.&nbsp;<\/span><\/span><span style=\"font-size: medium;\"><br \/><\/span><\/span><br \/>\n<span style=\"font-family: arial;\"><span style=\"font-size: medium;\"><span face=\"&quot;arial&quot; , &quot;helvetica&quot; , sans-serif\"><b><span style=\"color: red;\"><br \/>TEL\u00c9FONO: 923 32 13 36<\/span><\/b><\/span><\/span><\/span><\/div>\n<p><span style=\"font-family: arial;\"><span style=\"font-size: medium;\"><br \/>\n<\/span><\/span><\/p>\n<div style=\"text-align: justify;\">\n<span style=\"font-family: arial;\"><span style=\"font-size: medium;\"><b><span style=\"color: red;\"><span><span face=\"&quot;arial&quot; , &quot;helvetica&quot; , sans-serif\"><br \/>CORREO ELECTR\u00d3NICO:&nbsp;<\/span><\/span><\/span><\/b><\/span><\/span><\/div>\n<p><span style=\"font-family: arial;\"><span style=\"font-size: medium;\"><br \/>\n<\/span><\/span><\/p>\n<div style=\"text-align: justify;\">\n<span style=\"font-family: arial;\"><span style=\"font-size: medium;\"><b><span style=\"color: red;\"><span><span face=\"&quot;arial&quot; , &quot;helvetica&quot; , sans-serif\">juzbadoayuntamiento@juzbado.es<\/span><\/span><\/span><\/b><\/span><\/span><\/div>\n<p><span style=\"font-family: arial;\"><span style=\"font-size: medium;\"><br \/>\n<\/span><\/span><\/p>\n<div style=\"text-align: justify;\">\n<span style=\"font-family: arial;\"><span style=\"font-size: medium;\"><span face=\"&quot;arial&quot; , &quot;helvetica&quot; , sans-serif\"><br \/>PARA DEJAR CUALQUIER DOCUMENTACI\u00d3N: DEPOSITARLA EN EL BUZ\u00d3N DEL AYUNTAMIENTO<\/span><\/span><\/span><\/div>\n<p><span style=\"font-family: arial;\"><span style=\"font-size: medium;\"><br \/>\n<\/span><\/span><\/p>\n<div style=\"text-align: justify;\">\n<span style=\"font-family: arial;\"><span style=\"color: red; font-size: medium;\"><b><span><span face=\"&quot;arial&quot; , &quot;helvetica&quot; , sans-serif\"><br \/>La atenci\u00f3n presencial queda por el momento suspendida.<\/span><\/span><\/b><\/span><\/span><\/div>\n<p><span style=\"font-family: arial;\"><span style=\"font-size: medium;\"><br \/>\n<\/span><\/span><\/p>\n<div style=\"text-align: justify;\">\n<span style=\"font-family: arial;\"><span style=\"font-size: medium;\"><span face=\"&quot;arial&quot; , &quot;helvetica&quot; , sans-serif\"><br \/>As\u00ed mismo, se informa que seg\u00fan el la Disposici\u00f3n adicional tercera del mismo RD recoge la suspensi\u00f3n de plazos administrativos, de tal manera que: \u00ab1. Se suspenden t\u00e9rminos y se interrumpen los plazos para la tramitaci\u00f3n de los procedimientos de las entidades del sector p\u00fablico. El c\u00f3mputo de los plazos se reanudar\u00e1 en el momento en que pierda vigencia el presente real decreto o, en su caso, las pr\u00f3rrogas del mismo.<\/span><\/span><\/span><\/div>\n<p><span style=\"font-family: arial;\"><span style=\"font-size: medium;\"><br \/>\n<\/span><\/span><\/p>\n<div style=\"text-align: justify;\"><span style=\"font-family: arial;\"><span style=\"font-size: medium;\"><br \/>\n<span><span face=\"&quot;arial&quot; , &quot;helvetica&quot; , sans-serif\"><br \/>Fdo. Fernando Rubio de la Iglesia (EL ALCALDE)<\/span><\/span><\/span><\/span><\/p>\n<div style=\"clear: both; text-align: center;\">\n<a href=\"https:\/\/blogger.googleusercontent.com\/img\/b\/R29vZ2xl\/AVvXsEjrdP0ciz14jC11ea_M9xvS_RRLoPDGgOUEdvNqUn969ax1P-tbw3QLOfIOh43ozmQpZC8GDOfBMpHZtpqdg5pf8-8eU1dIym4Ku1n5OoRG9Xn3x3c-z9EDieHdJigV5wuoDogdLbRCMXk\/s1600\/CARTEL+HORARIO+OFICINA.jpg\" style=\"margin-left: 1em; margin-right: 1em;\"><img loading=\"lazy\" decoding=\"async\" alt=\"Juzbado, COVID-19\" border=\"0\" data-original-height=\"1119\" data-original-width=\"1600\" height=\"446\" src=\"https:\/\/blogger.googleusercontent.com\/img\/b\/R29vZ2xl\/AVvXsEjrdP0ciz14jC11ea_M9xvS_RRLoPDGgOUEdvNqUn969ax1P-tbw3QLOfIOh43ozmQpZC8GDOfBMpHZtpqdg5pf8-8eU1dIym4Ku1n5OoRG9Xn3x3c-z9EDieHdJigV5wuoDogdLbRCMXk\/s640\/CARTEL+HORARIO+OFICINA.jpg\" title=\"Juzbado, COVID-19\" width=\"640\" \/><\/a><\/div>\n<\/div>\n","protected":false},"excerpt":{"rendered":"<p>Estimados vecinos\/as, Ante la aprobaci\u00f3n Real Decreto 463\/2020, de 14 de marzo, por el que se declara el estado de alarma para la gesti\u00f3n de la situaci\u00f3n de crisis sanitaria ocasionada por el COVID-19, Mediante la presente, se comunica a todos los vecinos\/as de Juzbado que la ATENCI\u00d3N DE LA OFICINA queda restringida a los [&hellip;]<\/p>\n","protected":false},"author":2,"featured_media":0,"comment_status":"open","ping_status":"open","sticky":false,"template":"","format":"standard","meta":{"saved_in_kubio":false,"footnotes":""},"categories":[621],"tags":[],"class_list":["post-361","post","type-post","status-publish","format-standard","hentry","category-secretaria"],"_links":{"self":[{"href":"https:\/\/juzbado.es\/nuevaweb\/wp-json\/wp\/v2\/posts\/361","targetHints":{"allow":["GET"]}}],"collection":[{"href":"https:\/\/juzbado.es\/nuevaweb\/wp-json\/wp\/v2\/posts"}],"about":[{"href":"https:\/\/juzbado.es\/nuevaweb\/wp-json\/wp\/v2\/types\/post"}],"author":[{"embeddable":true,"href":"https:\/\/juzbado.es\/nuevaweb\/wp-json\/wp\/v2\/users\/2"}],"replies":[{"embeddable":true,"href":"https:\/\/juzbado.es\/nuevaweb\/wp-json\/wp\/v2\/comments?post=361"}],"version-history":[{"count":0,"href":"https:\/\/juzbado.es\/nuevaweb\/wp-json\/wp\/v2\/posts\/361\/revisions"}],"wp:attachment":[{"href":"https:\/\/juzbado.es\/nuevaweb\/wp-json\/wp\/v2\/media?parent=361"}],"wp:term":[{"taxonomy":"category","embeddable":true,"href":"https:\/\/juzbado.es\/nuevaweb\/wp-json\/wp\/v2\/categories?post=361"},{"taxonomy":"post_tag","embeddable":true,"href":"https:\/\/juzbado.es\/nuevaweb\/wp-json\/wp\/v2\/tags?post=361"}],"curies":[{"name":"wp","href":"https:\/\/api.w.org\/{rel}","templated":true}]}}