{"id":362,"date":"2020-03-13T11:05:00","date_gmt":"2020-03-13T10:05:00","guid":{"rendered":"http:\/\/juzbado.es\/nuevaweb\/2020\/03\/13\/suspension-de-las-consultas-medicas-para-los-vecinos-ante-el-covid-19\/"},"modified":"2020-03-13T11:05:00","modified_gmt":"2020-03-13T10:05:00","slug":"suspension-de-las-consultas-medicas-para-los-vecinos-ante-el-covid-19","status":"publish","type":"post","link":"https:\/\/juzbado.es\/nuevaweb\/2020\/03\/13\/suspension-de-las-consultas-medicas-para-los-vecinos-ante-el-covid-19\/","title":{"rendered":"SUSPENSI\u00d3N DE LAS CONSULTAS M\u00c9DICAS PARA LOS VECINOS ANTE EL COVID-19"},"content":{"rendered":"<div style=\"text-align: justify;\">\n<div style=\"clear: both; text-align: center;\">\n<a href=\"https:\/\/blogger.googleusercontent.com\/img\/b\/R29vZ2xl\/AVvXsEgzKdH7CM8sj8TMVIbfTW1i1IKoWU_v5VlH1sUVTpb8h4AcaDPtLXT1TT2RnvDIoTTUjxJvRzdseKrpULKfSibukyQ1Ung_i5n4hSu1-4ZaUmd7vlxTv2b3aGj-WJZTUrVkCR3OsWrAQsU\/s1600\/WhatsApp+Image+2020-03-16+at+10.43.21.jpeg\" style=\"margin-left: 1em; margin-right: 1em;\"><img loading=\"lazy\" decoding=\"async\" border=\"0\" data-original-height=\"1131\" data-original-width=\"1600\" height=\"452\" src=\"https:\/\/blogger.googleusercontent.com\/img\/b\/R29vZ2xl\/AVvXsEgzKdH7CM8sj8TMVIbfTW1i1IKoWU_v5VlH1sUVTpb8h4AcaDPtLXT1TT2RnvDIoTTUjxJvRzdseKrpULKfSibukyQ1Ung_i5n4hSu1-4ZaUmd7vlxTv2b3aGj-WJZTUrVkCR3OsWrAQsU\/s640\/WhatsApp+Image+2020-03-16+at+10.43.21.jpeg\" width=\"640\" \/><\/a><\/div>\n<p>\n<span style=\"font-size: large;\"><span style=\"font-family: &quot;arial&quot; , &quot;helvetica&quot; , sans-serif;\"><span style=\"color: red;\"><span style=\"font-family: &quot;arial&quot; , &quot;helvetica&quot; , sans-serif;\"><span lang=\"es\" style=\"line-height: 119%;\">Para recetas y renovaci\u00f3n de receta electr\u00f3nica se ruega solicitar la medicaci\u00f3n cr\u00f3nica directamente en la farmacia, ser\u00e1 la farmac\u00e9utica la encargada de solicitar la receta a la doctora.&nbsp;&nbsp; Para tr\u00e1mites burocr\u00e1ticos no urgentes ( anal\u00edticas rutinarias, interconsultas sin car\u00e1cter urgente etc, etc&#8230;) se ruega posponerlo unas tres semanas hasta que la situaci\u00f3n epidemiolog\u00edca mejore.<\/span><span lang=\"es\" style=\"font-weight: bold; line-height: 119%;\">&nbsp; Si FIEBRE, TOS O DIFICULTAD RESPIRATORIA no acudan a consulta, mejor consultar por tel\u00e9fono y se valorar\u00e1 como atenderles.<\/span><\/span><b><span style=\"font-size: medium;\"><span style=\"font-family: &quot;arial&quot; , &quot;helvetica&quot; , sans-serif;\"><span lang=\"es\" style=\"line-height: 119%;\">&nbsp;<\/span><\/span><\/span><\/b><\/span><\/span><\/span><\/p>\n<div style=\"text-align: center;\">\n<span style=\"color: red;\"><b><span style=\"font-size: large;\"><span style=\"font-family: &quot;arial&quot; , &quot;helvetica&quot; , sans-serif;\"><span lang=\"es\" style=\"line-height: 119%;\">Tel\u00e9fono sospecha coronavirus 900 222 000.<\/span><\/span><\/span><\/b><\/span><\/div>\n<\/div>\n<div style=\"mso-pagination: none; text-align: center; text-align: center;\">\n<span style=\"color: red;\"><b><span style=\"font-size: large;\"><span style=\"font-family: &quot;arial&quot; , &quot;helvetica&quot; , sans-serif;\"><span lang=\"es\" style=\"line-height: 119%;\">&nbsp;Tel\u00e9fono Centro Salud Villares&nbsp; 923 12 22 80<\/span><\/span><\/span><\/b><\/span><br \/>\n<span style=\"color: red;\"><b><span style=\"font-size: large;\"><span style=\"font-family: &quot;arial&quot; , &quot;helvetica&quot; , sans-serif;\"><span lang=\"es\" style=\"line-height: 119%;\">GRACIAS POR VUESTRA COLABORACI\u00d3N<\/span><\/span><\/span><\/b><\/span><\/div>\n<div style=\"mso-pagination: none;\">\n<\/div>\n<div style=\"clear: both; text-align: center;\">\n<a href=\"https:\/\/blogger.googleusercontent.com\/img\/b\/R29vZ2xl\/AVvXsEiSdESr6cFCz6H_YPKD8FIG94UuZWxMbeVG4K6oFGEIkA0cpNVlln4jdB6dFy2SJ7AihhYbWtI7T4V-1u2cQuSzJNy4WHWQ_gIZH_tFpz_AzGRPOWTAa9vu4c_J1-SHilUhn8Zh47ElsBc\/s1600\/imprimir+A4.jpeg\" style=\"margin-left: 1em; margin-right: 1em;\"><img loading=\"lazy\" decoding=\"async\" alt=\"Juzbado, covid-19\" border=\"0\" data-original-height=\"1236\" data-original-width=\"1600\" height=\"494\" src=\"https:\/\/blogger.googleusercontent.com\/img\/b\/R29vZ2xl\/AVvXsEiSdESr6cFCz6H_YPKD8FIG94UuZWxMbeVG4K6oFGEIkA0cpNVlln4jdB6dFy2SJ7AihhYbWtI7T4V-1u2cQuSzJNy4WHWQ_gIZH_tFpz_AzGRPOWTAa9vu4c_J1-SHilUhn8Zh47ElsBc\/s640\/imprimir+A4.jpeg\" title=\"Juzbado, covid-19\" width=\"640\" \/><\/a><\/div>\n<p><\/p>\n","protected":false},"excerpt":{"rendered":"<p>Para recetas y renovaci\u00f3n de receta electr\u00f3nica se ruega solicitar la medicaci\u00f3n cr\u00f3nica directamente en la farmacia, ser\u00e1 la farmac\u00e9utica la encargada de solicitar la receta a la doctora.&nbsp;&nbsp; Para tr\u00e1mites burocr\u00e1ticos no urgentes ( anal\u00edticas rutinarias, interconsultas sin car\u00e1cter urgente etc, etc&#8230;) se ruega posponerlo unas tres semanas hasta que la situaci\u00f3n epidemiolog\u00edca mejore.&nbsp; [&hellip;]<\/p>\n","protected":false},"author":2,"featured_media":0,"comment_status":"open","ping_status":"open","sticky":false,"template":"","format":"standard","meta":{"saved_in_kubio":false,"footnotes":""},"categories":[1],"tags":[],"class_list":["post-362","post","type-post","status-publish","format-standard","hentry","category-sin-categoria"],"_links":{"self":[{"href":"https:\/\/juzbado.es\/nuevaweb\/wp-json\/wp\/v2\/posts\/362","targetHints":{"allow":["GET"]}}],"collection":[{"href":"https:\/\/juzbado.es\/nuevaweb\/wp-json\/wp\/v2\/posts"}],"about":[{"href":"https:\/\/juzbado.es\/nuevaweb\/wp-json\/wp\/v2\/types\/post"}],"author":[{"embeddable":true,"href":"https:\/\/juzbado.es\/nuevaweb\/wp-json\/wp\/v2\/users\/2"}],"replies":[{"embeddable":true,"href":"https:\/\/juzbado.es\/nuevaweb\/wp-json\/wp\/v2\/comments?post=362"}],"version-history":[{"count":0,"href":"https:\/\/juzbado.es\/nuevaweb\/wp-json\/wp\/v2\/posts\/362\/revisions"}],"wp:attachment":[{"href":"https:\/\/juzbado.es\/nuevaweb\/wp-json\/wp\/v2\/media?parent=362"}],"wp:term":[{"taxonomy":"category","embeddable":true,"href":"https:\/\/juzbado.es\/nuevaweb\/wp-json\/wp\/v2\/categories?post=362"},{"taxonomy":"post_tag","embeddable":true,"href":"https:\/\/juzbado.es\/nuevaweb\/wp-json\/wp\/v2\/tags?post=362"}],"curies":[{"name":"wp","href":"https:\/\/api.w.org\/{rel}","templated":true}]}}