{"id":364,"date":"2020-03-09T15:21:00","date_gmt":"2020-03-09T14:21:00","guid":{"rendered":"http:\/\/juzbado.es\/nuevaweb\/2020\/03\/09\/la-asociacion-de-mujeres-secunda-el-8-de-marzo\/"},"modified":"2020-03-09T15:21:00","modified_gmt":"2020-03-09T14:21:00","slug":"la-asociacion-de-mujeres-secunda-el-8-de-marzo","status":"publish","type":"post","link":"https:\/\/juzbado.es\/nuevaweb\/2020\/03\/09\/la-asociacion-de-mujeres-secunda-el-8-de-marzo\/","title":{"rendered":"LA ASOCIACI\u00d3N DE MUJERES SECUNDA EL 8 DE MARZO"},"content":{"rendered":"<div style=\"line-height: normal; margin-bottom: .0001pt; margin-bottom: 0cm; mso-margin-top-alt: auto; text-align: justify;\">\n<span style=\"font-size: large;\"><span style=\"font-family: &quot;arial&quot; , &quot;helvetica&quot; , sans-serif;\">L<b>a Asociaci\u00f3n de Mujeres de Juzbado re\u00fane a un centenar de vecinos y amigos para la celebraci\u00f3n del 8 de marzo D\u00eda Internacional de la Mujer Trabajadora<\/b>.&nbsp; Tras la lectura de la una declaraci\u00f3n y la puesta en escena de un musical en torno a la mujer titulado \u201cEllas\u201d la conmemoraci\u00f3n finaliza con un chocolate con bollos para todos los asistentes en el sal\u00f3n de actos.<\/span><\/span><\/div>\n<div style=\"line-height: normal; margin-bottom: .0001pt; margin-bottom: 0cm; mso-margin-top-alt: auto; text-align: justify;\">\n<\/div>\n<div style=\"clear: both; text-align: center;\">\n<b style=\"mso-bidi-font-weight: normal;\"><a href=\"https:\/\/blogger.googleusercontent.com\/img\/b\/R29vZ2xl\/AVvXsEjmn7U0zdabkgJXF_uQII5bonBzKLAMZX3HWjadg7sbmOiEQQmiAxqiHMI7f7tk8jL5tv2ETWrtw1E7AwtWl7iklBoZ8rDmsYDjvQdfqTKR3PnJEp1ShuObe-5bmozy7bk9zbgionNv_hs\/s1600\/8+MARZO+MUJER+TRABAJADORA+JUZBADO+%25284%2529+%2528WEB%2529.jpg\" style=\"margin-left: 1em; margin-right: 1em;\"><img loading=\"lazy\" decoding=\"async\" alt=\"Juzbado, 8 de marzo, Asociaci\u00f3n de Mujeres, A Contratiempo, Juzbado 2020\" border=\"0\" data-original-height=\"1068\" data-original-width=\"1600\" height=\"426\" src=\"https:\/\/blogger.googleusercontent.com\/img\/b\/R29vZ2xl\/AVvXsEjmn7U0zdabkgJXF_uQII5bonBzKLAMZX3HWjadg7sbmOiEQQmiAxqiHMI7f7tk8jL5tv2ETWrtw1E7AwtWl7iklBoZ8rDmsYDjvQdfqTKR3PnJEp1ShuObe-5bmozy7bk9zbgionNv_hs\/s640\/8+MARZO+MUJER+TRABAJADORA+JUZBADO+%25284%2529+%2528WEB%2529.jpg\" title=\"Juzbado, 8 de marzo, Asociaci\u00f3n de Mujeres, A Contratiempo, Juzbado 2020\" width=\"640\" \/><\/a><\/b><\/div>\n<p><\/p>\n<div style=\"line-height: normal; margin-bottom: .0001pt; margin-bottom: 0cm; mso-margin-top-alt: auto; text-align: justify;\">\n<span style=\"font-size: large;\"><span style=\"font-family: &quot;arial&quot; , &quot;sans-serif&quot;;\">El domingo 8 de marzo se celebr\u00f3 el <\/span><span style=\"font-family: &quot;times new roman&quot; , &quot;serif&quot;;\"><a href=\"https:\/\/www.un.org\/es\/observances\/womens-day\" target=\"_blank\"><span style=\"color: blue; font-family: &quot;arial&quot; , &quot;sans-serif&quot;;\">D\u00eda Internacional de la Mujer Trabajadora<\/span><\/a><\/span><span style=\"font-family: &quot;arial&quot; , &quot;sans-serif&quot;;\">. Bajo el lema &#8216;Quiero ser como ella&#8217;, este a\u00f1o se pretende reivindicar un espacio para las mujeres, para que se conviertan en referentes sociales y modelos a seguir. La <\/span><span style=\"font-family: &quot;times new roman&quot; , &quot;serif&quot;;\"><a href=\"https:\/\/juzbado.blogspot.com\/p\/asociaciones.html\" target=\"_blank\"><span style=\"color: blue; font-family: &quot;arial&quot; , &quot;sans-serif&quot;;\">Asociaci\u00f3n de Mujeres de Juzbado<\/span><\/a><\/span><span style=\"font-family: &quot;arial&quot; , &quot;sans-serif&quot;;\"> reuni\u00f3 a todos los vecinos y amigos para participar como espectadores en <b>un musical titulado \u201cEllas, la mujer en el musical\u201d<\/b> a cargo del <\/span><span style=\"font-family: &quot;times new roman&quot; , &quot;serif&quot;;\"><a href=\"https:\/\/acontratiempo.org\/\" target=\"_blank\"><span style=\"color: blue; font-family: &quot;arial&quot; , &quot;sans-serif&quot;;\">grupo de teatro musical A Contratiempo<\/span><\/a><\/span><span style=\"font-family: &quot;arial&quot; , &quot;sans-serif&quot;;\"> con sede en A\u00f1over de Tormes. Se trata de un grupo formado por chicos y chicas entre los 13 y los 20 a\u00f1os con una <\/span><span style=\"font-family: &quot;times new roman&quot; , &quot;serif&quot;;\"><a href=\"https:\/\/acontratiempo.org\/historia\/\" target=\"_blank\"><span style=\"color: blue; font-family: &quot;arial&quot; , &quot;sans-serif&quot;;\">s\u00f3lida trayectoria<\/span><\/a><\/span><span style=\"font-family: &quot;arial&quot; , &quot;sans-serif&quot;;\"> y <\/span><span style=\"font-family: &quot;times new roman&quot; , &quot;serif&quot;;\"><a href=\"https:\/\/acontratiempo.org\/direccion-musical\/\" target=\"_blank\"><span style=\"color: blue; font-family: &quot;arial&quot; , &quot;sans-serif&quot;;\">direcci\u00f3n art\u00edstica<\/span><\/a><\/span><span style=\"font-family: &quot;arial&quot; , &quot;sans-serif&quot;;\"> con ganas de compartir su tiempo libre y mejorar d\u00eda a d\u00eda sus capacidades teatrales y musicales.&nbsp;La direcci\u00f3n corri\u00f3 a cargo de docentes del colegio Las Esclavas de Salamanca que tambi\u00e9n desempe\u00f1aron las labores de presentaci\u00f3n e instrumentaci\u00f3n del espect\u00e1culo.&nbsp; <b>Rosana D\u00edez, Sara Garc\u00eda, Susana de Diego, Emma Cabrero y Silvia Vicente<\/b> fueron las mujeres encargadas de poner voz a m\u00e1s de 10 canciones ic\u00f3nicas de musicales como <i>Grease<\/i>, <i>Cats<\/i>, Hoy no me puedo levantar o <i>La La Land<\/i>, recibiendo el aplauso un\u00e1nime de un abarrotado sal\u00f3n de actos.&nbsp;<\/span><\/span><\/div>\n<div style=\"line-height: normal; margin-bottom: .0001pt; margin-bottom: 0cm; mso-margin-top-alt: auto; text-align: justify;\">\n<\/div>\n<div style=\"clear: both; text-align: center;\">\n<a href=\"https:\/\/blogger.googleusercontent.com\/img\/b\/R29vZ2xl\/AVvXsEhlSS8qJwb9jRNa-rDulLyyW5moLZOrnAj2MCNh44tjXArO_MQN2UvwuQQ8H2AFfhgSWpTa42JOywniOgbJEiDyM7jTZVFayyHqClIEzdcLE9WJc48D_JBnCWEJlenK8I53wGwJR_IKRX0\/s1600\/8+MARZO+MUJER+TRABAJADORA+JUZBADO+%25285%2529+%2528WEB%2529.jpg\" style=\"margin-left: 1em; margin-right: 1em;\"><img loading=\"lazy\" decoding=\"async\" alt=\"Juzbado, 8 de marzo, Asociaci\u00f3n de Mujeres, A Contratiempo, Juzbado 2020\" border=\"0\" data-original-height=\"1068\" data-original-width=\"1600\" height=\"426\" src=\"https:\/\/blogger.googleusercontent.com\/img\/b\/R29vZ2xl\/AVvXsEhlSS8qJwb9jRNa-rDulLyyW5moLZOrnAj2MCNh44tjXArO_MQN2UvwuQQ8H2AFfhgSWpTa42JOywniOgbJEiDyM7jTZVFayyHqClIEzdcLE9WJc48D_JBnCWEJlenK8I53wGwJR_IKRX0\/s640\/8+MARZO+MUJER+TRABAJADORA+JUZBADO+%25285%2529+%2528WEB%2529.jpg\" title=\"Juzbado, 8 de marzo, Asociaci\u00f3n de Mujeres, A Contratiempo, Juzbado 2020\" width=\"640\" \/><\/a><\/div>\n<p><span style=\"font-family: &quot;times new roman&quot; , &quot;serif&quot;; font-size: 12.0pt;\"><\/span><\/p>\n<div style=\"line-height: normal; margin-bottom: .0001pt; margin-bottom: 0cm; mso-margin-top-alt: auto; text-align: justify;\">\n<span style=\"font-size: large;\"><span style=\"font-family: &quot;arial&quot; , &quot;sans-serif&quot;;\">El acto estuvo precedido por la lectura de la <b>declaraci\u00f3n del D\u00eda Internacional de Mujer en Juzbado a cargo de la presidenta de la Asociaci\u00f3n Marif\u00e9 Francho y Concepci\u00f3n Fag\u00fandez<\/b>, tesorera de la misma.&nbsp; La declaraci\u00f3n puso el acento en el papel de las mujeres en la lucha de derechos e igualdad salarial as\u00ed como en el llamamiento a las sociedades rurales a seguir defendiendo la igualdad real entre mujeres y hombres en todos los \u00e1mbitos. Tras el espect\u00e1culo la prolija asociaci\u00f3n invit\u00f3 a todos los presentes a un chocolate con bollos.<\/span><\/span><\/div>\n<div style=\"line-height: normal; margin-bottom: .0001pt; margin-bottom: 0cm; mso-margin-top-alt: auto; text-align: justify;\">\n<\/div>\n<div style=\"clear: both; text-align: center;\">\n<a href=\"https:\/\/blogger.googleusercontent.com\/img\/b\/R29vZ2xl\/AVvXsEhMEhz8ZIOOQF-bLN6P1dRIOxrBistEptkE2IFmMStJfDiedqh7m-FMrflaR6ExGz1IFJGcJ5wyWhrdjeXEBdYVJCyh4HN3oDU_OrjjKQPEg42464jJMUnKeZDpxAxBv4pXDI8oihr-VXg\/s1600\/8+MARZO+MUJER+TRABAJADORA+JUZBADO+%25281%2529+%2528WEB%2529.jpg\" style=\"margin-left: 1em; margin-right: 1em;\"><img loading=\"lazy\" decoding=\"async\" alt=\"Juzbado, 8 de marzo, Asociaci\u00f3n de Mujeres, A Contratiempo, Juzbado 2020\" border=\"0\" data-original-height=\"1068\" data-original-width=\"1600\" height=\"426\" src=\"https:\/\/blogger.googleusercontent.com\/img\/b\/R29vZ2xl\/AVvXsEhMEhz8ZIOOQF-bLN6P1dRIOxrBistEptkE2IFmMStJfDiedqh7m-FMrflaR6ExGz1IFJGcJ5wyWhrdjeXEBdYVJCyh4HN3oDU_OrjjKQPEg42464jJMUnKeZDpxAxBv4pXDI8oihr-VXg\/s640\/8+MARZO+MUJER+TRABAJADORA+JUZBADO+%25281%2529+%2528WEB%2529.jpg\" title=\"Juzbado, 8 de marzo, Asociaci\u00f3n de Mujeres, A Contratiempo, Juzbado 2020\" width=\"640\" \/><\/a><\/div>\n<p><span style=\"font-family: &quot;times new roman&quot; , &quot;serif&quot;; font-size: 12.0pt;\"><\/span><\/p>\n<div style=\"line-height: normal; margin-bottom: .0001pt; margin-bottom: 0cm; mso-margin-top-alt: auto; text-align: justify;\">\n<span style=\"font-size: large;\"><span style=\"font-family: &quot;arial&quot; , &quot;sans-serif&quot;;\">Con esta propuesta de celebraci\u00f3n de una fecha tan se\u00f1alada en el calendario anual, <b>la Asociaci\u00f3n de Mujeres de Juzbado pone una vez m\u00e1s de relieve a la mujer rural<\/b> en nuestra provincia y el activo papel del entramado asociativo. El evento cont\u00f3 con el respaldo del <a href=\"http:\/\/juzbado.es\/\" target=\"_blank\">Ayuntamiento de Juzbado<\/a> y la financiaci\u00f3n de la Diputaci\u00f3n de Salamanca, a trav\u00e9s de la <\/span><span style=\"font-family: &quot;times new roman&quot; , &quot;serif&quot;;\"><a href=\"http:\/\/www.dipsanet.es\/bienestarsocial\/mujer\/?p=campo\" target=\"_blank\"><span style=\"color: blue; font-family: &quot;arial&quot; , &quot;sans-serif&quot;;\">Secretar\u00eda de Igualdad<\/span><\/a><\/span><\/span><span style=\"font-family: &quot;arial&quot; , &quot;sans-serif&quot;; font-size: 12.0pt;\"><span style=\"font-size: large;\"> y el <a href=\"https:\/\/acontratiempo.org\/\" target=\"_blank\">CEAS de Ledesma<\/a>.<\/span> <\/span><\/div>\n<p>\n<span style=\"font-family: &quot;arial&quot; , &quot;sans-serif&quot;; font-size: 12.0pt;\"><\/span><span style=\"font-family: &quot;times new roman&quot; , &quot;serif&quot;; font-size: 12.0pt;\"><\/span><\/p>\n","protected":false},"excerpt":{"rendered":"<p>La Asociaci\u00f3n de Mujeres de Juzbado re\u00fane a un centenar de vecinos y amigos para la celebraci\u00f3n del 8 de marzo D\u00eda Internacional de la Mujer Trabajadora.&nbsp; Tras la lectura de la una declaraci\u00f3n y la puesta en escena de un musical en torno a la mujer titulado \u201cEllas\u201d la conmemoraci\u00f3n finaliza con un chocolate [&hellip;]<\/p>\n","protected":false},"author":2,"featured_media":0,"comment_status":"open","ping_status":"open","sticky":false,"template":"","format":"standard","meta":{"saved_in_kubio":false,"footnotes":""},"categories":[1],"tags":[],"class_list":["post-364","post","type-post","status-publish","format-standard","hentry","category-sin-categoria"],"_links":{"self":[{"href":"https:\/\/juzbado.es\/nuevaweb\/wp-json\/wp\/v2\/posts\/364","targetHints":{"allow":["GET"]}}],"collection":[{"href":"https:\/\/juzbado.es\/nuevaweb\/wp-json\/wp\/v2\/posts"}],"about":[{"href":"https:\/\/juzbado.es\/nuevaweb\/wp-json\/wp\/v2\/types\/post"}],"author":[{"embeddable":true,"href":"https:\/\/juzbado.es\/nuevaweb\/wp-json\/wp\/v2\/users\/2"}],"replies":[{"embeddable":true,"href":"https:\/\/juzbado.es\/nuevaweb\/wp-json\/wp\/v2\/comments?post=364"}],"version-history":[{"count":0,"href":"https:\/\/juzbado.es\/nuevaweb\/wp-json\/wp\/v2\/posts\/364\/revisions"}],"wp:attachment":[{"href":"https:\/\/juzbado.es\/nuevaweb\/wp-json\/wp\/v2\/media?parent=364"}],"wp:term":[{"taxonomy":"category","embeddable":true,"href":"https:\/\/juzbado.es\/nuevaweb\/wp-json\/wp\/v2\/categories?post=364"},{"taxonomy":"post_tag","embeddable":true,"href":"https:\/\/juzbado.es\/nuevaweb\/wp-json\/wp\/v2\/tags?post=364"}],"curies":[{"name":"wp","href":"https:\/\/api.w.org\/{rel}","templated":true}]}}