{"id":365,"date":"2020-03-02T13:50:00","date_gmt":"2020-03-02T12:50:00","guid":{"rendered":"http:\/\/juzbado.es\/nuevaweb\/2020\/03\/02\/un-musical-de-mujeres-para-el-8-de-marzo\/"},"modified":"2020-03-02T13:50:00","modified_gmt":"2020-03-02T12:50:00","slug":"un-musical-de-mujeres-para-el-8-de-marzo","status":"publish","type":"post","link":"https:\/\/juzbado.es\/nuevaweb\/2020\/03\/02\/un-musical-de-mujeres-para-el-8-de-marzo\/","title":{"rendered":"UN MUSICAL DE MUJERES PARA EL 8 DE MARZO"},"content":{"rendered":"<div style=\"text-align: justify;\">\n<span style=\"font-size: large;\"><span style=\"font-family: &quot;arial&quot; , &quot;helvetica&quot; , sans-serif;\">El domingo 8 de marzo se celebra en <a href=\"https:\/\/www.un.org\/es\/observances\/womens-day\" target=\"_blank\">D\u00eda Internacional de la Mujer Trabajadora<\/a>.  Bajo el lema &#8216;Quiero ser como ella&#8217;, este a\u00f1o se pretende reivindicar un espacio para las mujeres, para que se conviertan en referentes sociales y modelos a seguir.  La <a href=\"https:\/\/juzbado.blogspot.com\/p\/asociaciones.html\" target=\"_blank\">Asociaci\u00f3n de Mujeres de Juzbado<\/a> nos invita a todos los vecinos y amigos a participar como espectadores en <b>un musical titulado \u201cEllas, la mujer en el musical\u201d<\/b> a cargo del <a href=\"https:\/\/acontratiempo.org\/\" target=\"_blank\">grupo de teatro musical A Contratiempo<\/a> con sede en Salamanca. <\/span><\/span><br \/>\n<a name='more'><\/a><span style=\"font-size: large;\"><span style=\"font-family: &quot;arial&quot; , &quot;helvetica&quot; , sans-serif;\"> Se trata de un grupo <\/span><\/span><span style=\"font-size: large;\"><span style=\"font-family: &quot;arial&quot; , &quot;helvetica&quot; , sans-serif;\">formado por chicos y chicas<br \/>\nentre los 13 y los 20 a\u00f1os con una <a href=\"https:\/\/acontratiempo.org\/historia\/\" target=\"_blank\">s\u00f3lida trayectoria<\/a> y <a href=\"https:\/\/acontratiempo.org\/direccion-musical\/\" target=\"_blank\">direcci\u00f3n art\u00edstica<\/a> con ganas de compartir su tiempo libre y<br \/>\nmejorar d\u00eda a d\u00eda sus capacidades teatrales y musicales.&nbsp; <b>Ser\u00e1 a la partir de las 17:30 h. el domingo 8 de marzo en el sal\u00f3n de actos<\/b>.  El formato, <a href=\"https:\/\/juzbado.blogspot.com\/2018\/11\/cafe-teatro-contra-la-violencia-de.html\" target=\"_blank\">como en otras ocasiones<\/a>, ser\u00e1 de <b>caf\u00e9-teatro<\/b> y permitir\u00e1 a todos los asistentes sentarse en torno a mesas mientras disfrutan de la funci\u00f3n. <b> Desde la Asociaci\u00f3n nos indican que habr\u00e1 chocolate con bizcochos<\/b>.  La obra es para todos los p\u00fablicos as\u00ed que desde aqu\u00ed hacemos un llamamiento a los m\u00e1s j\u00f3venes para que respalden a las j\u00f3venes artistas.<\/span><\/span><\/div>\n<div style=\"text-align: justify;\">\n<span style=\"font-size: large;\"><span style=\"font-family: &quot;arial&quot; , &quot;helvetica&quot; , sans-serif;\">Con esta propuesta de celebraci\u00f3n de una fecha tan se\u00f1alada en el calendario anual, <b>la Asociaci\u00f3n de Mujeres de Juzbado pone el acento en la mujer rural<\/b> y en la reivindicaci\u00f3n de la igualdad entre hombres y mujeres que desde los pueblos se debe hacer con m\u00e1s \u00edmpetu y mayores consensos. Con esta celebraci\u00f3n (3\u00aa Ed.) se consolida en Juzbado la celebraci\u00f3n del D\u00eda Internacional de la Mujer Trabajadora. No est\u00e1 confirmado a\u00fan pero posiblemente la directiva de la asociaci\u00f3n lea un manifiesto antes del comienzo del musical.&nbsp; Esta efem\u00e9rides est\u00e1 financiada por la Diputaci\u00f3n de Salamanca, a trav\u00e9s de la <a href=\"http:\/\/www.dipsanet.es\/bienestarsocial\/mujer\/?p=campo\" target=\"_blank\">Secretar\u00eda de Igualdad<\/a> y el CEAS de Ledesma. <\/span><\/span><\/div>\n<div style=\"clear: both; text-align: center;\">\n<a href=\"https:\/\/blogger.googleusercontent.com\/img\/b\/R29vZ2xl\/AVvXsEgaGgc68cPd0cIX8VvyC4v-KMO3OzLWMYP4MIshQ439C2yzZSWARcpsCwZ-uZeAFe0BNV9fXxoTH_MZHr2Vzo1a-R0GiSppeQRUhJXoOiEMfFz_TgNC9qA20L-U6XoaJYv_rwj2gWtb7eE\/s1600\/cartel+8+de+marzo+2020.jpg\" style=\"margin-left: 1em; margin-right: 1em;\"><img loading=\"lazy\" decoding=\"async\" alt=\"Juzbado, d\u00eda de la mujer trabajadora, 8 de marzo 2020, A contratiempo\" border=\"0\" data-original-height=\"1600\" data-original-width=\"1132\" height=\"640\" src=\"https:\/\/blogger.googleusercontent.com\/img\/b\/R29vZ2xl\/AVvXsEgaGgc68cPd0cIX8VvyC4v-KMO3OzLWMYP4MIshQ439C2yzZSWARcpsCwZ-uZeAFe0BNV9fXxoTH_MZHr2Vzo1a-R0GiSppeQRUhJXoOiEMfFz_TgNC9qA20L-U6XoaJYv_rwj2gWtb7eE\/s640\/cartel+8+de+marzo+2020.jpg\" title=\"Juzbado, d\u00eda de la mujer trabajadora, 8 de marzo 2020, A contratiempo\" width=\"452\" \/><\/a><\/div>\n<div style=\"text-align: justify;\">\n<\/div>\n","protected":false},"excerpt":{"rendered":"<p>El domingo 8 de marzo se celebra en D\u00eda Internacional de la Mujer Trabajadora. Bajo el lema &#8216;Quiero ser como ella&#8217;, este a\u00f1o se pretende reivindicar un espacio para las mujeres, para que se conviertan en referentes sociales y modelos a seguir. La Asociaci\u00f3n de Mujeres de Juzbado nos invita a todos los vecinos y [&hellip;]<\/p>\n","protected":false},"author":2,"featured_media":0,"comment_status":"open","ping_status":"open","sticky":false,"template":"","format":"standard","meta":{"saved_in_kubio":false,"footnotes":""},"categories":[1],"tags":[],"class_list":["post-365","post","type-post","status-publish","format-standard","hentry","category-sin-categoria"],"_links":{"self":[{"href":"https:\/\/juzbado.es\/nuevaweb\/wp-json\/wp\/v2\/posts\/365","targetHints":{"allow":["GET"]}}],"collection":[{"href":"https:\/\/juzbado.es\/nuevaweb\/wp-json\/wp\/v2\/posts"}],"about":[{"href":"https:\/\/juzbado.es\/nuevaweb\/wp-json\/wp\/v2\/types\/post"}],"author":[{"embeddable":true,"href":"https:\/\/juzbado.es\/nuevaweb\/wp-json\/wp\/v2\/users\/2"}],"replies":[{"embeddable":true,"href":"https:\/\/juzbado.es\/nuevaweb\/wp-json\/wp\/v2\/comments?post=365"}],"version-history":[{"count":0,"href":"https:\/\/juzbado.es\/nuevaweb\/wp-json\/wp\/v2\/posts\/365\/revisions"}],"wp:attachment":[{"href":"https:\/\/juzbado.es\/nuevaweb\/wp-json\/wp\/v2\/media?parent=365"}],"wp:term":[{"taxonomy":"category","embeddable":true,"href":"https:\/\/juzbado.es\/nuevaweb\/wp-json\/wp\/v2\/categories?post=365"},{"taxonomy":"post_tag","embeddable":true,"href":"https:\/\/juzbado.es\/nuevaweb\/wp-json\/wp\/v2\/tags?post=365"}],"curies":[{"name":"wp","href":"https:\/\/api.w.org\/{rel}","templated":true}]}}