{"id":366,"date":"2020-03-02T13:26:00","date_gmt":"2020-03-02T12:26:00","guid":{"rendered":"http:\/\/juzbado.es\/nuevaweb\/2020\/03\/02\/un-nuevo-audiovisual-de-juzbado\/"},"modified":"2020-03-02T13:26:00","modified_gmt":"2020-03-02T12:26:00","slug":"un-nuevo-audiovisual-de-juzbado","status":"publish","type":"post","link":"https:\/\/juzbado.es\/nuevaweb\/2020\/03\/02\/un-nuevo-audiovisual-de-juzbado\/","title":{"rendered":"UN NUEVO AUDIOVISUAL DE JUZBADO"},"content":{"rendered":"<div style=\"text-align: justify;\"><span style=\"font-size: large;\"><span style=\"font-family: &quot;arial&quot; , &quot;helvetica&quot; , sans-serif;\">\u00abValle de Juzbado\u00bb es un compendio de fotograf\u00edas del pueblo de Juzbado realizadas durante los \u00faltimos a\u00f1os por el fot\u00f3grafo Miguel \u00c1ngel Miguel con la colaboraci\u00f3n de Pilar Recio que incorpora los textos y Alina Miguel que es la encargada del montaje.&nbsp; Se present\u00f3 por primera vez durante las fiestas patronales en septiembre de 2019. Ahora lo subimos a las redes para que los que a\u00fan no lo conoc\u00e9is pod\u00e1is disfrutarlo.&nbsp; Desde aqu\u00ed queremos agradecer la voluntad y el trabajo a los tres autores de este audiovisual de nuestro pueblo.<\/span><\/span><\/div>\n<div style=\"text-align: justify;\">\n<\/div>\n<div style=\"text-align: justify;\"><span style=\"font-size: large;\"><span style=\"font-family: &quot;arial&quot; , &quot;helvetica&quot; , sans-serif;\"><iframe loading=\"lazy\" allow=\"accelerometer; autoplay; encrypted-media; gyroscope; picture-in-picture\" allowfullscreen=\"\" frameborder=\"0\" height=\"315\" src=\"https:\/\/www.youtube.com\/embed\/njGBZXHecpg\" width=\"650\"><\/iframe> <\/span><\/span><\/div>\n","protected":false},"excerpt":{"rendered":"<p>\u00abValle de Juzbado\u00bb es un compendio de fotograf\u00edas del pueblo de Juzbado realizadas durante los \u00faltimos a\u00f1os por el fot\u00f3grafo Miguel \u00c1ngel Miguel con la colaboraci\u00f3n de Pilar Recio que incorpora los textos y Alina Miguel que es la encargada del montaje.&nbsp; Se present\u00f3 por primera vez durante las fiestas patronales en septiembre de 2019. [&hellip;]<\/p>\n","protected":false},"author":2,"featured_media":0,"comment_status":"open","ping_status":"open","sticky":false,"template":"","format":"standard","meta":{"saved_in_kubio":false,"footnotes":""},"categories":[1],"tags":[],"class_list":["post-366","post","type-post","status-publish","format-standard","hentry","category-sin-categoria"],"_links":{"self":[{"href":"https:\/\/juzbado.es\/nuevaweb\/wp-json\/wp\/v2\/posts\/366","targetHints":{"allow":["GET"]}}],"collection":[{"href":"https:\/\/juzbado.es\/nuevaweb\/wp-json\/wp\/v2\/posts"}],"about":[{"href":"https:\/\/juzbado.es\/nuevaweb\/wp-json\/wp\/v2\/types\/post"}],"author":[{"embeddable":true,"href":"https:\/\/juzbado.es\/nuevaweb\/wp-json\/wp\/v2\/users\/2"}],"replies":[{"embeddable":true,"href":"https:\/\/juzbado.es\/nuevaweb\/wp-json\/wp\/v2\/comments?post=366"}],"version-history":[{"count":0,"href":"https:\/\/juzbado.es\/nuevaweb\/wp-json\/wp\/v2\/posts\/366\/revisions"}],"wp:attachment":[{"href":"https:\/\/juzbado.es\/nuevaweb\/wp-json\/wp\/v2\/media?parent=366"}],"wp:term":[{"taxonomy":"category","embeddable":true,"href":"https:\/\/juzbado.es\/nuevaweb\/wp-json\/wp\/v2\/categories?post=366"},{"taxonomy":"post_tag","embeddable":true,"href":"https:\/\/juzbado.es\/nuevaweb\/wp-json\/wp\/v2\/tags?post=366"}],"curies":[{"name":"wp","href":"https:\/\/api.w.org\/{rel}","templated":true}]}}