{"id":367,"date":"2020-02-27T15:04:00","date_gmt":"2020-02-27T14:04:00","guid":{"rendered":"http:\/\/juzbado.es\/nuevaweb\/2020\/02\/27\/el-pueblo-de-juzbado-se-organiza-en-contra-de-la-basuraleza\/"},"modified":"2020-02-27T15:04:00","modified_gmt":"2020-02-27T14:04:00","slug":"el-pueblo-de-juzbado-se-organiza-en-contra-de-la-basuraleza","status":"publish","type":"post","link":"https:\/\/juzbado.es\/nuevaweb\/2020\/02\/27\/el-pueblo-de-juzbado-se-organiza-en-contra-de-la-basuraleza\/","title":{"rendered":"EL PUEBLO DE JUZBADO SE ORGANIZA EN CONTRA DE LA BASURALEZA"},"content":{"rendered":"<div style=\"text-align: justify;\">\n<div style=\"text-align: center;\">\n<span style=\"font-family: &quot;arial&quot; , &quot;helvetica&quot; , sans-serif;\"><span style=\"font-size: large;\"><b><span style=\"color: red;\">\u00a1 SUSPENDIDO HASTA NUEVO AVISO!<\/span><\/b><\/span><\/span><\/div>\n<p><span style=\"font-family: &quot;arial&quot; , &quot;helvetica&quot; , sans-serif;\"><span style=\"font-size: large;\"><b>El pr\u00f3ximo viernes 13 de marzo el pueblo de Juzbado se suma a una campa\u00f1a estatal organizada por <a href=\"https:\/\/www.ecoembes.com\/es?gclid=CjwKCAiA7t3yBRADEiwA4GFlI-KcyGvpz3DJkAr4qwhEzZc8EkYccKm_DIjZk_ZcxButZAq5AkOqAhoCX80QAvD_BwE\" target=\"_blank\">Ecoembes<\/a> y <a href=\"https:\/\/www.seo.org\/\" target=\"_blank\">Seo Birdlife<\/a> denominada \u201cLIBERA, por lo r\u00edos, embalses y pantanos\u201d.<\/b>  Se trata de una campa\u00f1a de recogida de basura simult\u00e1nea en todo el pa\u00eds y que celebrar\u00e1n miles de personas, colectivos y empresas entre los d\u00edas 7 y 15 de marzo.  En esta ocasi\u00f3n lo coorganizamos con la <a href=\"https:\/\/www.asparlabesana.es\/\" target=\"_blank\"><b>Asociaci\u00f3n Aspar-La Besana<\/b><\/a> que, como sab\u00e9is, es la Asociaci\u00f3n de Familias de la Armu\u00f1a con sede en Calzada de Valdunciel y cuyo fin es la integraci\u00f3n social y laboral de las personas con discapacidad desde el medio rural.&nbsp;<\/span><\/span><\/div>\n<div style=\"text-align: justify;\">\n<\/div>\n<div style=\"text-align: justify;\">\n<span style=\"font-family: &quot;arial&quot; , &quot;helvetica&quot; , sans-serif;\"><span style=\"font-size: large;\">Con ellos y tambi\u00e9n con la <a href=\"https:\/\/www.facebook.com\/colectivowayra\/\" target=\"_blank\"><b>Asociaci\u00f3n Colectivo Wayra<\/b><\/a>, la <a href=\"https:\/\/juzbado.blogspot.com\/p\/asociaciones.html\" target=\"_blank\"><b>Asociaci\u00f3n de Mujeres<\/b><\/a> y la <a href=\"https:\/\/juzbado.blogspot.com\/p\/asociaciones.html\" target=\"_blank\"><b>Asociaci\u00f3n de Mayores de Juzbado<\/b><\/a> <b> nos hemos puesto de acuerdo para limpiar los caminos que discurren por la ribera del r\u00edo Tormes el viernes 13 a partir de las 10:30 h.<\/b>&nbsp;<\/span><\/span><\/div>\n<div style=\"text-align: justify;\">\n<\/div>\n<div style=\"text-align: justify;\">\n<b><span style=\"font-family: &quot;arial&quot; , &quot;helvetica&quot; , sans-serif;\"><span style=\"font-size: large;\">Necesitamos vuestra colaboraci\u00f3n para acometer esta acci\u00f3n conjunta y terminar juntos antes de comer con una peque\u00f1a merienda en el pueblo.  Es una nueva oportunidad de convivencia, diversi\u00f3n y solidaridad en com\u00fan.<\/span><\/span><\/b><\/div>\n<div style=\"text-align: justify;\">\n<\/div>\n<div style=\"clear: both; text-align: center;\">\n<span style=\"font-size: large;\"><a href=\"https:\/\/blogger.googleusercontent.com\/img\/b\/R29vZ2xl\/AVvXsEg2uHU3-sgXvxX_G4XFCyWKBmWwXCrzVno8vdherw1UNUrm0d4gB7hFOmY46XokGd1KUxrSCwKYGIzk19HfDUN5zjxyJcsoyKyrt6GQdu4qIKSdd5aPBWklZo-mNZqnnUkATNXaOu5x2vM\/s1600\/CARTEL+LIBERA+2020+%2528WEB%2529.jpg\" style=\"margin-left: 1em; margin-right: 1em;\"><img loading=\"lazy\" decoding=\"async\" border=\"0\" data-original-height=\"914\" data-original-width=\"1600\" height=\"364\" src=\"https:\/\/blogger.googleusercontent.com\/img\/b\/R29vZ2xl\/AVvXsEg2uHU3-sgXvxX_G4XFCyWKBmWwXCrzVno8vdherw1UNUrm0d4gB7hFOmY46XokGd1KUxrSCwKYGIzk19HfDUN5zjxyJcsoyKyrt6GQdu4qIKSdd5aPBWklZo-mNZqnnUkATNXaOu5x2vM\/s640\/CARTEL+LIBERA+2020+%2528WEB%2529.jpg\" width=\"640\" \/><\/a><\/span><\/div>\n","protected":false},"excerpt":{"rendered":"<p>\u00a1 SUSPENDIDO HASTA NUEVO AVISO! El pr\u00f3ximo viernes 13 de marzo el pueblo de Juzbado se suma a una campa\u00f1a estatal organizada por Ecoembes y Seo Birdlife denominada \u201cLIBERA, por lo r\u00edos, embalses y pantanos\u201d. Se trata de una campa\u00f1a de recogida de basura simult\u00e1nea en todo el pa\u00eds y que celebrar\u00e1n miles de personas, [&hellip;]<\/p>\n","protected":false},"author":2,"featured_media":0,"comment_status":"open","ping_status":"open","sticky":false,"template":"","format":"standard","meta":{"saved_in_kubio":false,"footnotes":""},"categories":[1],"tags":[],"class_list":["post-367","post","type-post","status-publish","format-standard","hentry","category-sin-categoria"],"_links":{"self":[{"href":"https:\/\/juzbado.es\/nuevaweb\/wp-json\/wp\/v2\/posts\/367","targetHints":{"allow":["GET"]}}],"collection":[{"href":"https:\/\/juzbado.es\/nuevaweb\/wp-json\/wp\/v2\/posts"}],"about":[{"href":"https:\/\/juzbado.es\/nuevaweb\/wp-json\/wp\/v2\/types\/post"}],"author":[{"embeddable":true,"href":"https:\/\/juzbado.es\/nuevaweb\/wp-json\/wp\/v2\/users\/2"}],"replies":[{"embeddable":true,"href":"https:\/\/juzbado.es\/nuevaweb\/wp-json\/wp\/v2\/comments?post=367"}],"version-history":[{"count":0,"href":"https:\/\/juzbado.es\/nuevaweb\/wp-json\/wp\/v2\/posts\/367\/revisions"}],"wp:attachment":[{"href":"https:\/\/juzbado.es\/nuevaweb\/wp-json\/wp\/v2\/media?parent=367"}],"wp:term":[{"taxonomy":"category","embeddable":true,"href":"https:\/\/juzbado.es\/nuevaweb\/wp-json\/wp\/v2\/categories?post=367"},{"taxonomy":"post_tag","embeddable":true,"href":"https:\/\/juzbado.es\/nuevaweb\/wp-json\/wp\/v2\/tags?post=367"}],"curies":[{"name":"wp","href":"https:\/\/api.w.org\/{rel}","templated":true}]}}