{"id":368,"date":"2020-02-27T12:25:00","date_gmt":"2020-02-27T11:25:00","guid":{"rendered":"http:\/\/juzbado.es\/nuevaweb\/2020\/02\/27\/juzbado-participa-en-el-programa-intergeneracional-mayores-enredados\/"},"modified":"2020-02-27T12:25:00","modified_gmt":"2020-02-27T11:25:00","slug":"juzbado-participa-en-el-programa-intergeneracional-mayores-enredados","status":"publish","type":"post","link":"https:\/\/juzbado.es\/nuevaweb\/2020\/02\/27\/juzbado-participa-en-el-programa-intergeneracional-mayores-enredados\/","title":{"rendered":"JUZBADO PARTICIPA EN EL PROGRAMA INTERGENERACIONAL \u00abMAYORES ENREDADOS\u00bb"},"content":{"rendered":"<div style=\"text-align: justify;\"><span style=\"font-size: large;\"><span style=\"font-family: &quot;arial&quot; , &quot;helvetica&quot; , sans-serif;\">El <a href=\"http:\/\/colectivokhora.es\/\" target=\"_blank\">Colectivo Khora<\/a> present\u00f3 en Juzbado durante la tarde del mi\u00e9rcoles 26 de febrero el programa de participaci\u00f3n y redes comunitarias denominado <a href=\"http:\/\/colectivokhora.es\/mayores-enredads\/\" target=\"_blank\">Mayores Enredados<\/a>. &nbsp;Se trata de una propuesta de <b>impulso a la participaci\u00f3n social en entornos rurales de nuestra provincia a trav\u00e9s de la implicaci\u00f3n de colectivos, asociaciones y vecinos en la creaci\u00f3n y consolidaci\u00f3n de redes comunitarias<\/b>.&nbsp; El municipio de Juzbado es parte de la veintena de pueblos que se han sumado a este innovador proyecto que arrancar\u00e1 en el mes de marzo y continuar\u00e1 hasta bien entrado el oto\u00f1o.&nbsp; <\/span><\/span><\/div>\n<div style=\"text-align: justify;\">\n<\/div>\n<div style=\"clear: both; text-align: center;\"><span style=\"font-size: large;\"><a href=\"https:\/\/blogger.googleusercontent.com\/img\/b\/R29vZ2xl\/AVvXsEh7kaP6AF0Frl5Wb_KcSZoYIrDbi2KC6xq07YJxrNaSIqa8swZPQhkQ4T5R64iHY0BpfYju9yb9GbGNj-u5lfVTIDAbkUPVobtnkY520bWJumS1BnKPJl2sLneICbB5e2sxulI8LCM3Cx0\/s1600\/juzbado+mayores+enredados+khora+WEB+%25282%2529.jpeg\" style=\"margin-left: 1em; margin-right: 1em;\"><img loading=\"lazy\" decoding=\"async\" alt=\"Juzbado, mayores enredados, khora, Juzbado 2020\" border=\"0\" data-original-height=\"450\" data-original-width=\"800\" height=\"360\" src=\"https:\/\/blogger.googleusercontent.com\/img\/b\/R29vZ2xl\/AVvXsEh7kaP6AF0Frl5Wb_KcSZoYIrDbi2KC6xq07YJxrNaSIqa8swZPQhkQ4T5R64iHY0BpfYju9yb9GbGNj-u5lfVTIDAbkUPVobtnkY520bWJumS1BnKPJl2sLneICbB5e2sxulI8LCM3Cx0\/s640\/juzbado+mayores+enredados+khora+WEB+%25282%2529.jpeg\" title=\"Juzbado, mayores enredados, khora, Juzbado 2020\" width=\"640\" \/><\/a><\/span><\/div>\n<p><\/p>\n<div style=\"text-align: justify;\"><span style=\"font-size: large;\"><span style=\"font-family: &quot;arial&quot; , &quot;helvetica&quot; , sans-serif;\">Se celebrar\u00e1n talleres y encuentros en torno&nbsp; a las nuevas tecnolog\u00edas y las relaciones intergeneracionales prestando <b>especial inter\u00e9s a la creaci\u00f3n y desarrollo de una radio comunitaria como una herramienta para la interacci\u00f3n y participaci\u00f3n social<\/b>.&nbsp; En este sentido los vecinos de Juzbado tienen una nueva oportunidad para dar continuidad a los procesos participativos y, en concreto, a la radio comunitaria creada en la primavera de 2019 y que dio lugar a la <a href=\"https:\/\/juzbado.blogspot.com\/2019\/04\/onda-juzbado-nueva-radio-cooperativa.html\" target=\"_blank\">primera radio rural de Juzbado<\/a> que recibe el nombre de <a href=\"https:\/\/www.ivoox.com\/onda-juzbado_sb.html?sb=onda+juzbado\" target=\"_blank\">Onda Juzbado.<\/a>&nbsp;&nbsp;<\/span><\/span><br \/>\n<span style=\"font-size: large;\"><span style=\"font-family: &quot;arial&quot; , &quot;helvetica&quot; , sans-serif;\">En el acto estuvieron presentes el presidente y tesorero de la <a href=\"https:\/\/juzbado.blogspot.com\/p\/asociaciones.html\" target=\"_blank\">Asociaci\u00f3n de Mayores<\/a> <b>Faustino Iglesias y Em\u00e9rito Albarr\u00e1n<\/b> respectivamente, as\u00ed como <b>Ana Carmen Mart\u00edn<\/b>, vocal de la Asociaci\u00f3n de Mujeres y en representaci\u00f3n de la misma y, por supuesto, vecinos y vecinas que demostraron su inter\u00e9s con su presencia en la cita celebrada en el Hogar de Mayores.<\/span><\/span><\/p>\n<p><span style=\"font-size: large;\"><span style=\"font-family: &quot;arial&quot; , &quot;helvetica&quot; , sans-serif;\">Con este proyecto, seg\u00fan <b>Ana Leticia<\/b> -responsable de la presentaci\u00f3n del programa y miembro de la asociaci\u00f3n sin \u00e1nimo de lucro Khora con sede social en Villamayor-, \u201cse da continuidad a otros programas desarrollados en 2016 y 2019 con resultados muy positivos en la <a href=\"https:\/\/juzbado.blogspot.com\/2019\/10\/juzbado-participa-en-un-estudio.html\" target=\"_blank\">comarca de Ledesma<\/a>, incluyendo especialmente al municipio de Juzbado y a sus vecinos\u201d.<\/span><\/span><span style=\"font-size: large;\"><span style=\"font-family: &quot;arial&quot; , &quot;helvetica&quot; , sans-serif;\"><b>&nbsp; El programa arrancar\u00e1 el pr\u00f3ximo mi\u00e9rcoles 4 de marzo a las 18:00 h. en el sal\u00f3n del hogar.<\/b>&nbsp;<\/span><\/span><\/p>\n<p><span style=\"font-size: large;\"><span style=\"font-family: &quot;arial&quot; , &quot;helvetica&quot; , sans-serif;\"><a href=\"http:\/\/colectivokhora.es\/mayores-enredads\/\" target=\"_blank\">Mayores Enredados<\/a> est\u00e1 financiado por la Junta de Castilla y Le\u00f3n a trav\u00e9s de <a href=\"https:\/\/www.jcyl.es\/web\/jcyl\/Portada\/es\/Plantilla100Directorio\/1248366924958\/1279887997704\/1284181172225\/DirectorioPadre\" target=\"_blank\">Consejer\u00eda de Familia e Igualdad de Oportunidades<\/a>, con cargo a la asignaci\u00f3n tributaria del 0,7% del Impuesto sobre la Renta de las Personas F\u00edsicas.<\/span><\/span><\/div>\n","protected":false},"excerpt":{"rendered":"<p>El Colectivo Khora present\u00f3 en Juzbado durante la tarde del mi\u00e9rcoles 26 de febrero el programa de participaci\u00f3n y redes comunitarias denominado Mayores Enredados. &nbsp;Se trata de una propuesta de impulso a la participaci\u00f3n social en entornos rurales de nuestra provincia a trav\u00e9s de la implicaci\u00f3n de colectivos, asociaciones y vecinos en la creaci\u00f3n y [&hellip;]<\/p>\n","protected":false},"author":2,"featured_media":0,"comment_status":"open","ping_status":"open","sticky":false,"template":"","format":"standard","meta":{"saved_in_kubio":false,"footnotes":""},"categories":[1],"tags":[],"class_list":["post-368","post","type-post","status-publish","format-standard","hentry","category-sin-categoria"],"_links":{"self":[{"href":"https:\/\/juzbado.es\/nuevaweb\/wp-json\/wp\/v2\/posts\/368","targetHints":{"allow":["GET"]}}],"collection":[{"href":"https:\/\/juzbado.es\/nuevaweb\/wp-json\/wp\/v2\/posts"}],"about":[{"href":"https:\/\/juzbado.es\/nuevaweb\/wp-json\/wp\/v2\/types\/post"}],"author":[{"embeddable":true,"href":"https:\/\/juzbado.es\/nuevaweb\/wp-json\/wp\/v2\/users\/2"}],"replies":[{"embeddable":true,"href":"https:\/\/juzbado.es\/nuevaweb\/wp-json\/wp\/v2\/comments?post=368"}],"version-history":[{"count":0,"href":"https:\/\/juzbado.es\/nuevaweb\/wp-json\/wp\/v2\/posts\/368\/revisions"}],"wp:attachment":[{"href":"https:\/\/juzbado.es\/nuevaweb\/wp-json\/wp\/v2\/media?parent=368"}],"wp:term":[{"taxonomy":"category","embeddable":true,"href":"https:\/\/juzbado.es\/nuevaweb\/wp-json\/wp\/v2\/categories?post=368"},{"taxonomy":"post_tag","embeddable":true,"href":"https:\/\/juzbado.es\/nuevaweb\/wp-json\/wp\/v2\/tags?post=368"}],"curies":[{"name":"wp","href":"https:\/\/api.w.org\/{rel}","templated":true}]}}