{"id":369,"date":"2020-02-13T15:46:00","date_gmt":"2020-02-13T14:46:00","guid":{"rendered":"http:\/\/juzbado.es\/nuevaweb\/2020\/02\/13\/edouard-boubat-en-juzbado\/"},"modified":"2020-02-13T15:46:00","modified_gmt":"2020-02-13T14:46:00","slug":"edouard-boubat-en-juzbado","status":"publish","type":"post","link":"https:\/\/juzbado.es\/nuevaweb\/2020\/02\/13\/edouard-boubat-en-juzbado\/","title":{"rendered":"\u00c9DOUARD BOUBAT EN JUZBADO"},"content":{"rendered":"<div style=\"text-align: justify;\">\n<span style=\"font-size: large;\"><span style=\"font-family: &quot;arial&quot; , &quot;helvetica&quot; , sans-serif;\"><a href=\"https:\/\/es.wikipedia.org\/wiki\/%C3%89douard_Boubat\" target=\"_blank\">\u00c9douard Boubat<\/a> fue un fot\u00f3grafo franc\u00e9s que viaj\u00f3 por medio mundo<br \/>\nbuscando im\u00e1genes cotidianas y naturales que le han convertido en uno de<br \/>\n los mejores representantes de la fotograf\u00eda humanista francesa. <b> Entre<br \/>\ntodos los viajes que realiz\u00f3 tuvo tiempo de pasar algunas temporadas en<br \/>\nEspa\u00f1a y, tambi\u00e9n, en Salamanca.&nbsp;<\/b><\/span><\/span><\/div>\n<div style=\"text-align: justify;\">\n<span style=\"font-size: large;\"><span style=\"font-family: &quot;arial&quot; , &quot;helvetica&quot; , sans-serif;\">En Juzbado tenemos la suerte de<br \/>\nrecibirle a finales de la d\u00e9cada de los 50 cuando, acompa\u00f1ado del<br \/>\nprofesor <a href=\"https:\/\/es.wikipedia.org\/wiki\/Luis_Cort%C3%A9s_(profesor)\" target=\"_blank\">Luis Cort\u00e9s<\/a> y <a href=\"https:\/\/saladeprensa.usal.es\/node\/114154\" target=\"_blank\">Madame Paulette Gabaudan<\/a>, fotografi\u00f3 nuestr<span>o<br \/>\n pueblo durante alguna ocasi\u00f3n posiblemente al final del verano.<br \/>\nDesconocemos qu\u00e9 ha sido del conjunto de fotograf\u00edas que hizo, ni<br \/>\nsiquiera sabemos qu\u00e9 c\u00e1mara utiliz\u00f3 en ese viaje.  <b>Lo que s\u00ed hemos<br \/>\npodido averiguar, rastreando la red, es que existen algunas im\u00e1genes<br \/>\ndispersas de Juzbado<\/b> y de sus vecinos publicadas en varios repositorios y<br \/>\n <a href=\"https:\/\/www.gettyimages.es\/editorial-images\" target=\"_blank\">agencias de fotograf\u00edas extranjeras<\/a>.&nbsp;<\/span><\/span><\/span><\/div>\n<div style=\"text-align: justify;\">\n<span style=\"font-size: large;\"><span style=\"font-family: &quot;arial&quot; , &quot;helvetica&quot; , sans-serif;\"><span>En esta ocasi\u00f3n os mostramos una<br \/>\nde las instant\u00e1neas m\u00e1s emocionantes.  Hay m\u00e1s. <b> El Se\u00f1or Aurelio sujeta<br \/>\n una vara sobre el hombro mientras camina tras un carro con enormes<br \/>\nruedas<\/b> (a\u00fan se conservan) usado para llevar piedras.  Al fondo a la<br \/>\nizquierda se observa el cementerio, el paraje conocido como Las Lamedas<br \/>\ndonde sobresalen algunos \u00e1rboles y un palomar all\u00e1 en lo alto del<br \/>\nCotorro, hoy desafortunadamente en ruinas.  Todo un testimonio hist\u00f3rico<br \/>\n y, sobre todo, un homenaje a la vida en los pueblos de hace m\u00e1s de 60<br \/>\na\u00f1os.&nbsp;<\/span><\/span><\/span><\/div>\n<div style=\"text-align: justify;\">\n<span style=\"font-size: large;\"><span style=\"font-family: &quot;arial&quot; , &quot;helvetica&quot; , sans-serif;\"><span><b>Desde aqu\u00ed agradecemos a todos los vecinos que han contribuido a<br \/>\nrecordar y a hacer memoria aportando datos sobre cada una de las<br \/>\nfotograf\u00edas que hemos recuperado<\/b>.<\/span><\/span><\/span><\/div>\n<table align=\"center\" cellpadding=\"0\" cellspacing=\"0\" style=\"margin-left: auto; margin-right: auto; text-align: center;\">\n<tbody>\n<tr>\n<td style=\"text-align: center;\"><a href=\"https:\/\/blogger.googleusercontent.com\/img\/b\/R29vZ2xl\/AVvXsEjRSZchrGIkoNMQuerrXZ7an-rOtv8iUW9UahGJ3CtbBlD7WJVj8xAa4lgeg_nYsG2fLu8rXTyUFu6os4_o0aVFu-WEB_L82IIA33bBpgfvIB6x5NO7qtmbHZlSiSmaoWaplmaO6ERIp8c\/s1600\/gettyimages-121506332-2048x2048.jpg\" style=\"margin-left: auto; margin-right: auto;\"><img loading=\"lazy\" decoding=\"async\" alt=\"Juzbado, \u00c9douard Boubat\" border=\"0\" data-original-height=\"1042\" data-original-width=\"1600\" height=\"416\" src=\"https:\/\/blogger.googleusercontent.com\/img\/b\/R29vZ2xl\/AVvXsEjRSZchrGIkoNMQuerrXZ7an-rOtv8iUW9UahGJ3CtbBlD7WJVj8xAa4lgeg_nYsG2fLu8rXTyUFu6os4_o0aVFu-WEB_L82IIA33bBpgfvIB6x5NO7qtmbHZlSiSmaoWaplmaO6ERIp8c\/s640\/gettyimages-121506332-2048x2048.jpg\" title=\"Juzbado, \u00c9douard Boubat\" width=\"640\" \/><\/a><\/td>\n<\/tr>\n<tr>\n<td style=\"text-align: center;\"><span style=\"font-family: &quot;arial&quot; , &quot;helvetica&quot; , sans-serif;\">Fuente: https:\/\/www.gettyimages.es\/editorial-images<\/span><\/td>\n<\/tr>\n<\/tbody>\n<\/table>\n<div style=\"text-align: justify;\">\n<\/div>\n","protected":false},"excerpt":{"rendered":"<p>\u00c9douard Boubat fue un fot\u00f3grafo franc\u00e9s que viaj\u00f3 por medio mundo buscando im\u00e1genes cotidianas y naturales que le han convertido en uno de los mejores representantes de la fotograf\u00eda humanista francesa. Entre todos los viajes que realiz\u00f3 tuvo tiempo de pasar algunas temporadas en Espa\u00f1a y, tambi\u00e9n, en Salamanca.&nbsp; En Juzbado tenemos la suerte de [&hellip;]<\/p>\n","protected":false},"author":2,"featured_media":0,"comment_status":"open","ping_status":"open","sticky":false,"template":"","format":"standard","meta":{"saved_in_kubio":false,"footnotes":""},"categories":[1],"tags":[],"class_list":["post-369","post","type-post","status-publish","format-standard","hentry","category-sin-categoria"],"_links":{"self":[{"href":"https:\/\/juzbado.es\/nuevaweb\/wp-json\/wp\/v2\/posts\/369","targetHints":{"allow":["GET"]}}],"collection":[{"href":"https:\/\/juzbado.es\/nuevaweb\/wp-json\/wp\/v2\/posts"}],"about":[{"href":"https:\/\/juzbado.es\/nuevaweb\/wp-json\/wp\/v2\/types\/post"}],"author":[{"embeddable":true,"href":"https:\/\/juzbado.es\/nuevaweb\/wp-json\/wp\/v2\/users\/2"}],"replies":[{"embeddable":true,"href":"https:\/\/juzbado.es\/nuevaweb\/wp-json\/wp\/v2\/comments?post=369"}],"version-history":[{"count":0,"href":"https:\/\/juzbado.es\/nuevaweb\/wp-json\/wp\/v2\/posts\/369\/revisions"}],"wp:attachment":[{"href":"https:\/\/juzbado.es\/nuevaweb\/wp-json\/wp\/v2\/media?parent=369"}],"wp:term":[{"taxonomy":"category","embeddable":true,"href":"https:\/\/juzbado.es\/nuevaweb\/wp-json\/wp\/v2\/categories?post=369"},{"taxonomy":"post_tag","embeddable":true,"href":"https:\/\/juzbado.es\/nuevaweb\/wp-json\/wp\/v2\/tags?post=369"}],"curies":[{"name":"wp","href":"https:\/\/api.w.org\/{rel}","templated":true}]}}