{"id":37,"date":"2024-09-05T13:22:00","date_gmt":"2024-09-05T11:22:00","guid":{"rendered":"http:\/\/juzbado.es\/nuevaweb\/2024\/09\/05\/onda-juzbado-en-las-piscinas\/"},"modified":"2024-09-05T13:22:00","modified_gmt":"2024-09-05T11:22:00","slug":"onda-juzbado-en-las-piscinas","status":"publish","type":"post","link":"https:\/\/juzbado.es\/nuevaweb\/2024\/09\/05\/onda-juzbado-en-las-piscinas\/","title":{"rendered":"ONDA JUZBADO EN LAS PISCINAS"},"content":{"rendered":"<p style=\"text-align: justify;\"><span dir=\"auto\"><span style=\"font-family: arial;\"><span style=\"font-size: medium;\">El<br \/>\n pasado viernes 23 de agosto (2024) celebramos el segundo encuentro de radio<br \/>\nestival en las piscinas de Juzbado. Pronto os indicamos el link a los dos programas que pudimos grabar<br \/>\ngracias a la participaci\u00f3n de vecinos y amigos de Juzbado y la direcci\u00f3n<br \/>\n t\u00e9cnica y radiof\u00f3nica de Anal\u00e9 y Dani del <span><a href=\"https:\/\/www.facebook.com\/ColectivoKhora\" role=\"link\" tabindex=\"0\"><span><span>Colectivo Khora<\/span><\/span><\/a><\/span><\/span><\/span><\/span><\/p>\n<p><span dir=\"auto\"><span><span><span><\/span><\/span><\/span><\/span><\/p>\n<div style=\"clear: both; text-align: center;\"><a href=\"https:\/\/blogger.googleusercontent.com\/img\/b\/R29vZ2xl\/AVvXsEiwUIo3odPBml0zDFTWcdw3goWiffEVF_36MEA3VjN33RAe1lvnAxn_gSTiNaHvbXLS7t6gz9mM0YO4zYwjfe2WeRAj6s-wv70UARWPATEUYiBzV7nfDm4lADaaWaGROBDX0HPUdSB2Y14cw8w6343bpI-dAxPiL49_IYhBdoXLAGyC-lESNFay1XnUjC4\/s1501\/WhatsApp%20Image%202024-08-24%20at%2011.19.49.jpeg\" style=\"margin-left: 1em; margin-right: 1em;\"><img loading=\"lazy\" decoding=\"async\" border=\"0\" data-original-height=\"1501\" data-original-width=\"1137\" height=\"640\" src=\"https:\/\/blogger.googleusercontent.com\/img\/b\/R29vZ2xl\/AVvXsEiwUIo3odPBml0zDFTWcdw3goWiffEVF_36MEA3VjN33RAe1lvnAxn_gSTiNaHvbXLS7t6gz9mM0YO4zYwjfe2WeRAj6s-wv70UARWPATEUYiBzV7nfDm4lADaaWaGROBDX0HPUdSB2Y14cw8w6343bpI-dAxPiL49_IYhBdoXLAGyC-lESNFay1XnUjC4\/w484-h640\/WhatsApp%20Image%202024-08-24%20at%2011.19.49.jpeg\" width=\"484\" \/><\/a><\/div>\n<p>&nbsp;<\/p>\n","protected":false},"excerpt":{"rendered":"<p>El pasado viernes 23 de agosto (2024) celebramos el segundo encuentro de radio estival en las piscinas de Juzbado. Pronto os indicamos el link a los dos programas que pudimos grabar gracias a la participaci\u00f3n de vecinos y amigos de Juzbado y la direcci\u00f3n t\u00e9cnica y radiof\u00f3nica de Anal\u00e9 y Dani del Colectivo Khora &nbsp;<\/p>\n","protected":false},"author":2,"featured_media":0,"comment_status":"open","ping_status":"open","sticky":false,"template":"","format":"standard","meta":{"saved_in_kubio":false,"footnotes":""},"categories":[120,117,122,119,118,121],"tags":[],"class_list":["post-37","post","type-post","status-publish","format-standard","hentry","category-bar-restaurante-piscinas-municipales","category-colectivo-khora","category-khora","category-piscinas-de-juzbado","category-radio","category-radio-comunitaria"],"_links":{"self":[{"href":"https:\/\/juzbado.es\/nuevaweb\/wp-json\/wp\/v2\/posts\/37","targetHints":{"allow":["GET"]}}],"collection":[{"href":"https:\/\/juzbado.es\/nuevaweb\/wp-json\/wp\/v2\/posts"}],"about":[{"href":"https:\/\/juzbado.es\/nuevaweb\/wp-json\/wp\/v2\/types\/post"}],"author":[{"embeddable":true,"href":"https:\/\/juzbado.es\/nuevaweb\/wp-json\/wp\/v2\/users\/2"}],"replies":[{"embeddable":true,"href":"https:\/\/juzbado.es\/nuevaweb\/wp-json\/wp\/v2\/comments?post=37"}],"version-history":[{"count":0,"href":"https:\/\/juzbado.es\/nuevaweb\/wp-json\/wp\/v2\/posts\/37\/revisions"}],"wp:attachment":[{"href":"https:\/\/juzbado.es\/nuevaweb\/wp-json\/wp\/v2\/media?parent=37"}],"wp:term":[{"taxonomy":"category","embeddable":true,"href":"https:\/\/juzbado.es\/nuevaweb\/wp-json\/wp\/v2\/categories?post=37"},{"taxonomy":"post_tag","embeddable":true,"href":"https:\/\/juzbado.es\/nuevaweb\/wp-json\/wp\/v2\/tags?post=37"}],"curies":[{"name":"wp","href":"https:\/\/api.w.org\/{rel}","templated":true}]}}