{"id":370,"date":"2020-02-10T12:47:00","date_gmt":"2020-02-10T11:47:00","guid":{"rendered":"http:\/\/juzbado.es\/nuevaweb\/2020\/02\/10\/celebraciones-de-las-aguedas-2020\/"},"modified":"2020-02-10T12:47:00","modified_gmt":"2020-02-10T11:47:00","slug":"celebraciones-de-las-aguedas-2020","status":"publish","type":"post","link":"https:\/\/juzbado.es\/nuevaweb\/2020\/02\/10\/celebraciones-de-las-aguedas-2020\/","title":{"rendered":"CELEBRACIONES DE LAS \u00c1GUEDAS 2020"},"content":{"rendered":"<div style=\"margin-bottom: .0001pt; margin-bottom: 0cm; text-align: justify;\">\n<span style=\"font-size: large;\"><span style=\"font-family: Arial, Helvetica, sans-serif;\"><span style=\"line-height: 115%;\">La Asociaci\u00f3n de Mujeres celebr\u00f3 el pasado domingo la festividad de Santa \u00c1gueda 2020.<span style=\"mso-spacerun: yes;\">&nbsp; <\/span>Los actos previstos por la <a href=\"https:\/\/juzbado.blogspot.com\/p\/asociaciones.html\" target=\"_blank\">Asociaci\u00f3n de Mujeres de Juzbado<\/a> se sucedieron a lo largo del mediod\u00eda y parte de la tarde.<span style=\"mso-spacerun: yes;\">&nbsp; <\/span>La misa en honor a Santa \u00c1gueda se celebr\u00f3 a las 12 y a continuaci\u00f3n se bail\u00f3 en los entornos de la iglesia parroquial.<span style=\"mso-spacerun: yes;\">&nbsp; <\/span>El grupo de bailes Charros de Juzbado aderez\u00f3 un d\u00eda festivo en nuestro pueblo y en el que participaron muchos vecinos.<span style=\"mso-spacerun: yes;\">&nbsp; <\/span>&nbsp;<\/span><\/span><\/span><\/div>\n<div style=\"margin-bottom: .0001pt; margin-bottom: 0cm; text-align: justify;\">\n<span style=\"font-size: large;\"><span style=\"font-family: Arial, Helvetica, sans-serif;\"><br \/><\/span><\/span><\/div>\n<div style=\"margin-bottom: .0001pt; margin-bottom: 0cm; text-align: justify;\">\n<span style=\"font-size: large;\"><span style=\"font-family: Arial, Helvetica, sans-serif;\"><span style=\"line-height: 115%;\">A las 14:30 h. se sirvi\u00f3 la comida en un sal\u00f3n de actos al que acudieron m\u00e1s de 80 personas, entre mayores, j\u00f3venes y peque\u00f1os.<span style=\"mso-spacerun: yes;\">&nbsp; <\/span>La comida consisti\u00f3 en un men\u00fa preparado por el Bar Restaurante Angus Deli con sopa de pescado de primero, carne guisada con ensalada de segundo y postre (fruta o tarta) acompa\u00f1ado de caf\u00e9.<span style=\"mso-spacerun: yes;\">&nbsp; <\/span>Tras la comida una buena parte de los participantes se dirigieron a las piscinas para seguir celebrando una festividad muy arraigada en Juzbado y que cada a\u00f1o se encargan de organizar y coordinar desde la asociaci\u00f3n de Mujeres de Juzbado con la colaboraci\u00f3n del Ayuntamiento.&nbsp;<\/span><\/span><\/span><\/div>\n<div style=\"margin-bottom: .0001pt; margin-bottom: 0cm; text-align: justify;\">\n<span style=\"font-size: large;\"><span style=\"font-family: Arial, Helvetica, sans-serif;\"><br \/><\/span><\/span><\/div>\n<div style=\"margin-bottom: .0001pt; margin-bottom: 0cm; text-align: justify;\">\n<span style=\"font-size: large;\"><span style=\"font-family: Arial, Helvetica, sans-serif;\"><span style=\"line-height: 115%;\">Seg\u00fan su presidenta actual, Marif\u00e9 Francho, \u201chan sido muchas las personas participantes este a\u00f1o y la satisfacci\u00f3n es generalizada en la asociaci\u00f3n por la acogida de estos eventos populares\u201d. A\u00f1ade \u201cque seguir\u00e1n organizando propuestas en el pueblo tanto para nuestras socias \u2013 en este momento son medio centenar- como para los vecinos en general\u201d.<\/span><\/span><\/span><\/div>\n<div style=\"margin-bottom: .0001pt; margin-bottom: 0cm; text-align: justify;\">\n<span style=\"font-size: large;\"><span style=\"font-family: Arial, Helvetica, sans-serif;\"><br \/><\/span><\/span><\/div>\n<div style=\"margin-bottom: .0001pt; margin-bottom: 0cm; text-align: justify;\">\n<span style=\"font-size: large;\"><span style=\"font-family: Arial, Helvetica, sans-serif;\"><span style=\"line-height: 115%;\">As\u00ed mismo, durante estos d\u00edas la Asociaci\u00f3n est\u00e1 colaborando en la puesta en marcha de un <a href=\"http:\/\/www.lasalina.es\/bienestarsocial\/mujer\/promoviendolaigualdad\/\" target=\"_blank\">taller de nuevas tecnolog\u00edas<\/a> que, gracias a la financiaci\u00f3n de<span style=\"mso-spacerun: yes;\">&nbsp; <\/span>la <a href=\"http:\/\/www.lasalina.es\/bienestarsocial\/mujer\/\" target=\"_blank\">Secretar\u00eda de Igualdad<\/a> de la <a href=\"http:\/\/www.dipsanet.es\/\" target=\"_blank\">Diputaci\u00f3n de Salamanca<\/a>, se pondr\u00e1 en marcha posiblemente durante el mes de marzo y abril. <\/span><\/span><\/span><\/div>\n<table align=\"center\" cellpadding=\"0\" cellspacing=\"0\" style=\"margin-left: auto; margin-right: auto; text-align: center;\">\n<tbody>\n<tr>\n<td style=\"text-align: center;\"><a href=\"https:\/\/blogger.googleusercontent.com\/img\/b\/R29vZ2xl\/AVvXsEiXybRa1RFm2jAPdQeg1mnDYezXkCdwccLGhofOipyZhwQyFgPShFhGnZ9Xu4w40iI6KmEm3m8TLq2pTSmn05ocfvO4-kCFy1ci19totXb_c6l4mx29XEK7GKjsTSGw1mU0UThvTsl9xsE\/s1600\/jUZBADO%252C+%25C3%25A1guedas+2020.jpg\" style=\"margin-left: auto; margin-right: auto;\"><img loading=\"lazy\" decoding=\"async\" alt=\"Juzbado, \u00e1guedas 2020\" border=\"0\" data-original-height=\"1000\" data-original-width=\"1500\" height=\"426\" src=\"https:\/\/blogger.googleusercontent.com\/img\/b\/R29vZ2xl\/AVvXsEiXybRa1RFm2jAPdQeg1mnDYezXkCdwccLGhofOipyZhwQyFgPShFhGnZ9Xu4w40iI6KmEm3m8TLq2pTSmn05ocfvO4-kCFy1ci19totXb_c6l4mx29XEK7GKjsTSGw1mU0UThvTsl9xsE\/s640\/jUZBADO%252C+%25C3%25A1guedas+2020.jpg\" title=\"Juzbado, \u00e1guedas 2020\" width=\"640\" \/><\/a><\/td>\n<\/tr>\n<tr>\n<td style=\"text-align: center;\">Foto de familia tras la comida de las \u00c1guedas 2020. Juzbado. 9 de febrero de 2020. (Foto cortes\u00eda de M.F.)<\/td>\n<\/tr>\n<\/tbody>\n<\/table>\n<div style=\"margin-bottom: .0001pt; margin-bottom: 0cm; text-align: justify;\">\n<\/div>\n","protected":false},"excerpt":{"rendered":"<p>La Asociaci\u00f3n de Mujeres celebr\u00f3 el pasado domingo la festividad de Santa \u00c1gueda 2020.&nbsp; Los actos previstos por la Asociaci\u00f3n de Mujeres de Juzbado se sucedieron a lo largo del mediod\u00eda y parte de la tarde.&nbsp; La misa en honor a Santa \u00c1gueda se celebr\u00f3 a las 12 y a continuaci\u00f3n se bail\u00f3 en los [&hellip;]<\/p>\n","protected":false},"author":2,"featured_media":0,"comment_status":"open","ping_status":"open","sticky":false,"template":"","format":"standard","meta":{"saved_in_kubio":false,"footnotes":""},"categories":[1],"tags":[],"class_list":["post-370","post","type-post","status-publish","format-standard","hentry","category-sin-categoria"],"_links":{"self":[{"href":"https:\/\/juzbado.es\/nuevaweb\/wp-json\/wp\/v2\/posts\/370","targetHints":{"allow":["GET"]}}],"collection":[{"href":"https:\/\/juzbado.es\/nuevaweb\/wp-json\/wp\/v2\/posts"}],"about":[{"href":"https:\/\/juzbado.es\/nuevaweb\/wp-json\/wp\/v2\/types\/post"}],"author":[{"embeddable":true,"href":"https:\/\/juzbado.es\/nuevaweb\/wp-json\/wp\/v2\/users\/2"}],"replies":[{"embeddable":true,"href":"https:\/\/juzbado.es\/nuevaweb\/wp-json\/wp\/v2\/comments?post=370"}],"version-history":[{"count":0,"href":"https:\/\/juzbado.es\/nuevaweb\/wp-json\/wp\/v2\/posts\/370\/revisions"}],"wp:attachment":[{"href":"https:\/\/juzbado.es\/nuevaweb\/wp-json\/wp\/v2\/media?parent=370"}],"wp:term":[{"taxonomy":"category","embeddable":true,"href":"https:\/\/juzbado.es\/nuevaweb\/wp-json\/wp\/v2\/categories?post=370"},{"taxonomy":"post_tag","embeddable":true,"href":"https:\/\/juzbado.es\/nuevaweb\/wp-json\/wp\/v2\/tags?post=370"}],"curies":[{"name":"wp","href":"https:\/\/api.w.org\/{rel}","templated":true}]}}