{"id":371,"date":"2020-01-28T13:46:00","date_gmt":"2020-01-28T12:46:00","guid":{"rendered":"http:\/\/juzbado.es\/nuevaweb\/2020\/01\/28\/la-gestion-de-los-residuos-de-juzbado-en-2019\/"},"modified":"2020-01-28T13:46:00","modified_gmt":"2020-01-28T12:46:00","slug":"la-gestion-de-los-residuos-de-juzbado-en-2019","status":"publish","type":"post","link":"https:\/\/juzbado.es\/nuevaweb\/2020\/01\/28\/la-gestion-de-los-residuos-de-juzbado-en-2019\/","title":{"rendered":"LA GESTI\u00d3N DE LOS RESIDUOS DE JUZBADO EN 2019"},"content":{"rendered":"<div style=\"text-align: justify;\">\n<div style=\"text-align: left;\">\n<span style=\"font-size: large;\"><span style=\"font-family: &quot;arial&quot; , &quot;helvetica&quot; , sans-serif;\"><a href=\"https:\/\/blogger.googleusercontent.com\/img\/b\/R29vZ2xl\/AVvXsEg8RALgJ2UxgGUTSF6R9eftc_U89kdijM-sItKNmqWzky2dk9C32Q26NAG626Djw_Gu5KGvbzl9Q-SLgvOuSUQ7e96ltu0q5qI2oWHBjlk6u11UCHyg-cJlkU9MsPbM3khO66VuZdNJijE\/s1600\/residuos+2016_2019.jpg\" style=\"margin-left: 1em; margin-right: 1em;\"><img loading=\"lazy\" decoding=\"async\" alt=\"Juzbado, gesti\u00f3n residuos 2019\" border=\"0\" data-original-height=\"574\" data-original-width=\"960\" height=\"382\" src=\"https:\/\/blogger.googleusercontent.com\/img\/b\/R29vZ2xl\/AVvXsEg8RALgJ2UxgGUTSF6R9eftc_U89kdijM-sItKNmqWzky2dk9C32Q26NAG626Djw_Gu5KGvbzl9Q-SLgvOuSUQ7e96ltu0q5qI2oWHBjlk6u11UCHyg-cJlkU9MsPbM3khO66VuZdNJijE\/s640\/residuos+2016_2019.jpg\" title=\"Juzbado, gesti\u00f3n residuos 2019\" width=\"640\" \/><\/a><\/span><\/span><\/div>\n<p><a name='more'><\/a><span style=\"font-size: large;\"><span style=\"font-family: &quot;arial&quot; , &quot;helvetica&quot; , sans-serif;\"> <\/span><\/span><br \/>\n<span style=\"font-size: large;\"><span style=\"font-family: &quot;arial&quot; , &quot;helvetica&quot; , sans-serif;\"><a href=\"https:\/\/juzbado.blogspot.com\/2019\/02\/juzbado-separa-mas-residuos-en-2018.html\" target=\"_blank\">Cada a\u00f1o elaboramos una serie&nbsp; de estad\u00edsticas<\/a> para comprobar cu\u00e1l es nuestro comportamiento como comunidad y qu\u00e9 implicaciones tiene nuestro consumo y, por ende, nuestra basura, en <a href=\"https:\/\/juzbado.blogspot.com\/p\/medio-ambiente.html\" target=\"_blank\">la mejora medioambiental de nuestro municipio<\/a> y, tambi\u00e9n de nuestra provincia.&nbsp; La <a href=\"https:\/\/juzbado.blogspot.com\/2018\/03\/una-guia-de-residuos-para-separar-mejor.html\" target=\"_blank\">gesti\u00f3n de los residuos en Juzbado<\/a> y, en general, en nuestra comarca tormesina, se realiza en primer lugar gracias a la <a href=\"https:\/\/www.mancomunidaddeledesma.com\/Comarca-de-Ledesma-Servicios.php\" target=\"_blank\">Mancomunidad de Ledesma<\/a> que se encarga de los residuos s\u00f3lidos (contenedor gris) y tambi\u00e9n de los electrodom\u00e9sticos y aparatos el\u00e9ctricos.&nbsp; En segundo lugar, la <a href=\"http:\/\/www.dipsanet.es\/fomento\/gestionserviciosurbanos\/medioambiente\/residuos\/recogidaselectiva\/index.html\" target=\"_blank\">Diputaci\u00f3n de Salamanca<\/a> gestiona las fracciones de envases, papel y cart\u00f3n, vidrio (contenedores de colores), pilas y aceites usados. <\/span><\/span><\/div>\n<p><span style=\"font-size: large;\"><span style=\"font-family: &quot;arial&quot; , &quot;helvetica&quot; , sans-serif;\">  <\/span><\/span><\/p>\n<div style=\"text-align: justify;\">\n<span style=\"font-size: large;\"><span style=\"font-family: &quot;arial&quot; , &quot;helvetica&quot; , sans-serif;\"><b>Tras una solicitud de datos realizada a la Mancomunidad y a la Diputaci\u00f3n os presentamos los resultados de la campa\u00f1a 2019.<\/b>&nbsp; Mientras que en la fracci\u00f3n de papel la separaci\u00f3n ha disminuido un 27% con respecto al a\u00f1o anterior, aumenta sin embargo la recogida de pl\u00e1sticos y envases en general en un 20 %.&nbsp; Con respecto al vidrio obtenemos datos significativamente menores que en el 2018 con un descenso del 15 % para el 2019.&nbsp; Se trata de un c\u00f3mputo realizado para una fracci\u00f3n total de 5,8 toneladas de residuos separados en los contenedores azul, amarillo y verde.&nbsp; A ello&nbsp; hay que sumar 30 kilogramos de aceite usado de cocina y 48 kilogramos de pilas usadas en 2019.<b>&nbsp;<\/b><\/span><\/span><\/p>\n<p><span style=\"font-size: large;\"><span style=\"font-family: &quot;arial&quot; , &quot;helvetica&quot; , sans-serif;\"><b>Los datos de residuos org\u00e1nicos nos confirman el estancamiento en las 48 toneladas anuales<\/b> (dato estimativo aportado por la mancomunidad) recogidas en Juzbado a trav\u00e9s de los <a href=\"http:\/\/juzbado,%20gesti%C3%B3n%20residuos%202019\/\" target=\"_blank\">8 puntos donde tenemos ubicados contenedores<\/a> (<a href=\"https:\/\/www.mancomunidaddeledesma.com\/comarca-de-ledesma\/servicios-Recogida-de-residuos-solidos-urbanosdias-y-rutas-de-recogida.php?An=_Galerias.php?d=servicios-\/Recogida-de-residuos-solidos-urbanos\/\" target=\"_blank\">aqu\u00ed pod\u00e9is averiguar cu\u00e1ndo pasa el cami\u00f3n de la basura<\/a> por nuestro pueblo).&nbsp; El descenso en esta fracci\u00f3n org\u00e1nica sumada al aumento de la fracci\u00f3n separada ser\u00eda sin duda un indicativo objetivo de que estamos separando m\u00e1s.&nbsp; No es el caso y desde aqu\u00ed queremos insistir en la necesidad de <a href=\"https:\/\/juzbado.blogspot.com\/p\/medio-ambiente.html\" target=\"_blank\">separar residuos<\/a> para disminuir nuestra huella y propiciar procesos circulares y m\u00e1s responsables desde el punto de vista medioambiental.&nbsp; Adem\u00e1s, <b>la fracci\u00f3n org\u00e1nica tiene m\u00faltiples aplicaciones en la agricultura y en las huertas, sobre todo en un medio rural como el nuestro.<\/b><\/span><\/span><\/div>\n<p><span style=\"font-size: large;\"><span style=\"font-family: &quot;arial&quot; , &quot;helvetica&quot; , sans-serif;\">  <\/span><\/span><\/p>\n<div style=\"text-align: justify;\">\n<span style=\"font-size: large;\"><span style=\"font-family: &quot;arial&quot; , &quot;helvetica&quot; , sans-serif;\">Os recordamos que en Juzbado hay un local destinado a la recogida de electrodom\u00e9sticos y aparatos electr\u00f3nicos a disposici\u00f3n de todos los vecinos (<a href=\"https:\/\/www.mancomunidaddeledesma.com\/comarca-de-ledesma\/servicios-Recogida-de-residuos-solidos-urbanosrecogida-de-electrodomesticos.php?An=_Galerias.php?d=servicios-\/Recogida-de-residuos-solidos-urbanos\/\" target=\"_blank\">aqu\u00ed pod\u00e9is averiguar m\u00e1s sobre los RAEES<\/a>) y que pod\u00e9is acudir a nuestro ayuntamiento a realizar cualquier consulta o sugerencia.<\/span><\/span><\/p>\n<p><span style=\"font-size: large;\"><span style=\"font-family: &quot;arial&quot; , &quot;helvetica&quot; , sans-serif;\">Seg\u00fan la informaci\u00f3n vertida en la aplicaci\u00f3n Reciclapp (disponible para android <a href=\"https:\/\/play.google.com\/store\/apps\/details?id=com.carbonbyte.reciclapp&amp;hl=es\" target=\"_blank\">aqu\u00ed<\/a> y para Apple <a href=\"https:\/\/apps.apple.com\/es\/genre\/ios\/id36\" target=\"_blank\">aqu\u00ed<\/a>) en Juzbado se separa una media de 12,11 Kg por vecino (datos no actualizados). <\/span><\/span><\/div>\n<div style=\"text-align: justify;\">\n<\/div>\n<div style=\"text-align: justify;\">\n<span style=\"font-size: large;\"><span style=\"font-family: &quot;arial&quot; , &quot;helvetica&quot; , sans-serif;\">Os recordamos que ten\u00e9is toda la informaci\u00f3n en el <a href=\"https:\/\/juzbado.blogspot.com\/p\/medio-ambiente.html\" target=\"_blank\">apartado de Medio Ambiente de nuestra WEB<\/a>. <\/span><\/span><\/div>\n","protected":false},"excerpt":{"rendered":"<p>Cada a\u00f1o elaboramos una serie&nbsp; de estad\u00edsticas para comprobar cu\u00e1l es nuestro comportamiento como comunidad y qu\u00e9 implicaciones tiene nuestro consumo y, por ende, nuestra basura, en la mejora medioambiental de nuestro municipio y, tambi\u00e9n de nuestra provincia.&nbsp; La gesti\u00f3n de los residuos en Juzbado y, en general, en nuestra comarca tormesina, se realiza en [&hellip;]<\/p>\n","protected":false},"author":2,"featured_media":0,"comment_status":"open","ping_status":"open","sticky":false,"template":"","format":"standard","meta":{"saved_in_kubio":false,"footnotes":""},"categories":[1],"tags":[],"class_list":["post-371","post","type-post","status-publish","format-standard","hentry","category-sin-categoria"],"_links":{"self":[{"href":"https:\/\/juzbado.es\/nuevaweb\/wp-json\/wp\/v2\/posts\/371","targetHints":{"allow":["GET"]}}],"collection":[{"href":"https:\/\/juzbado.es\/nuevaweb\/wp-json\/wp\/v2\/posts"}],"about":[{"href":"https:\/\/juzbado.es\/nuevaweb\/wp-json\/wp\/v2\/types\/post"}],"author":[{"embeddable":true,"href":"https:\/\/juzbado.es\/nuevaweb\/wp-json\/wp\/v2\/users\/2"}],"replies":[{"embeddable":true,"href":"https:\/\/juzbado.es\/nuevaweb\/wp-json\/wp\/v2\/comments?post=371"}],"version-history":[{"count":0,"href":"https:\/\/juzbado.es\/nuevaweb\/wp-json\/wp\/v2\/posts\/371\/revisions"}],"wp:attachment":[{"href":"https:\/\/juzbado.es\/nuevaweb\/wp-json\/wp\/v2\/media?parent=371"}],"wp:term":[{"taxonomy":"category","embeddable":true,"href":"https:\/\/juzbado.es\/nuevaweb\/wp-json\/wp\/v2\/categories?post=371"},{"taxonomy":"post_tag","embeddable":true,"href":"https:\/\/juzbado.es\/nuevaweb\/wp-json\/wp\/v2\/tags?post=371"}],"curies":[{"name":"wp","href":"https:\/\/api.w.org\/{rel}","templated":true}]}}