{"id":372,"date":"2020-01-24T14:31:00","date_gmt":"2020-01-24T13:31:00","guid":{"rendered":"http:\/\/juzbado.es\/nuevaweb\/2020\/01\/24\/cronica-de-final-de-ano\/"},"modified":"2020-01-24T14:31:00","modified_gmt":"2020-01-24T13:31:00","slug":"cronica-de-final-de-ano","status":"publish","type":"post","link":"https:\/\/juzbado.es\/nuevaweb\/2020\/01\/24\/cronica-de-final-de-ano\/","title":{"rendered":"CR\u00d3NICA DE FINAL DE A\u00d1O"},"content":{"rendered":"<div style=\"clear: both; text-align: center;\">\n<span style=\"font-family: &quot;arial&quot; , &quot;helvetica&quot; , sans-serif;\"><span style=\"font-size: large;\"><\/span><\/span><\/div>\n<div style=\"text-align: justify;\">\n<table align=\"center\" cellpadding=\"0\" cellspacing=\"0\" style=\"margin-left: auto; margin-right: auto; text-align: center;\">\n<tbody>\n<tr>\n<td style=\"text-align: center;\"><a href=\"https:\/\/blogger.googleusercontent.com\/img\/b\/R29vZ2xl\/AVvXsEi0ZdO-77ufpOBO8TzA2oaXaKkXO6IkKoJkuu5AzqhtIVZXmmmiefvBckqD_DYwndtE-7emVFKH2v6jzSBuU1z9l3VuYev98cJuIUdKJGCeuas8myz0PTQQ_wPw-tF4snCjWdqy0uuO2es\/s1600\/MAr%25C3%25ADa+hija+isabel+g%25C3%25B3mez.jpeg\" style=\"margin-left: auto; margin-right: auto;\"><img loading=\"lazy\" decoding=\"async\" border=\"0\" data-original-height=\"1402\" data-original-width=\"1599\" height=\"350\" src=\"https:\/\/blogger.googleusercontent.com\/img\/b\/R29vZ2xl\/AVvXsEi0ZdO-77ufpOBO8TzA2oaXaKkXO6IkKoJkuu5AzqhtIVZXmmmiefvBckqD_DYwndtE-7emVFKH2v6jzSBuU1z9l3VuYev98cJuIUdKJGCeuas8myz0PTQQ_wPw-tF4snCjWdqy0uuO2es\/s400\/MAr%25C3%25ADa+hija+isabel+g%25C3%25B3mez.jpeg\" width=\"400\" \/><\/a><\/td>\n<\/tr>\n<tr>\n<td style=\"text-align: center;\"><span> <span style=\"font-family: &quot;arial&quot; , &quot;helvetica&quot; , sans-serif;\">La peque\u00f1a Mar\u00eda (foto cedida por sus padres)<\/span><\/span><\/td>\n<\/tr>\n<\/tbody>\n<\/table>\n<p><span style=\"font-family: &quot;arial&quot; , &quot;helvetica&quot; , sans-serif;\"><span style=\"font-size: large;\"><\/span><\/span><br \/>\n<a name='more'><\/a><span style=\"font-family: &quot;arial&quot; , &quot;helvetica&quot; , sans-serif;\"><span style=\"font-size: large;\">&nbsp;<\/span><\/span><br \/>\n<span style=\"font-family: &quot;arial&quot; , &quot;helvetica&quot; , sans-serif;\"><span style=\"font-size: large;\">Han pasado ya algunas semanas y con la perspectiva del tiempo<br \/>\ncompartimos una de las mejores cr\u00f3nicas que se han escrito en Juzbado<br \/>\ndurante los \u00faltimos tiempos.  Se trata de lo acontecido durante los<br \/>\n\u00faltimos d\u00edas de diciembre del a\u00f1o pasado.&nbsp;<\/span><\/span><\/div>\n<div style=\"text-align: justify;\">\n<\/div>\n<div style=\"text-align: justify;\">\n<span style=\"font-family: &quot;arial&quot; , &quot;helvetica&quot; , sans-serif;\"><span style=\"font-size: large;\">Resulta que entre el 26 y el<br \/>\n30 de diciembre de 2019 se nos han unido al vecindario tres nuevas<br \/>\ncriaturas.  S\u00ed, \u00a1tres! Se trata de tres hermosas ni\u00f1as.  La primera fue<br \/>\nLuc\u00eda que naci\u00f3 el 26, tras la comilona del d\u00eda de navidad.  Tres d\u00eda<\/span><\/span><span><span style=\"font-family: &quot;arial&quot; , &quot;helvetica&quot; , sans-serif;\"><span style=\"font-size: large;\">s<br \/>\n despu\u00e9s, el 29 de diciembre Isabel alumbr\u00f3 a Mar\u00eda y, pocas horas antes<br \/>\n de acabar el a\u00f1o, el d\u00eda 30, Andrea abri\u00f3 los ojos por primera vez<br \/>\nfuera del vientre de Montse.  Desde aqu\u00ed queremos dar la enhorabuena a<br \/>\ntodas las familias y muy especialmente a los peque\u00f1os \u00c1ngel, Ana, Marco y<br \/>\n Matteo por sus nuevas hermanitas.&nbsp;<\/span><\/span><\/span><\/div>\n<div style=\"text-align: justify;\">\n<\/div>\n<div style=\"text-align: justify;\">\n<span><span style=\"font-family: &quot;arial&quot; , &quot;helvetica&quot; , sans-serif;\"><span style=\"font-size: large;\">Sin duda alguna se trata de la mejor<br \/>\ncr\u00f3nica posible y 2019 ser\u00e1 ya recordado tambi\u00e9n por tener una de las<br \/>\ncuadrillas m\u00e1s numerosas y femeninas de la historia de Juzbado. <\/span><\/span><\/span><\/div>\n<p><span><\/span><span> <\/span><\/p>\n","protected":false},"excerpt":{"rendered":"<p>La peque\u00f1a Mar\u00eda (foto cedida por sus padres) &nbsp; Han pasado ya algunas semanas y con la perspectiva del tiempo compartimos una de las mejores cr\u00f3nicas que se han escrito en Juzbado durante los \u00faltimos tiempos. Se trata de lo acontecido durante los \u00faltimos d\u00edas de diciembre del a\u00f1o pasado.&nbsp; Resulta que entre el 26 [&hellip;]<\/p>\n","protected":false},"author":2,"featured_media":0,"comment_status":"open","ping_status":"open","sticky":false,"template":"","format":"standard","meta":{"saved_in_kubio":false,"footnotes":""},"categories":[1],"tags":[],"class_list":["post-372","post","type-post","status-publish","format-standard","hentry","category-sin-categoria"],"_links":{"self":[{"href":"https:\/\/juzbado.es\/nuevaweb\/wp-json\/wp\/v2\/posts\/372","targetHints":{"allow":["GET"]}}],"collection":[{"href":"https:\/\/juzbado.es\/nuevaweb\/wp-json\/wp\/v2\/posts"}],"about":[{"href":"https:\/\/juzbado.es\/nuevaweb\/wp-json\/wp\/v2\/types\/post"}],"author":[{"embeddable":true,"href":"https:\/\/juzbado.es\/nuevaweb\/wp-json\/wp\/v2\/users\/2"}],"replies":[{"embeddable":true,"href":"https:\/\/juzbado.es\/nuevaweb\/wp-json\/wp\/v2\/comments?post=372"}],"version-history":[{"count":0,"href":"https:\/\/juzbado.es\/nuevaweb\/wp-json\/wp\/v2\/posts\/372\/revisions"}],"wp:attachment":[{"href":"https:\/\/juzbado.es\/nuevaweb\/wp-json\/wp\/v2\/media?parent=372"}],"wp:term":[{"taxonomy":"category","embeddable":true,"href":"https:\/\/juzbado.es\/nuevaweb\/wp-json\/wp\/v2\/categories?post=372"},{"taxonomy":"post_tag","embeddable":true,"href":"https:\/\/juzbado.es\/nuevaweb\/wp-json\/wp\/v2\/tags?post=372"}],"curies":[{"name":"wp","href":"https:\/\/api.w.org\/{rel}","templated":true}]}}