{"id":373,"date":"2020-01-21T12:37:00","date_gmt":"2020-01-21T11:37:00","guid":{"rendered":"http:\/\/juzbado.es\/nuevaweb\/2020\/01\/21\/la-asociacion-de-mujeres-nos-convoca-para-las-aguedas-2020\/"},"modified":"2020-01-21T12:37:00","modified_gmt":"2020-01-21T11:37:00","slug":"la-asociacion-de-mujeres-nos-convoca-para-las-aguedas-2020","status":"publish","type":"post","link":"https:\/\/juzbado.es\/nuevaweb\/2020\/01\/21\/la-asociacion-de-mujeres-nos-convoca-para-las-aguedas-2020\/","title":{"rendered":"LA ASOCIACI\u00d3N DE MUJERES NOS CONVOCA PARA LAS \u00c1GUEDAS 2020"},"content":{"rendered":"<div style=\"line-height: normal; margin-bottom: 0.0001pt; text-align: justify;\">\n<span style=\"font-size: large;\"><span style=\"font-family: &quot;arial&quot; , &quot;helvetica&quot; , sans-serif;\">La Asociaci\u00f3n de Mujeres celebra <a href=\"https:\/\/juzbado.blogspot.com\/2018\/02\/las-aguedas-de-juzbado.html\" target=\"_blank\">un a\u00f1o m\u00e1s<\/a> la festividad de las \u00c1guedas con varios actos previstos para el domingo d\u00eda 9 de febrero.&nbsp; Seg\u00fan la presidenta Marif\u00e9 Francho, la celebraci\u00f3n se retrasa al siguiente fin de semana con respecto al d\u00eda 5 de Febrero, festividad de Santa \u00c1gueda y que este a\u00f1o coincide con un mi\u00e9rcoles.&nbsp; &nbsp;<\/span><\/span><\/div>\n<div style=\"line-height: normal; margin-bottom: 0.0001pt; text-align: justify;\">\n<\/div>\n<div style=\"line-height: normal; margin-bottom: 0.0001pt; text-align: justify;\">\n<span style=\"font-size: large;\"><span style=\"font-family: &quot;arial&quot; , &quot;helvetica&quot; , sans-serif;\">Los actos arrancar\u00e1n con una misa en honor a Santa \u00c1gueda en la iglesia parroquial&nbsp; a las 12:00 h. , tras la cual habr\u00e1 bailes por las calles a cargo del grupo de bailes charros con tamborilera incluida. &nbsp;&nbsp;<\/span><\/span><\/div>\n<div style=\"line-height: normal; margin-bottom: 0.0001pt; text-align: justify;\">\n<\/div>\n<div style=\"clear: both; text-align: center;\">\n<span style=\"font-size: large;\"><a href=\"https:\/\/blogger.googleusercontent.com\/img\/b\/R29vZ2xl\/AVvXsEhqQbc2WERmPmtrIkPEa2iKgrHp785AkIoDV1aHNS-by0x1bNl-j02J0LNqZOU_9JtoadzXn1qsbi1egRefxi93TySkJFsDEWJh2hrtAAUJspdjdsUzm-uyyQOqjx_SsW5mocsgLCA4C-c\/s1600\/%25C3%25A1guedas+2020.jpg\" style=\"margin-left: 1em; margin-right: 1em;\"><img loading=\"lazy\" decoding=\"async\" alt=\"Juzbado, \u00c1guedas 2020, asociaci\u00f3n de mujeres\" border=\"0\" data-original-height=\"1600\" data-original-width=\"1132\" height=\"640\" src=\"https:\/\/blogger.googleusercontent.com\/img\/b\/R29vZ2xl\/AVvXsEhqQbc2WERmPmtrIkPEa2iKgrHp785AkIoDV1aHNS-by0x1bNl-j02J0LNqZOU_9JtoadzXn1qsbi1egRefxi93TySkJFsDEWJh2hrtAAUJspdjdsUzm-uyyQOqjx_SsW5mocsgLCA4C-c\/s640\/%25C3%25A1guedas+2020.jpg\" title=\"Juzbado, \u00c1guedas 2020, asociaci\u00f3n de mujeres\" width=\"452\" \/><\/a><\/span><\/div>\n<p><\/p>\n<div style=\"line-height: normal; margin-bottom: 0.0001pt; text-align: justify;\">\n<span style=\"font-size: large;\"><span style=\"font-family: &quot;arial&quot; , &quot;helvetica&quot; , sans-serif;\">Alrededor de las 14:30 h. se celebrar\u00e1 la tradicional comida en el sal\u00f3n de actos del Ayuntamiento.&nbsp; En esta ocasi\u00f3n se trata de un men\u00fa preparado por el <a href=\"https:\/\/www.google.com\/search?client=firefox-b-d&amp;q=Bar%20Restaurante%20Angus%20Deli&amp;sxsrf=ACYBGNQP1RHrTpcmCMAB4H9XwJKpDN0yUw:1579606237757&amp;npsic=0&amp;rflfq=1&amp;rlha=0&amp;rllag=41078214,-5863334,190&amp;tbm=lcl&amp;rldimm=6483035712018260568&amp;lqi=ChpCYXIgUmVzdGF1cmFudGUgQW5ndXMgRGVsaVohCgNiYXIiGmJhciByZXN0YXVyYW50ZSBhbmd1cyBkZWxp&amp;phdesc=3QCXZ-OfR2w&amp;ved=2ahUKEwjf0b7ly5TnAhUyDmMBHWrjDO8QvS4wA3oECAoQKg&amp;rldoc=1&amp;tbs=lrf:!1m4!1u3!2m2!3m1!1e1!1m4!1u2!2m2!2m1!1e1!2m1!1e2!2m1!1e3!3sIAE,lf:1,lf_ui:9&amp;rlst=f#rlfi=hd:;si:6483035712018260568,l,ChpCYXIgUmVzdGF1cmFudGUgQW5ndXMgRGVsaVohCgNiYXIiGmJhciByZXN0YXVyYW50ZSBhbmd1cyBkZWxp,y,3QCXZ-OfR2w;mv:%5B%5B41.0786819,-5.860860499999999%5D,%5B41.07774620000001,-5.8658076%5D%5D;tbs:lrf:!1m4!1u3!2m2!3m1!1e1!1m4!1u2!2m2!2m1!1e1!2m1!1e2!2m1!1e3!3sIAE,lf:1,lf_ui:9\" target=\"_blank\">Bar Restaurante Angus Deli<\/a> que consistir\u00e1 en sopa de pescado de primero, carne guisada con ensalada de segundo y postre (fruta o tarta) acompa\u00f1ado de caf\u00e9.&nbsp; &nbsp;<\/span><\/span><\/div>\n<div style=\"line-height: normal; margin-bottom: 0.0001pt; text-align: justify;\">\n<\/div>\n<div style=\"line-height: normal; margin-bottom: 0.0001pt; text-align: justify;\">\n<span style=\"font-size: large;\"><span style=\"font-family: &quot;arial&quot; , &quot;helvetica&quot; , sans-serif;\">Los precios para adultos son de 8 \u20ac por persona y para los ni\u00f1os entre 5 y 10 a\u00f1os el men\u00fa es de 4 \u20ac.&nbsp; Desde la <a href=\"https:\/\/juzbado.blogspot.com\/p\/asociaciones.html\" target=\"_blank\">Asociaci\u00f3n de mujeres<\/a> nos recuerdan que las personas interesadas en apuntarse&nbsp; a la comida pueden hacerlo por whatsapp en el grupo de la asociaci\u00f3n de mujeres, en las listas puestas en el ayuntamiento y en sendos bares: <a href=\"https:\/\/www.google.com\/search?client=firefox-b-d&amp;q=Bar%20Restaurante%20Angus%20Deli&amp;sxsrf=ACYBGNQP1RHrTpcmCMAB4H9XwJKpDN0yUw:1579606237757&amp;npsic=0&amp;rflfq=1&amp;rlha=0&amp;rllag=41078214,-5863334,190&amp;tbm=lcl&amp;rldimm=6483035712018260568&amp;lqi=ChpCYXIgUmVzdGF1cmFudGUgQW5ndXMgRGVsaVohCgNiYXIiGmJhciByZXN0YXVyYW50ZSBhbmd1cyBkZWxp&amp;phdesc=3QCXZ-OfR2w&amp;ved=2ahUKEwjf0b7ly5TnAhUyDmMBHWrjDO8QvS4wA3oECAoQKg&amp;rldoc=1&amp;tbs=lrf:!1m4!1u3!2m2!3m1!1e1!1m4!1u2!2m2!2m1!1e1!2m1!1e2!2m1!1e3!3sIAE,lf:1,lf_ui:9&amp;rlst=f#rlfi=hd:;si:6483035712018260568,l,ChpCYXIgUmVzdGF1cmFudGUgQW5ndXMgRGVsaVohCgNiYXIiGmJhciByZXN0YXVyYW50ZSBhbmd1cyBkZWxp,y,3QCXZ-OfR2w;mv:%5B%5B41.0786819,-5.860860499999999%5D,%5B41.07774620000001,-5.8658076%5D%5D;tbs:lrf:!1m4!1u3!2m2!3m1!1e1!1m4!1u2!2m2!2m1!1e1!2m1!1e2!2m1!1e3!3sIAE,lf:1,lf_ui:9\" target=\"_blank\">Bar Restaurante Angus Deli<\/a> (piscinas) y <a href=\"https:\/\/www.google.com\/search?client=firefox-b-d&amp;tbm=lcl&amp;sxsrf=ACYBGNTAbnC_Q9wjE6DiD5iju9ePCwuogA%3A1579606244768&amp;ei=5OAmXujGLuudjLsPxLWH2Ag&amp;q=Bar+Restaurante+El+Toral&amp;oq=Bar+Restaurante+El+Toral&amp;gs_l=psy-ab.3...110721.110721.0.111107.0.0.0.0.0.0.0.0..0.0....0...1c.2.64.psy-ab..0.0.0....0.Hq6R8BQCqTA#rlfi=hd:;si:3324211450486772894;mv:%5B%5B41.07797627731902,-5.860886745687549%5D,%5B41.07761632268096,-5.861364254312452%5D%5D\" target=\"_blank\">Bar Restaurante El Toral<\/a>.&nbsp; Siempre antes del lunes 3 de febrero.<\/span><\/span><\/p>\n<p><span style=\"font-size: large;\"><span style=\"font-family: &quot;arial&quot; , &quot;helvetica&quot; , sans-serif;\">Por \u00faltimo, recuerda la asociaci\u00f3n que el mismo d\u00eda de la celebraci\u00f3n se abonen los men\u00fas con el dinero justo para facilitar la labor a las personas encargadas.<\/span><\/span><\/div>\n","protected":false},"excerpt":{"rendered":"<p>La Asociaci\u00f3n de Mujeres celebra un a\u00f1o m\u00e1s la festividad de las \u00c1guedas con varios actos previstos para el domingo d\u00eda 9 de febrero.&nbsp; Seg\u00fan la presidenta Marif\u00e9 Francho, la celebraci\u00f3n se retrasa al siguiente fin de semana con respecto al d\u00eda 5 de Febrero, festividad de Santa \u00c1gueda y que este a\u00f1o coincide con [&hellip;]<\/p>\n","protected":false},"author":2,"featured_media":0,"comment_status":"open","ping_status":"open","sticky":false,"template":"","format":"standard","meta":{"saved_in_kubio":false,"footnotes":""},"categories":[1],"tags":[],"class_list":["post-373","post","type-post","status-publish","format-standard","hentry","category-sin-categoria"],"_links":{"self":[{"href":"https:\/\/juzbado.es\/nuevaweb\/wp-json\/wp\/v2\/posts\/373","targetHints":{"allow":["GET"]}}],"collection":[{"href":"https:\/\/juzbado.es\/nuevaweb\/wp-json\/wp\/v2\/posts"}],"about":[{"href":"https:\/\/juzbado.es\/nuevaweb\/wp-json\/wp\/v2\/types\/post"}],"author":[{"embeddable":true,"href":"https:\/\/juzbado.es\/nuevaweb\/wp-json\/wp\/v2\/users\/2"}],"replies":[{"embeddable":true,"href":"https:\/\/juzbado.es\/nuevaweb\/wp-json\/wp\/v2\/comments?post=373"}],"version-history":[{"count":0,"href":"https:\/\/juzbado.es\/nuevaweb\/wp-json\/wp\/v2\/posts\/373\/revisions"}],"wp:attachment":[{"href":"https:\/\/juzbado.es\/nuevaweb\/wp-json\/wp\/v2\/media?parent=373"}],"wp:term":[{"taxonomy":"category","embeddable":true,"href":"https:\/\/juzbado.es\/nuevaweb\/wp-json\/wp\/v2\/categories?post=373"},{"taxonomy":"post_tag","embeddable":true,"href":"https:\/\/juzbado.es\/nuevaweb\/wp-json\/wp\/v2\/tags?post=373"}],"curies":[{"name":"wp","href":"https:\/\/api.w.org\/{rel}","templated":true}]}}