{"id":375,"date":"2020-01-14T14:26:00","date_gmt":"2020-01-14T13:26:00","guid":{"rendered":"http:\/\/juzbado.es\/nuevaweb\/2020\/01\/14\/juzbado-en-defensa-de-la-atencion-primaria-y-rural\/"},"modified":"2020-01-14T14:26:00","modified_gmt":"2020-01-14T13:26:00","slug":"juzbado-en-defensa-de-la-atencion-primaria-y-rural","status":"publish","type":"post","link":"https:\/\/juzbado.es\/nuevaweb\/2020\/01\/14\/juzbado-en-defensa-de-la-atencion-primaria-y-rural\/","title":{"rendered":"JUZBADO EN DEFENSA DE LA ATENCI\u00d3N PRIMARIA Y RURAL"},"content":{"rendered":"<div style=\"text-align: justify;\">\n<span style=\"font-size: large;\"><span style=\"font-family: &quot;arial&quot; , &quot;helvetica&quot; , sans-serif;\">El pueblo de Juzbado se uni\u00f3 la semana pasada a la <a href=\"https:\/\/www.nuestromedicosequeda.es\/\" target=\"_blank\">campa\u00f1a que decenas de pueblos a lo largo y ancho de la provincia de Salamanca<\/a> han puesto en marcha contra la reforma de la sanidad&nbsp; rural que quiere implantar la Junta de Castilla y Le\u00f3n.&nbsp; <b>La campa\u00f1a se denomina \u201cNUESTRO M\u00c9DICO SE QUEDA: contra la reforma de la sanidad rural de JCyL, en defensa de m\u00e9dicos\/as y enfermeros\/as en todos los consultorios\u201d.<\/b> &nbsp;&nbsp;Son ya m\u00e1s de 50 pueblos en nuestra provincia (<a href=\"https:\/\/www.facebook.com\/Nuestro-m%C3%A9dico-se-queda-110313170497469\/?modal=admin_todo_tour\" target=\"_blank\">la cifra aumenta con los d\u00edas<\/a>) que han colocado una pancarta a la puerta de sus consultorios o en las fachadas de los ayuntamientos mostrando su desacuerdo con una reforma que pretende hacer desaparecer muchos de los consultorios locales de los pueblos de toda Castilla y Le\u00f3n.<\/span><\/span><\/div>\n<div style=\"text-align: justify;\">\n<\/div>\n<p><span style=\"font-size: large;\"><span style=\"font-family: &quot;arial&quot; , &quot;helvetica&quot; , sans-serif;\">  <\/span><\/span><\/p>\n<div style=\"text-align: justify;\">\n<span style=\"font-size: large;\"><span style=\"font-family: &quot;arial&quot; , &quot;helvetica&quot; , sans-serif;\">El <a href=\"https:\/\/www.saludcastillayleon.es\/institucion\/es\/sanidad-rural\" target=\"_blank\">documento marco que ha presentado la Consejer\u00eda deSanidad de la Junta de Castilla y Le\u00f3n<\/a> establece que se mantendr\u00e1n los centros de salud y adem\u00e1s se crear\u00e1n unos pocos, muy pocos y que denominar\u00e1n CRA (Consultorios Rurales Agrupados) solo en algunos pueblos. De ellos depender\u00e1n la inmensa mayor\u00eda de consultorios rurales lim\u00edtrofes, los que pasan a llamarse Consultorios de Proximidad (C-PROX). &nbsp;<b>En estos consultorios de proximidad no habr\u00e1 consulta semanal programada, es decir, no ir\u00e1n ni m\u00e9dicos ni enfermeras a las horas de consulta en el horario establecido, tal y como sucede ahora.<\/b> &nbsp;Los profesionales sanitarios s\u00f3lo acudir\u00e1n al consultorio previa cita concertada o a petici\u00f3n (telef\u00f3nica, telem\u00e1tica\u2026) del paciente.&nbsp;&nbsp;<\/span><\/span><\/div>\n<div>\n<span style=\"font-size: large;\"><span style=\"font-family: &quot;arial&quot; , &quot;helvetica&quot; , sans-serif;\">&nbsp;<\/p>\n<table align=\"center\" cellpadding=\"0\" cellspacing=\"0\" style=\"margin-left: auto; margin-right: auto; text-align: center;\">\n<tbody>\n<tr>\n<td style=\"text-align: center;\"><a href=\"https:\/\/blogger.googleusercontent.com\/img\/b\/R29vZ2xl\/AVvXsEjA_5Qpj3IUgbUlfLY7GJwkpln1m1Kz0jUMTKOplSXt7XNe7wRwdf4Ktif__v-NISbRIDgHt8Ey2af05wDallEbMIiIYGhMmupXYlvek9_dVyZDHijX090za0umBBawB-Xy4XRUp2p8eMM\/s1600\/Juzbado+_2.jpeg\" style=\"margin-left: auto; margin-right: auto;\"><img loading=\"lazy\" decoding=\"async\" alt=\"Juzbado, nuestro m\u00e9dico se queda, sanidad rural\" border=\"0\" data-original-height=\"1200\" data-original-width=\"1599\" height=\"480\" src=\"https:\/\/blogger.googleusercontent.com\/img\/b\/R29vZ2xl\/AVvXsEjA_5Qpj3IUgbUlfLY7GJwkpln1m1Kz0jUMTKOplSXt7XNe7wRwdf4Ktif__v-NISbRIDgHt8Ey2af05wDallEbMIiIYGhMmupXYlvek9_dVyZDHijX090za0umBBawB-Xy4XRUp2p8eMM\/s640\/Juzbado+_2.jpeg\" title=\"Juzbado, nuestro m\u00e9dico se queda, sanidad rural\" width=\"640\" \/><\/a><\/td>\n<\/tr>\n<tr>\n<td style=\"text-align: center;\">Vecinos y vecinas a la puerta del consultorio local en se\u00f1al de protesta contra la reforma<\/td>\n<\/tr>\n<\/tbody>\n<\/table>\n<p><\/span><\/span><\/div>\n<p><span style=\"font-size: large;\"><span style=\"font-family: &quot;arial&quot; , &quot;helvetica&quot; , sans-serif;\">  <\/span><\/span><\/p>\n<div style=\"text-align: justify;\">\n<span style=\"font-size: large;\"><span style=\"font-family: &quot;arial&quot; , &quot;helvetica&quot; , sans-serif;\"><b>En resumen, se llevan los m\u00e9dicos y enfermeras de los pueblos. <\/b>Desde la Junta se perpetra esta salvajada contra el medio rural y sin embargo se esfuerza en decir que no se cerrar\u00e1n consultorios.&nbsp; <a href=\"https:\/\/www.nuestromedicosequeda.es\/2020\/01\/estrategia-de-confusion-de-la-jcyl.html\" target=\"_blank\">Por mucho que se empe\u00f1enen enga\u00f1arnos, la realidad es tozuda:<\/a> un consultorio m\u00e9dico sin m\u00e9dico no es un consultorio. Adem\u00e1s, demuestran tener mucha cara, <b>porque los consultorios locales no son titularidad de la JCyL, sino de los ayuntamientos, por lo que no tienen potestad para cerrarlos, pero s\u00ed para despojarlos de profesionales y someterlos al abandono y la inutilidad.&nbsp;<\/b><\/span><\/span><\/div>\n<div>\n<\/div>\n<p><span style=\"font-size: large;\"><span style=\"font-family: &quot;arial&quot; , &quot;helvetica&quot; , sans-serif;\">  <\/span><\/span><\/p>\n<div style=\"text-align: justify;\">\n<span style=\"font-size: large;\"><span style=\"font-family: &quot;arial&quot; , &quot;helvetica&quot; , sans-serif;\">En cuanto a los pueblos donde s\u00ed haya centro de salud, o en aqu\u00e9llos \u2013poqu\u00edsimos y de cierto tama\u00f1o- que puedan ser agraciados con la creaci\u00f3n de un CRA (Consultorios Rurales Agrupados), tanto unos como otros se ver\u00e1n afectados de manera clara y directa, ya que los m\u00e9dicos rurales (y el personal de enfermer\u00eda, claro) est\u00e1n adscritos a centros de salud, que ver\u00e1n mermadas sus plantillas y reducida su acci\u00f3n comarcal.&nbsp; Es decir, q<b>ue cuando quitan m\u00e9dicos de los municipios peque\u00f1os (casi todos), quitan necesariamente m\u00e9dicos de los actuales centros de salud y despojan a nuestros territorios de uno de los servicios m\u00e1s esenciales <\/b>para que nos mantengamos en los pueblos. &nbsp;Por supuesto, no hay mayor incoherencia que hablar de lucha contra la despoblaci\u00f3n rural y agredirnos de una forma tan brutal.<\/span><\/span><\/div>\n<div>\n<\/div>\n<p><span style=\"font-size: large;\"><span style=\"font-family: &quot;arial&quot; , &quot;helvetica&quot; , sans-serif;\">  <\/span><\/span><\/p>\n<div style=\"text-align: justify;\">\n<span style=\"font-size: large;\"><span style=\"font-family: &quot;arial&quot; , &quot;helvetica&quot; , sans-serif;\">Es fundamental hacernos ver y o\u00edr, y que se escuche a los pueblos. As\u00ed que Juzbado y muchos otros pueblos arranca el a\u00f1o colocando una pancarta con el lema NUESTRO M\u00c9DICO SE QUEDA.<\/span><\/span><\/div>\n<div style=\"text-align: justify;\">\n<\/div>\n<div style=\"text-align: justify;\">\n<span style=\"font-size: large;\"><span style=\"font-family: &quot;arial&quot; , &quot;helvetica&quot; , sans-serif;\"><a href=\"https:\/\/www.nuestromedicosequeda.es\/p\/blog-page_16.html\" target=\"_blank\">Aqu\u00ed pod\u00e9is descargar los materiales disponibles de la campa\u00f1a para imprimir carteles y colocarlos en ventanas.<\/a><\/span><\/span><\/div>\n<div style=\"text-align: justify;\">\n<\/div>\n<div style=\"text-align: justify;\">\n<span style=\"font-size: large;\"><span style=\"font-family: &quot;arial&quot; , &quot;helvetica&quot; , sans-serif;\"><a href=\"https:\/\/www.nuestromedicosequeda.es\/2020\/01\/por-que-esta-campana.html\" target=\"_blank\">Aqu\u00ed ten\u00e9is m\u00e1s informaci\u00f3n sobre la campa\u00f1a \u00abNuestro m\u00e9dico se queda\u00bb.<\/a>&nbsp; <\/span><\/span><\/div>\n","protected":false},"excerpt":{"rendered":"<p>El pueblo de Juzbado se uni\u00f3 la semana pasada a la campa\u00f1a que decenas de pueblos a lo largo y ancho de la provincia de Salamanca han puesto en marcha contra la reforma de la sanidad&nbsp; rural que quiere implantar la Junta de Castilla y Le\u00f3n.&nbsp; La campa\u00f1a se denomina \u201cNUESTRO M\u00c9DICO SE QUEDA: contra [&hellip;]<\/p>\n","protected":false},"author":2,"featured_media":0,"comment_status":"open","ping_status":"open","sticky":false,"template":"","format":"standard","meta":{"saved_in_kubio":false,"footnotes":""},"categories":[1],"tags":[],"class_list":["post-375","post","type-post","status-publish","format-standard","hentry","category-sin-categoria"],"_links":{"self":[{"href":"https:\/\/juzbado.es\/nuevaweb\/wp-json\/wp\/v2\/posts\/375","targetHints":{"allow":["GET"]}}],"collection":[{"href":"https:\/\/juzbado.es\/nuevaweb\/wp-json\/wp\/v2\/posts"}],"about":[{"href":"https:\/\/juzbado.es\/nuevaweb\/wp-json\/wp\/v2\/types\/post"}],"author":[{"embeddable":true,"href":"https:\/\/juzbado.es\/nuevaweb\/wp-json\/wp\/v2\/users\/2"}],"replies":[{"embeddable":true,"href":"https:\/\/juzbado.es\/nuevaweb\/wp-json\/wp\/v2\/comments?post=375"}],"version-history":[{"count":0,"href":"https:\/\/juzbado.es\/nuevaweb\/wp-json\/wp\/v2\/posts\/375\/revisions"}],"wp:attachment":[{"href":"https:\/\/juzbado.es\/nuevaweb\/wp-json\/wp\/v2\/media?parent=375"}],"wp:term":[{"taxonomy":"category","embeddable":true,"href":"https:\/\/juzbado.es\/nuevaweb\/wp-json\/wp\/v2\/categories?post=375"},{"taxonomy":"post_tag","embeddable":true,"href":"https:\/\/juzbado.es\/nuevaweb\/wp-json\/wp\/v2\/tags?post=375"}],"curies":[{"name":"wp","href":"https:\/\/api.w.org\/{rel}","templated":true}]}}