{"id":376,"date":"2020-01-08T19:48:00","date_gmt":"2020-01-08T18:48:00","guid":{"rendered":"http:\/\/juzbado.es\/nuevaweb\/2020\/01\/08\/un-nuevo-calendario-vecinal-para-2020\/"},"modified":"2020-01-08T19:48:00","modified_gmt":"2020-01-08T18:48:00","slug":"un-nuevo-calendario-vecinal-para-2020","status":"publish","type":"post","link":"https:\/\/juzbado.es\/nuevaweb\/2020\/01\/08\/un-nuevo-calendario-vecinal-para-2020\/","title":{"rendered":"UN NUEVO CALENDARIO VECINAL PARA 2020"},"content":{"rendered":"<div style=\"margin-bottom: .0001pt; margin: 0cm; text-align: justify;\">\n<div style=\"clear: both; text-align: center;\">\n<a href=\"https:\/\/blogger.googleusercontent.com\/img\/b\/R29vZ2xl\/AVvXsEiQeYQSzx8V-dZG_Rcn7QucIMj5_npHKlenX10SobZ2cccZGLYZWK4-z8dvMQMNFxIfYevetNpzrZz-A09f99Y5Plcrn_GJUDwHvdk7KLubMUasvAwQSyaSt4ShLnDcqAusgN7hpqISUq8\/s1600\/JUZBADO+CALENDARIO+PORTADA+1.jpg\" style=\"margin-left: 1em; margin-right: 1em;\"><img loading=\"lazy\" decoding=\"async\" alt=\"Juzbado, Calendario 2020\" border=\"0\" data-original-height=\"265\" data-original-width=\"1600\" height=\"106\" src=\"https:\/\/blogger.googleusercontent.com\/img\/b\/R29vZ2xl\/AVvXsEiQeYQSzx8V-dZG_Rcn7QucIMj5_npHKlenX10SobZ2cccZGLYZWK4-z8dvMQMNFxIfYevetNpzrZz-A09f99Y5Plcrn_GJUDwHvdk7KLubMUasvAwQSyaSt4ShLnDcqAusgN7hpqISUq8\/s640\/JUZBADO+CALENDARIO+PORTADA+1.jpg\" title=\"Juzbado, Calendario 2020\" width=\"640\" \/><\/a><\/div>\n<p><\/p>\n<div style=\"clear: both; text-align: center;\">\n<\/div>\n<div style=\"clear: both; text-align: center;\">\n<\/div>\n<p><span style=\"font-family: &quot;arial&quot; , sans-serif; font-size: 13.5pt;\">Cada a\u00f1o<br \/>\nel pueblo de Juzbado&nbsp;<\/span><span style=\"font-size: 13.5pt;\"><a href=\"https:\/\/juzbado.blogspot.com\/2019\/11\/el-baul-de-los-recuerdos-2020.html\" target=\"_blank\"><span style=\"font-family: &quot;arial&quot; , &quot;sans-serif&quot;;\">convoca<br \/>\na todos los vecinos<\/span><\/a><\/span><span style=\"font-family: &quot;arial&quot; , sans-serif; font-size: 13.5pt;\">&nbsp;a participar en el calendario municipal.&nbsp;&nbsp;Se<br \/>\ntrata de una iniciativa iniciada hace ya 5 a\u00f1os y que est\u00e1 promovida por la<br \/>\nOficina de Desarrollo Local.&nbsp;&nbsp;<b>Cuenta con la colaboraci\u00f3n del alumnado<br \/>\nde las clases de inform\u00e1tica que ayudan a maquetar y concebir los contenidos<br \/>\nas\u00ed como a realizar las revisiones.&nbsp;&nbsp;<\/b><\/span><span style=\"font-size: 13.5pt;\"><o:p><\/o:p><\/span><\/div>\n<div style=\"margin: 0cm 0cm 0.0001pt;\">\n<br \/>\n<a name='more'><\/a><\/div>\n<div style=\"margin: 0cm 0cm 0.0001pt;\">\n<div style=\"text-align: justify;\">\n<span style=\"font-family: &quot;arial&quot; , sans-serif; font-size: 13.5pt;\">En<br \/>\nesta ocasi\u00f3n se ha requerido p\u00fablicamente de fotograf\u00edas bajo el lema \u201cel ba\u00fal<br \/>\nde los recuerdos\u201d, es decir, una invitaci\u00f3n a realizar un calendario con<br \/>\nfotograf\u00edas de objetos, artilugios, herramientas, piezas de colecci\u00f3n, etc. y<br \/>\nque <b>ha reunido en el calendario 2020 m\u00e1s de 150 fotograf\u00edas de una treintena de personas<\/b>.&nbsp;&nbsp;Muchas de ellas son vecinos de Juzbado pero otras<br \/>\npersonas, atra\u00eddas por la convocatoria realizada durante el oto\u00f1o, han enviado<br \/>\nsus fotograf\u00edas desde otros lugares m\u00e1s alejados.&nbsp;&nbsp;<\/span><span style=\"font-size: 13.5pt;\"><o:p><\/o:p><\/span><\/div>\n<\/div>\n<div style=\"margin-bottom: .0001pt; margin: 0cm; text-align: justify;\">\n<\/div>\n<div style=\"margin-bottom: .0001pt; margin: 0cm; text-align: justify;\">\n<span style=\"font-family: &quot;arial&quot; , sans-serif; font-size: 13.5pt;\">As\u00ed, encontramos<br \/>\nen el calendario de este a\u00f1o fotograf\u00edas de jarrones, tinajas, aperos y<br \/>\nherrajes, juguetes y utensilios de cocina, antig\u00fcedades de todos los tipos e,<br \/>\nincluso, equipaciones deportivas y piezas de colecci\u00f3n como relojes, m\u00e1quinas<br \/>\nde escribir o radios.&nbsp;&nbsp;<b>En la presente edici\u00f3n de este calendario<br \/>\nvecinal y participativo se ha utilizado papel ecol\u00f3gico con certificaci\u00f3n<\/b> y<br \/>\ncada mes viene acompa\u00f1ado de una docena de fotograf\u00edas.&nbsp; &nbsp;Este a\u00f1o la<br \/>\nfotograf\u00eda de portada ha reca\u00eddo en una fotograf\u00eda de Jes\u00fas Gonz\u00e1lez Bautista.<\/span><span style=\"font-size: 13.5pt;\"><o:p><\/o:p><\/span><\/div>\n<div style=\"margin-bottom: .0001pt; margin: 0cm; text-align: justify;\">\n<\/div>\n<div style=\"margin-bottom: .0001pt; margin: 0cm; text-align: justify;\">\n<span style=\"font-family: &quot;arial&quot; , sans-serif; font-size: 13.5pt;\">Tal y<br \/>\ncomo indica el calendario en su portada, tras agradecer la participaci\u00f3n de<br \/>\ntodos los vecinos que han brindado sus fotograf\u00edas, \u00ab<b style=\"mso-bidi-font-weight: normal;\">el calendario se<br \/>\ndistribuye gratuitamente a todos los vecinos\u00bb<\/b>.&nbsp; Para todas<br \/>\naquellas personas que no se hicieron con una copia durante la recepci\u00f3n de los<br \/>\nReyes Magos el d\u00eda 5 de enero,&nbsp;<b style=\"mso-bidi-font-weight: normal;\">pueden acudir a la<br \/>\nOficina de Desarrollo Local en horario de atenci\u00f3n al p\u00fablico y recoger un<br \/>\ncalendario.&nbsp; Se repartir\u00e1n hasta finalizar existencias<\/b>.<\/span><o:p><\/o:p><span style=\"font-size: 13.5pt;\"><o:p><\/o:p><\/span><\/div>\n<div style=\"margin-bottom: .0001pt; margin: 0cm; text-align: justify;\">\n<\/div>\n<div style=\"margin-bottom: .0001pt; margin: 0cm; text-align: justify;\">\n<span style=\"font-family: &quot;arial&quot; , sans-serif; font-size: 13.5pt;\">Tambi\u00e9n<br \/>\nse puede descargar una copia en PDF <a href=\"https:\/\/drive.google.com\/file\/d\/1_2tsxi2hJ909MXL6YyDdJLwtJNSnnpyU\/view?usp=sharing\" target=\"_blank\">en el siguiente enlace<\/a>.<\/span><span style=\"font-size: 13.5pt;\"><o:p><\/o:p><\/span><\/div>\n<p><o:p><\/o:p><\/p>\n<p><\/p>\n<div style=\"text-align: justify;\">\n<div style=\"clear: both; text-align: center;\">\n<\/div>\n<p><\/p>\n<div style=\"clear: both; text-align: center;\">\n<a href=\"https:\/\/blogger.googleusercontent.com\/img\/b\/R29vZ2xl\/AVvXsEgPjUyBXQfb38i2YVQp2pBT2ixqFi-IEhemuGkjKIWVqchiYlx0yv0EW-suE5zrttnQwUo9R4xf_PSf0NRe38zUqGPdNJ7jnmazQL8TpGHNUdS_LHOQ-5LSh_q2TWGTlfAyarguD2NTc8E\/s1600\/JUZBADO+CALENDARIO+PORTADA+2.jpg\" style=\"margin-left: 1em; margin-right: 1em;\"><img loading=\"lazy\" decoding=\"async\" alt=\"Juzbado, Calendario 2020\" border=\"0\" data-original-height=\"576\" data-original-width=\"1600\" height=\"230\" src=\"https:\/\/blogger.googleusercontent.com\/img\/b\/R29vZ2xl\/AVvXsEgPjUyBXQfb38i2YVQp2pBT2ixqFi-IEhemuGkjKIWVqchiYlx0yv0EW-suE5zrttnQwUo9R4xf_PSf0NRe38zUqGPdNJ7jnmazQL8TpGHNUdS_LHOQ-5LSh_q2TWGTlfAyarguD2NTc8E\/s640\/JUZBADO+CALENDARIO+PORTADA+2.jpg\" title=\"Juzbado, Calendario 2020\" width=\"640\" \/><\/a><\/div>\n<p><\/div>\n<p><\/p>\n","protected":false},"excerpt":{"rendered":"<p>Cada a\u00f1o el pueblo de Juzbado&nbsp;convoca a todos los vecinos&nbsp;a participar en el calendario municipal.&nbsp;&nbsp;Se trata de una iniciativa iniciada hace ya 5 a\u00f1os y que est\u00e1 promovida por la Oficina de Desarrollo Local.&nbsp;&nbsp;Cuenta con la colaboraci\u00f3n del alumnado de las clases de inform\u00e1tica que ayudan a maquetar y concebir los contenidos as\u00ed como a [&hellip;]<\/p>\n","protected":false},"author":2,"featured_media":0,"comment_status":"open","ping_status":"open","sticky":false,"template":"","format":"standard","meta":{"saved_in_kubio":false,"footnotes":""},"categories":[1],"tags":[],"class_list":["post-376","post","type-post","status-publish","format-standard","hentry","category-sin-categoria"],"_links":{"self":[{"href":"https:\/\/juzbado.es\/nuevaweb\/wp-json\/wp\/v2\/posts\/376","targetHints":{"allow":["GET"]}}],"collection":[{"href":"https:\/\/juzbado.es\/nuevaweb\/wp-json\/wp\/v2\/posts"}],"about":[{"href":"https:\/\/juzbado.es\/nuevaweb\/wp-json\/wp\/v2\/types\/post"}],"author":[{"embeddable":true,"href":"https:\/\/juzbado.es\/nuevaweb\/wp-json\/wp\/v2\/users\/2"}],"replies":[{"embeddable":true,"href":"https:\/\/juzbado.es\/nuevaweb\/wp-json\/wp\/v2\/comments?post=376"}],"version-history":[{"count":0,"href":"https:\/\/juzbado.es\/nuevaweb\/wp-json\/wp\/v2\/posts\/376\/revisions"}],"wp:attachment":[{"href":"https:\/\/juzbado.es\/nuevaweb\/wp-json\/wp\/v2\/media?parent=376"}],"wp:term":[{"taxonomy":"category","embeddable":true,"href":"https:\/\/juzbado.es\/nuevaweb\/wp-json\/wp\/v2\/categories?post=376"},{"taxonomy":"post_tag","embeddable":true,"href":"https:\/\/juzbado.es\/nuevaweb\/wp-json\/wp\/v2\/tags?post=376"}],"curies":[{"name":"wp","href":"https:\/\/api.w.org\/{rel}","templated":true}]}}