{"id":38,"date":"2024-09-05T13:18:00","date_gmt":"2024-09-05T11:18:00","guid":{"rendered":"http:\/\/juzbado.es\/nuevaweb\/2024\/09\/05\/homenaje-a-los-matrimonios-mas-longevos\/"},"modified":"2024-09-05T13:18:00","modified_gmt":"2024-09-05T11:18:00","slug":"homenaje-a-los-matrimonios-mas-longevos","status":"publish","type":"post","link":"https:\/\/juzbado.es\/nuevaweb\/2024\/09\/05\/homenaje-a-los-matrimonios-mas-longevos\/","title":{"rendered":"HOMENAJE A LOS MATRIMONIOS M\u00c1S LONGEVOS"},"content":{"rendered":"<p style=\"text-align: justify;\"><span style=\"font-family: arial;\"><span style=\"font-size: medium;\">El pasado jueves 1 de agosto (2024) se celebr\u00f3 la tradicional convivencia anual que convoca la Federaci\u00f3n Provincial de Asociaciones de Jubilados de Salamanca en la villa de Ledesma.&nbsp; En esta ocasi\u00f3n, tras la suculenta comida consistente en un paella servida a la sombra de los \u00e1rboles para 400 comensales, han recibido un merecido homenaje varios matrimonios de Juzbado.&nbsp;&nbsp;<\/span><\/span><\/p>\n<p style=\"text-align: justify;\"><span style=\"font-family: arial;\"><span style=\"font-size: medium;\">Se trata de Paco e Isabel y Rosa Mari y Tino que cumplen 50 a\u00f1os de matrimonio.&nbsp; Uno de los momentos m\u00e1s emotivos del acto sucedi\u00f3 cuando Tino Iglesias, presidente de la Asociaci\u00f3n de Mayores de Juzbado, recibi\u00f3 la placa del matrimonio de Carmen y Ventura, este \u00faltimo, <a href=\"https:\/\/www.facebook.com\/juzbado\/posts\/881664457333334\" target=\"_blank\">fallecido semanas antes<\/a>. &nbsp;&nbsp;<\/span><\/span><\/p>\n<p style=\"text-align: justify;\"><span style=\"font-family: arial;\"><span style=\"font-size: medium;\"><\/span><\/span><\/p>\n<table align=\"center\" cellpadding=\"0\" cellspacing=\"0\" style=\"margin-left: auto; margin-right: auto;\">\n<tbody>\n<tr>\n<td style=\"text-align: center;\"><a href=\"https:\/\/blogger.googleusercontent.com\/img\/b\/R29vZ2xl\/AVvXsEjbud2-xgAZ7tbRSGcW-0vQ_rs-FGtv5fNV5M-L1VqMEPchXtFi7t9CHw0X2xNJZwvrRVRuWcMO6ZANJDn03ySE4a0Z09NMB-Y5gRcu2yWNfbJ8LU8juOw9leze5eHqbczk1O_9GPZeUAd0uaq-v6ugzizbrVgSZOfvM1B_tBhr3UDGtPrsbSwghpTl-ng\/s1600\/WhatsApp%20Image%202024-08-01%20at%2022.38.57.jpeg\" style=\"margin-left: auto; margin-right: auto;\"><img loading=\"lazy\" decoding=\"async\" border=\"0\" data-original-height=\"1600\" data-original-width=\"898\" height=\"640\" src=\"https:\/\/blogger.googleusercontent.com\/img\/b\/R29vZ2xl\/AVvXsEjbud2-xgAZ7tbRSGcW-0vQ_rs-FGtv5fNV5M-L1VqMEPchXtFi7t9CHw0X2xNJZwvrRVRuWcMO6ZANJDn03ySE4a0Z09NMB-Y5gRcu2yWNfbJ8LU8juOw9leze5eHqbczk1O_9GPZeUAd0uaq-v6ugzizbrVgSZOfvM1B_tBhr3UDGtPrsbSwghpTl-ng\/w360-h640\/WhatsApp%20Image%202024-08-01%20at%2022.38.57.jpeg\" width=\"360\" \/><\/a><\/td>\n<\/tr>\n<tr>\n<td style=\"text-align: center;\">Tino y Rosamari con la placa conmemorativa de los 50 a\u00f1os de casados<\/td>\n<\/tr>\n<\/tbody>\n<\/table>\n<p><span style=\"font-family: arial;\"><span style=\"font-size: medium;\"><\/p>\n<table align=\"center\" cellpadding=\"0\" cellspacing=\"0\" style=\"margin-left: auto; margin-right: auto;\">\n<tbody>\n<tr>\n<td style=\"text-align: center;\"><a href=\"https:\/\/blogger.googleusercontent.com\/img\/b\/R29vZ2xl\/AVvXsEhGwb-71gclvXlQn6ayqOrRtqLUYFXmagf4cyTjliTHwcW7Y6sThtK6yfIh3N9N7YS0dfmcytxCJram5du7abeVNIT57bT3P7TJvKxjGLR5xzVQ9f5_xEWXMhBigTvAMJn-06OvMncNRBSUFKerafV-t0FbcWU7QqFCC_1ltDHk0vvc-wOyLiBse_v1kIY\/s1600\/WhatsApp%20Image%202024-08-01%20at%2022.38.41.jpeg\" style=\"margin-left: auto; margin-right: auto;\"><img loading=\"lazy\" decoding=\"async\" border=\"0\" data-original-height=\"1600\" data-original-width=\"1200\" height=\"640\" src=\"https:\/\/blogger.googleusercontent.com\/img\/b\/R29vZ2xl\/AVvXsEhGwb-71gclvXlQn6ayqOrRtqLUYFXmagf4cyTjliTHwcW7Y6sThtK6yfIh3N9N7YS0dfmcytxCJram5du7abeVNIT57bT3P7TJvKxjGLR5xzVQ9f5_xEWXMhBigTvAMJn-06OvMncNRBSUFKerafV-t0FbcWU7QqFCC_1ltDHk0vvc-wOyLiBse_v1kIY\/w480-h640\/WhatsApp%20Image%202024-08-01%20at%2022.38.41.jpeg\" width=\"480\" \/><\/a><\/td>\n<\/tr>\n<tr>\n<td style=\"text-align: center;\">Paco e Isabel recogen su placa por los 50 a\u00f1os de matrimonio<\/td>\n<\/tr>\n<\/tbody>\n<\/table>\n<p><\/span><\/span><\/p>\n","protected":false},"excerpt":{"rendered":"<p>El pasado jueves 1 de agosto (2024) se celebr\u00f3 la tradicional convivencia anual que convoca la Federaci\u00f3n Provincial de Asociaciones de Jubilados de Salamanca en la villa de Ledesma.&nbsp; En esta ocasi\u00f3n, tras la suculenta comida consistente en un paella servida a la sombra de los \u00e1rboles para 400 comensales, han recibido un merecido homenaje [&hellip;]<\/p>\n","protected":false},"author":2,"featured_media":0,"comment_status":"open","ping_status":"open","sticky":false,"template":"","format":"standard","meta":{"saved_in_kubio":false,"footnotes":""},"categories":[6,123,46,125,126,124,127],"tags":[],"class_list":["post-38","post","type-post","status-publish","format-standard","hentry","category-asociacion-de-mayores","category-carmen-nieto","category-faustino-iglesias","category-ledesma","category-paco-e-isabeltino","category-rosamari","category-ventura"],"_links":{"self":[{"href":"https:\/\/juzbado.es\/nuevaweb\/wp-json\/wp\/v2\/posts\/38","targetHints":{"allow":["GET"]}}],"collection":[{"href":"https:\/\/juzbado.es\/nuevaweb\/wp-json\/wp\/v2\/posts"}],"about":[{"href":"https:\/\/juzbado.es\/nuevaweb\/wp-json\/wp\/v2\/types\/post"}],"author":[{"embeddable":true,"href":"https:\/\/juzbado.es\/nuevaweb\/wp-json\/wp\/v2\/users\/2"}],"replies":[{"embeddable":true,"href":"https:\/\/juzbado.es\/nuevaweb\/wp-json\/wp\/v2\/comments?post=38"}],"version-history":[{"count":0,"href":"https:\/\/juzbado.es\/nuevaweb\/wp-json\/wp\/v2\/posts\/38\/revisions"}],"wp:attachment":[{"href":"https:\/\/juzbado.es\/nuevaweb\/wp-json\/wp\/v2\/media?parent=38"}],"wp:term":[{"taxonomy":"category","embeddable":true,"href":"https:\/\/juzbado.es\/nuevaweb\/wp-json\/wp\/v2\/categories?post=38"},{"taxonomy":"post_tag","embeddable":true,"href":"https:\/\/juzbado.es\/nuevaweb\/wp-json\/wp\/v2\/tags?post=38"}],"curies":[{"name":"wp","href":"https:\/\/api.w.org\/{rel}","templated":true}]}}