{"id":380,"date":"2019-12-18T15:22:00","date_gmt":"2019-12-18T14:22:00","guid":{"rendered":"http:\/\/juzbado.es\/nuevaweb\/2019\/12\/18\/la-san-silvestre-de-canedo-2019-en-valdelosa\/"},"modified":"2019-12-18T15:22:00","modified_gmt":"2019-12-18T14:22:00","slug":"la-san-silvestre-de-canedo-2019-en-valdelosa","status":"publish","type":"post","link":"https:\/\/juzbado.es\/nuevaweb\/2019\/12\/18\/la-san-silvestre-de-canedo-2019-en-valdelosa\/","title":{"rendered":"LA SAN SILVESTRE DE CA\u00d1EDO 2019 EN VALDELOSA"},"content":{"rendered":"<div style=\"text-align: justify;\">\n<span style=\"font-family: &quot;arial&quot; , &quot;helvetica&quot; , sans-serif; font-size: large;\">Un a\u00f1o m\u00e1s el conjunto de municipios<br \/>\nubicados en torno a la Rivera de Ca\u00f1edo nos presentan la San Silvestre 2019.&nbsp; En esta ocasi\u00f3n se celebrar\u00e1 en el municipio<br \/>\nde Valdelosa el d\u00eda 28 de Diciembre.&nbsp; El<br \/>\nevento deportivo y festivo tendr\u00e1 lugar a partir de las 10:30 h. y la<br \/>\norganizaci\u00f3n nos indica que<b> las inscripciones se realizar\u00e1n a trav\u00e9s de la <a href=\"http:\/\/racetime.es\/evento\/17-san-silvestre-valdelosa\" target=\"_blank\">siguiente WEB <\/a>antes del d\u00eda 26 de diciembre<\/b>.&nbsp;<br \/>\nSon Juzbado, Aldearodrigo, Almenara de Tormes, Calzada de Valdunciel,<br \/>\nCastellanos de Villiquera, Forfoleda, Palacios del Arzobispo, San Pedro del<br \/>\nValle, San Pelayo de Guare\u00f1a, Santiz, Topas, Torresmenudas, Valverd\u00f3n y Zamay\u00f3n.&nbsp; En nuestro municipio ya contamos con las<br \/>\nhojas de inscripci\u00f3n a disposici\u00f3n de todas aquellas personas que se quieran<br \/>\ninscribir. &nbsp;Las categor\u00edas se mantienen<br \/>\nas\u00ed:<\/span><br \/>\n<a name='more'><\/a><o:p><\/o:p><\/div>\n<div style=\"text-align: justify;\">\n<span style=\"font-family: &quot;arial&quot; , &quot;helvetica&quot; , sans-serif; font-size: large;\"><br \/><\/span><\/div>\n<div style=\"clear: both; text-align: center;\">\n<a href=\"https:\/\/blogger.googleusercontent.com\/img\/b\/R29vZ2xl\/AVvXsEgRAMth2acZp_K__ABFuh_0hmfJhgoqSzj5e82UUMfgf1Ay5aI1O4v2O2_B-G9g9jdoTEEgBx8yXAyPRo3BzEOOEN9u6EhOSqPDjLtop90p9QMsyk4zcKnHNti4O-uURo7kB8MVE7IPEL4\/s1600\/san+silvestre+valdelosa+2019.jpg\" style=\"margin-left: 1em; margin-right: 1em;\"><img loading=\"lazy\" decoding=\"async\" alt=\"san silvestre 2019, valdelosa\" border=\"0\" data-original-height=\"1600\" data-original-width=\"1132\" height=\"640\" src=\"https:\/\/blogger.googleusercontent.com\/img\/b\/R29vZ2xl\/AVvXsEgRAMth2acZp_K__ABFuh_0hmfJhgoqSzj5e82UUMfgf1Ay5aI1O4v2O2_B-G9g9jdoTEEgBx8yXAyPRo3BzEOOEN9u6EhOSqPDjLtop90p9QMsyk4zcKnHNti4O-uURo7kB8MVE7IPEL4\/s640\/san+silvestre+valdelosa+2019.jpg\" title=\"san silvestre 2019, valdelosa\" width=\"452\" \/><\/a><\/div>\n<div style=\"text-align: justify;\">\n<span style=\"font-family: &quot;arial&quot; , &quot;helvetica&quot; , sans-serif; font-size: large;\">En la presente edici\u00f3n el<br \/>\n<\/span><a href=\"https:\/\/www.valdelosa.com\/index.php\" style=\"font-family: Arial, Helvetica, sans-serif; font-size: x-large;\" target=\"_blank\">Ayuntamiento de Valdelosa <\/a><span style=\"font-family: &quot;arial&quot; , &quot;helvetica&quot; , sans-serif; font-size: large;\">dispondr\u00e1 de hinchables para los m\u00e1s peque\u00f1os y para<br \/>\nfinalizar, anuncia una \u201ccolor party\u201d para todos los participantes y<br \/>\nacompa\u00f1antes.<\/span><\/p>\n<div style=\"clear: both; text-align: center;\">\n<a href=\"https:\/\/blogger.googleusercontent.com\/img\/b\/R29vZ2xl\/AVvXsEhhLvhMAbRw2Rr-qS3q0Bg-qvKvdHq0IAJeUD-I-7SPbKJZydwNnwxP1R39GDFLI6tybVBtvmQtqdeVLQa7vI5VKZDx1fzIX4p02lFjn-kowePGxVVB1apoFzu_GSL8LQi6dclccAwLq5E\/s1600\/san+silvestre+2019+valdelosa.jpeg\" style=\"margin-left: 1em; margin-right: 1em;\"><img loading=\"lazy\" decoding=\"async\" alt=\"san silvestre, 2019, juzbado\" border=\"0\" data-original-height=\"1600\" data-original-width=\"1133\" height=\"640\" src=\"https:\/\/blogger.googleusercontent.com\/img\/b\/R29vZ2xl\/AVvXsEhhLvhMAbRw2Rr-qS3q0Bg-qvKvdHq0IAJeUD-I-7SPbKJZydwNnwxP1R39GDFLI6tybVBtvmQtqdeVLQa7vI5VKZDx1fzIX4p02lFjn-kowePGxVVB1apoFzu_GSL8LQi6dclccAwLq5E\/s640\/san+silvestre+2019+valdelosa.jpeg\" title=\"san silvestre, 2019, juzbado\" width=\"452\" \/><\/a><\/div>\n<p><span style=\"font-family: &quot;arial&quot; , &quot;helvetica&quot; , sans-serif; font-size: large;\"><br \/><\/span><\/div>\n","protected":false},"excerpt":{"rendered":"<p>Un a\u00f1o m\u00e1s el conjunto de municipios ubicados en torno a la Rivera de Ca\u00f1edo nos presentan la San Silvestre 2019.&nbsp; En esta ocasi\u00f3n se celebrar\u00e1 en el municipio de Valdelosa el d\u00eda 28 de Diciembre.&nbsp; El evento deportivo y festivo tendr\u00e1 lugar a partir de las 10:30 h. y la organizaci\u00f3n nos indica que [&hellip;]<\/p>\n","protected":false},"author":2,"featured_media":0,"comment_status":"open","ping_status":"open","sticky":false,"template":"","format":"standard","meta":{"saved_in_kubio":false,"footnotes":""},"categories":[1],"tags":[],"class_list":["post-380","post","type-post","status-publish","format-standard","hentry","category-sin-categoria"],"_links":{"self":[{"href":"https:\/\/juzbado.es\/nuevaweb\/wp-json\/wp\/v2\/posts\/380","targetHints":{"allow":["GET"]}}],"collection":[{"href":"https:\/\/juzbado.es\/nuevaweb\/wp-json\/wp\/v2\/posts"}],"about":[{"href":"https:\/\/juzbado.es\/nuevaweb\/wp-json\/wp\/v2\/types\/post"}],"author":[{"embeddable":true,"href":"https:\/\/juzbado.es\/nuevaweb\/wp-json\/wp\/v2\/users\/2"}],"replies":[{"embeddable":true,"href":"https:\/\/juzbado.es\/nuevaweb\/wp-json\/wp\/v2\/comments?post=380"}],"version-history":[{"count":0,"href":"https:\/\/juzbado.es\/nuevaweb\/wp-json\/wp\/v2\/posts\/380\/revisions"}],"wp:attachment":[{"href":"https:\/\/juzbado.es\/nuevaweb\/wp-json\/wp\/v2\/media?parent=380"}],"wp:term":[{"taxonomy":"category","embeddable":true,"href":"https:\/\/juzbado.es\/nuevaweb\/wp-json\/wp\/v2\/categories?post=380"},{"taxonomy":"post_tag","embeddable":true,"href":"https:\/\/juzbado.es\/nuevaweb\/wp-json\/wp\/v2\/tags?post=380"}],"curies":[{"name":"wp","href":"https:\/\/api.w.org\/{rel}","templated":true}]}}