{"id":385,"date":"2019-11-25T14:32:00","date_gmt":"2019-11-25T13:32:00","guid":{"rendered":"http:\/\/juzbado.es\/nuevaweb\/2019\/11\/25\/cultura-de-otono-2019\/"},"modified":"2019-11-25T14:32:00","modified_gmt":"2019-11-25T13:32:00","slug":"cultura-de-otono-2019","status":"publish","type":"post","link":"https:\/\/juzbado.es\/nuevaweb\/2019\/11\/25\/cultura-de-otono-2019\/","title":{"rendered":"CULTURA DE OTO\u00d1O 2019"},"content":{"rendered":"<div style=\"text-align: justify;\">\n<span style=\"font-size: large;\"><span style=\"font-family: &quot;arial&quot; , &quot;helvetica&quot; , sans-serif;\">El oto\u00f1o cultural arranc\u00f3 el pasado 16 de noviembre con la celebraci\u00f3n de la <a href=\"https:\/\/juzbado.blogspot.com\/2019\/11\/otono-en-juzbado.html\" target=\"_blank\">tradicional casta\u00f1ada<\/a>.&nbsp; Hace pocos d\u00edas celebr\u00e1bamos una <a href=\"https:\/\/juzbado.blogspot.com\/2019\/11\/la-asociacion-de-mujeres-de-juzbado.html\" target=\"_blank\">recital de poes\u00eda y m\u00fasica<\/a> en conmemoraci\u00f3n del 25 de Noviembre.<\/span><\/span><\/div>\n<div style=\"text-align: justify;\">\n<br \/>\n<a name='more'><\/a><\/div>\n<div style=\"text-align: justify;\">\n<span style=\"font-size: large;\"><span style=\"font-family: &quot;arial&quot; , &quot;helvetica&quot; , sans-serif;\">A continuaci\u00f3n os presentamos algunas citas pendientes de celebrar en el calendario cultural de oto\u00f1o en el pueblo de Juzbado.&nbsp; Son por ejemplo el campeonato de puzzles para j\u00f3venes del d\u00eda 14 de Diciembre o una nueva sesi\u00f3n de papiroflexia que tanto gust\u00f3 en la primera edici\u00f3n (recordad que hay que apuntarse en juzbadolibroabierto@gmail.com).<\/span><\/span><\/p>\n<p><span style=\"font-size: large;\"><span style=\"font-family: &quot;arial&quot; , &quot;helvetica&quot; , sans-serif;\">Adem\u00e1s, aprovechamos para recordaros que sigue abierto el plazo de entrega de fotograf\u00edas para el <a href=\"https:\/\/juzbado.blogspot.com\/2019\/11\/el-baul-de-los-recuerdos-2020.html\" target=\"_blank\">calendario 2020<\/a> y que el 21 de Diciembre celebramos una vez m\u00e1s el d\u00eda m\u00e1s corto del a\u00f1o con cortometrajes espa\u00f1oles.<\/span><\/span><\/div>\n<div style=\"text-align: justify;\">\n<span style=\"font-family: &quot;arial&quot; , &quot;helvetica&quot; , sans-serif;\"><br \/><\/span><\/div>\n<div style=\"clear: both; text-align: center;\">\n<a href=\"https:\/\/drive.google.com\/file\/d\/13yGeDwIPBBW9HFts6SeyX_PQcEoECqc0\/view?usp=sharing\" target=\"_blank\"><img loading=\"lazy\" decoding=\"async\" alt=\"Juzbado, cultura de oto\u00f1o 2019\" border=\"0\" data-original-height=\"1600\" data-original-width=\"1132\" height=\"640\" src=\"https:\/\/blogger.googleusercontent.com\/img\/b\/R29vZ2xl\/AVvXsEjD-5k0L2sRJ2sImCdP2qd2nQtuQu-BiyGXf0Tr9eE3EDfGHsvrfx3pK2nwC7HSciOOowc50VpPZmfOoYQZpbtd7ifvhXiqbnby9h3yToAYFmQmoCHckMLI1437S4SChcfBqZvnheL_AEI\/s640\/oto%25C3%25B1o+cultural+2019+CARTEL.jpg\" title=\"Juzbado, cultura de oto\u00f1o 2019\" width=\"452\" \/><\/a><\/div>\n<div style=\"clear: both; text-align: center;\">\n<\/div>\n<div style=\"text-align: justify;\">\n<span style=\"font-family: &quot;arial&quot; , &quot;helvetica&quot; , sans-serif;\"><br \/><\/span><\/div>\n","protected":false},"excerpt":{"rendered":"<p>El oto\u00f1o cultural arranc\u00f3 el pasado 16 de noviembre con la celebraci\u00f3n de la tradicional casta\u00f1ada.&nbsp; Hace pocos d\u00edas celebr\u00e1bamos una recital de poes\u00eda y m\u00fasica en conmemoraci\u00f3n del 25 de Noviembre. A continuaci\u00f3n os presentamos algunas citas pendientes de celebrar en el calendario cultural de oto\u00f1o en el pueblo de Juzbado.&nbsp; Son por ejemplo [&hellip;]<\/p>\n","protected":false},"author":2,"featured_media":0,"comment_status":"open","ping_status":"open","sticky":false,"template":"","format":"standard","meta":{"saved_in_kubio":false,"footnotes":""},"categories":[1],"tags":[],"class_list":["post-385","post","type-post","status-publish","format-standard","hentry","category-sin-categoria"],"_links":{"self":[{"href":"https:\/\/juzbado.es\/nuevaweb\/wp-json\/wp\/v2\/posts\/385","targetHints":{"allow":["GET"]}}],"collection":[{"href":"https:\/\/juzbado.es\/nuevaweb\/wp-json\/wp\/v2\/posts"}],"about":[{"href":"https:\/\/juzbado.es\/nuevaweb\/wp-json\/wp\/v2\/types\/post"}],"author":[{"embeddable":true,"href":"https:\/\/juzbado.es\/nuevaweb\/wp-json\/wp\/v2\/users\/2"}],"replies":[{"embeddable":true,"href":"https:\/\/juzbado.es\/nuevaweb\/wp-json\/wp\/v2\/comments?post=385"}],"version-history":[{"count":0,"href":"https:\/\/juzbado.es\/nuevaweb\/wp-json\/wp\/v2\/posts\/385\/revisions"}],"wp:attachment":[{"href":"https:\/\/juzbado.es\/nuevaweb\/wp-json\/wp\/v2\/media?parent=385"}],"wp:term":[{"taxonomy":"category","embeddable":true,"href":"https:\/\/juzbado.es\/nuevaweb\/wp-json\/wp\/v2\/categories?post=385"},{"taxonomy":"post_tag","embeddable":true,"href":"https:\/\/juzbado.es\/nuevaweb\/wp-json\/wp\/v2\/tags?post=385"}],"curies":[{"name":"wp","href":"https:\/\/api.w.org\/{rel}","templated":true}]}}