{"id":389,"date":"2019-11-05T12:14:00","date_gmt":"2019-11-05T11:14:00","guid":{"rendered":"http:\/\/juzbado.es\/nuevaweb\/2019\/11\/05\/el-baul-de-los-recuerdos-2020\/"},"modified":"2019-11-05T12:14:00","modified_gmt":"2019-11-05T11:14:00","slug":"el-baul-de-los-recuerdos-2020","status":"publish","type":"post","link":"https:\/\/juzbado.es\/nuevaweb\/2019\/11\/05\/el-baul-de-los-recuerdos-2020\/","title":{"rendered":"EL BA\u00daL DE LOS RECUERDOS 2020"},"content":{"rendered":"<div style=\"line-height: normal; margin-bottom: .0001pt; margin-bottom: 0cm; text-align: justify;\">\n<span style=\"font-family: &quot;arial&quot; , &quot;sans-serif&quot;; font-size: 18.0pt;\">En pasadas ediciones hemos ilustrado <a href=\"https:\/\/juzbado.blogspot.com\/2019\/01\/calendario-de-juzbado-2019.html\" target=\"_blank\">calendarios de Juzbado<\/a> con fotos de animales, plantas o de nuestro pasado reciente.<span style=\"mso-spacerun: yes;\">&nbsp; <\/span>Con todas las fotos que nos envi\u00e1is ponemos color y vida al calendario que cada a\u00f1o se reparte a los vecinos durante las navidades, especialmente durante la <a href=\"https:\/\/juzbado.blogspot.com\/2019\/01\/velada-de-reyes-2019.html\" target=\"_blank\">recepci\u00f3n de SSMM los Reyes Magos<\/a> el d\u00eda 5 de Enero.&nbsp;<\/span><\/p>\n<p><a name='more'><\/a><\/p>\n<p><span style=\"font-family: &quot;arial&quot; , &quot;sans-serif&quot;; font-size: 18.0pt;\">No solo nos ha gustado a todos la idea, sino que seguimos proponiendo temas para nuevos almanaques.<span style=\"mso-spacerun: yes;\">&nbsp; <\/span><b>En esta ocasi\u00f3n os proponemos el tema: el ba\u00fal de los recuerdos.<\/b><span style=\"mso-spacerun: yes;\">&nbsp; <\/span>\u00bfDe qu\u00e9 se trata? \u2026pues de que nos envi\u00e9is fotos de objetos o cosas que tal vez nunca hay\u00e1is fotografiado pero que tenemos en casa.<span style=\"mso-spacerun: yes;\">&nbsp; <\/span>La idea es contar con un calendario para el a\u00f1o que viene lleno de objetos y, en realidad, de saberes y recuerdos.<span style=\"mso-spacerun: yes;\">&nbsp; <\/span>Por objeto entendemos tambi\u00e9n juguetes, utensilios, herramientas, artilugios, m\u00e1quinas, etc.<span style=\"mso-spacerun: yes;\">&nbsp;<\/span><\/span><br \/>\n<span style=\"font-family: &quot;arial&quot; , &quot;sans-serif&quot;; font-size: 18.0pt;\"><span style=\"mso-spacerun: yes;\">&nbsp; <\/span><\/span><\/div>\n<div style=\"line-height: normal; margin-bottom: .0001pt; margin-bottom: 0cm; text-align: justify;\">\n<span style=\"font-family: &quot;arial&quot; , &quot;sans-serif&quot;; font-size: 18.0pt;\">Para elaborarlo contamos una vez m\u00e1s con la colaboraci\u00f3n de los alumnos que asisten regularmente a las clases de inform\u00e1tica que impartimos los mi\u00e9rcoles en la <a href=\"https:\/\/juzbado.blogspot.com\/p\/biblioteca.html\" target=\"_blank\">biblioteca municipal<\/a>.&nbsp; Ellos son los encargados&nbsp; del dise\u00f1o y la maquetaci\u00f3n de un trabajo comunitario.<\/span><b><span style=\"font-family: &quot;arial&quot; , &quot;sans-serif&quot;; font-size: 18.0pt;\">&nbsp;<\/span><\/b><\/p>\n<p><b><span style=\"font-family: &quot;arial&quot; , &quot;sans-serif&quot;; font-size: 18.0pt;\">Os recordamos que ya est\u00e1 abierto el plazo y que se cierra el d\u00eda 1 de Diciembre. Cada persona podr\u00e1 presentar un m\u00e1ximo de 2 fotograf\u00edas indicando la autor\u00eda de la foto y el t\u00edtulo.&nbsp; A trav\u00e9s del correo electr\u00f3nico de la Oficina de Desarrollo Local: juzbadolibroabierto@gmail.com o en la biblioteca municipal. \u00a1No lo dej\u00e9is para el final!&nbsp;<\/span><\/b><\/div>\n<div style=\"line-height: normal; margin-bottom: .0001pt; margin-bottom: 0cm; text-align: justify;\">\n<\/div>\n<div style=\"clear: both; text-align: center;\">\n<a href=\"https:\/\/blogger.googleusercontent.com\/img\/b\/R29vZ2xl\/AVvXsEgQrixvTXPaoMI13Sc_G1fa_eIP_1NBVCnYb29Kp3YvImkZ_XInrHR5NXlyGP0y5-2y9cQnhblKr8vPwsIQw0dVrHeJk4Vtp0PdqsqnX5xXLBYQicKR-QVoRscbcLGnUp3APKrpGn6uYaY\/s1600\/cartel+convocatoria+calendario+2020.jpg\" style=\"margin-left: 1em; margin-right: 1em;\"><img loading=\"lazy\" decoding=\"async\" alt=\"Juzbado, calendario 2020\" border=\"0\" data-original-height=\"1600\" data-original-width=\"1132\" height=\"640\" src=\"https:\/\/blogger.googleusercontent.com\/img\/b\/R29vZ2xl\/AVvXsEgQrixvTXPaoMI13Sc_G1fa_eIP_1NBVCnYb29Kp3YvImkZ_XInrHR5NXlyGP0y5-2y9cQnhblKr8vPwsIQw0dVrHeJk4Vtp0PdqsqnX5xXLBYQicKR-QVoRscbcLGnUp3APKrpGn6uYaY\/s640\/cartel+convocatoria+calendario+2020.jpg\" title=\"Juzbado, calendario 2020\" width=\"452\" \/><\/a><\/div>\n<div style=\"line-height: normal; margin-bottom: .0001pt; margin-bottom: 0cm; text-align: justify;\">\n<\/div>\n","protected":false},"excerpt":{"rendered":"<p>En pasadas ediciones hemos ilustrado calendarios de Juzbado con fotos de animales, plantas o de nuestro pasado reciente.&nbsp; Con todas las fotos que nos envi\u00e1is ponemos color y vida al calendario que cada a\u00f1o se reparte a los vecinos durante las navidades, especialmente durante la recepci\u00f3n de SSMM los Reyes Magos el d\u00eda 5 de [&hellip;]<\/p>\n","protected":false},"author":2,"featured_media":0,"comment_status":"open","ping_status":"open","sticky":false,"template":"","format":"standard","meta":{"saved_in_kubio":false,"footnotes":""},"categories":[1],"tags":[],"class_list":["post-389","post","type-post","status-publish","format-standard","hentry","category-sin-categoria"],"_links":{"self":[{"href":"https:\/\/juzbado.es\/nuevaweb\/wp-json\/wp\/v2\/posts\/389","targetHints":{"allow":["GET"]}}],"collection":[{"href":"https:\/\/juzbado.es\/nuevaweb\/wp-json\/wp\/v2\/posts"}],"about":[{"href":"https:\/\/juzbado.es\/nuevaweb\/wp-json\/wp\/v2\/types\/post"}],"author":[{"embeddable":true,"href":"https:\/\/juzbado.es\/nuevaweb\/wp-json\/wp\/v2\/users\/2"}],"replies":[{"embeddable":true,"href":"https:\/\/juzbado.es\/nuevaweb\/wp-json\/wp\/v2\/comments?post=389"}],"version-history":[{"count":0,"href":"https:\/\/juzbado.es\/nuevaweb\/wp-json\/wp\/v2\/posts\/389\/revisions"}],"wp:attachment":[{"href":"https:\/\/juzbado.es\/nuevaweb\/wp-json\/wp\/v2\/media?parent=389"}],"wp:term":[{"taxonomy":"category","embeddable":true,"href":"https:\/\/juzbado.es\/nuevaweb\/wp-json\/wp\/v2\/categories?post=389"},{"taxonomy":"post_tag","embeddable":true,"href":"https:\/\/juzbado.es\/nuevaweb\/wp-json\/wp\/v2\/tags?post=389"}],"curies":[{"name":"wp","href":"https:\/\/api.w.org\/{rel}","templated":true}]}}