{"id":393,"date":"2019-10-04T13:29:00","date_gmt":"2019-10-04T11:29:00","guid":{"rendered":"http:\/\/juzbado.es\/nuevaweb\/2019\/10\/04\/juzbado-participa-en-un-estudio-sociologico\/"},"modified":"2019-10-04T13:29:00","modified_gmt":"2019-10-04T11:29:00","slug":"juzbado-participa-en-un-estudio-sociologico","status":"publish","type":"post","link":"https:\/\/juzbado.es\/nuevaweb\/2019\/10\/04\/juzbado-participa-en-un-estudio-sociologico\/","title":{"rendered":"JUZBADO PARTICIPA  EN UN ESTUDIO SOCIOL\u00d3GICO"},"content":{"rendered":"<div style=\"text-align: justify;\">\n<span style=\"font-size: large;\"><span style=\"font-family: &quot;arial&quot; , &quot;helvetica&quot; , sans-serif;\">Hace unos meses os inform\u00e1bamos de la creaci\u00f3n de un <a href=\"https:\/\/juzbado.blogspot.com\/2019\/02\/laboratorio-rural-y-micro-formacion.html\" target=\"_blank\">laboratorio rural<\/a> en el \u00e1mbito territorial de nuestra comarca que permiti\u00f3 contar en nuestro municipio con una oficina de atenci\u00f3n a nuestros vecinos y participar en una serie de acciones formativas abiertas y plurales.&nbsp; La experiencia del laboratorio supuso adem\u00e1s la celebraci\u00f3n de varias <a href=\"https:\/\/juzbado.blogspot.com\/2019\/02\/laboratorio-rural-y-micro-formacion.html\" target=\"_blank\">p\u00edldoras formativas<\/a> cuyo contenido fue en parte demandado por los participantes y tambi\u00e9n la creaci\u00f3n de una <a href=\"https:\/\/juzbado.blogspot.com\/2019\/04\/onda-juzbado-nueva-radio-cooperativa.html\" target=\"_blank\">innovadora radio comunitaria y rural<\/a>.<\/span><\/span><\/div>\n<p><\/p>\n<div style=\"text-align: justify;\">\n<span style=\"font-size: large;\"><span style=\"font-family: &quot;arial&quot; , &quot;helvetica&quot; , sans-serif;\">Hace unos d\u00edas el <a href=\"http:\/\/colectivokhora.es\/\" target=\"_blank\">Colectivo Khora<\/a> ha presentado un informe titulado <b><i>\u00abDespoblaci\u00f3n, yacimientos de empleo y participaci\u00f3n social. Un an\u00e1lisis de la realidad en el nordeste de la provincia de Salamanca\u00bb. <\/i><\/b>&nbsp;Se trata del resultado de un pormenorizado estudio sociol\u00f3gico que acompa\u00f1\u00f3 a la trayectoria del funcionamiento del laboratorio rural y que arroja luz en forma de datos tanto cuantitativos como cualitativos sobre un territorio rural, el nuestro, que debe atenderse desde una mirada necesariamente actualizada.&nbsp; En el completo estudio Juzbado conforma, junto a otros 99 municipios del noroeste de la provincia de Salamanca, una muestra s\u00f3lida y veraz para el trabajo territorial y la elaboraci\u00f3n de estrategias contra la despoblaci\u00f3n y a favor del desarrollo socioecon\u00f3mico y sostenible.<\/span><\/span><\/p>\n<p><span style=\"font-size: large;\"><span style=\"font-family: &quot;arial&quot; , &quot;helvetica&quot; , sans-serif;\">Nos parece de inter\u00e9s presentarlo p\u00fablicamente para que toda aquella persona interesada en conocer mejor la realidad de nuestra comarca pueda ponerse al d\u00eda y descrubir realidades que tal vez desconoc\u00eda.&nbsp; El <a href=\"http:\/\/colectivokhora.es\/wp-content\/uploads\/2019\/10\/ESTUDIO-KHORA-2019_Despoblaci%C3%B3n-yacimientos-de-empleo-y-participaci%C3%B3n-social..pdf\" target=\"_blank\">informe completo est\u00e1 disponible aqu\u00ed<\/a>, aunque para ir directamente a las claves del mismo el Colectivo Khora nos propone un <a href=\"http:\/\/colectivokhora.es\/wp-content\/uploads\/2019\/10\/RESUMEN-Despoblaci%C3%B3n-yacimientos-de-empleo-y-participaci%C3%B3n-social.pdf\" target=\"_blank\">resumen del informe<\/a>.<\/span><\/span><\/div>\n<p><\/p>\n<div style=\"clear: both; text-align: center;\">\n<a href=\"http:\/\/colectivokhora.es\/publicaciones-y-materiales\/\" target=\"_blank\"><img loading=\"lazy\" decoding=\"async\" alt=\"http:\/\/colectivokhora.es\/publicaciones-y-materiales\/\" border=\"0\" data-original-height=\"469\" data-original-width=\"685\" height=\"273\" src=\"https:\/\/blogger.googleusercontent.com\/img\/b\/R29vZ2xl\/AVvXsEj-kai2yXMXVDW9eE26_4fFA-gY-jOsQcJdCiGILRAc_SK7EkZCOOGAlxjjeRM5YQWWZJllvkysr4FGqluEvG2m5v-T6cpIsWPXLyQwdTmb_P2m7Sx-S3lrEOpHnZrytRsKfDJ4RpuESOc\/s400\/Imagen1.png\" width=\"400\" \/><\/a><\/div>\n<div style=\"clear: both; text-align: center;\">\n<\/div>\n<div style=\"line-height: normal; margin-bottom: .0001pt; margin-bottom: 0cm; text-align: justify;\">\n<\/div>\n","protected":false},"excerpt":{"rendered":"<p>Hace unos meses os inform\u00e1bamos de la creaci\u00f3n de un laboratorio rural en el \u00e1mbito territorial de nuestra comarca que permiti\u00f3 contar en nuestro municipio con una oficina de atenci\u00f3n a nuestros vecinos y participar en una serie de acciones formativas abiertas y plurales.&nbsp; La experiencia del laboratorio supuso adem\u00e1s la celebraci\u00f3n de varias p\u00edldoras [&hellip;]<\/p>\n","protected":false},"author":2,"featured_media":0,"comment_status":"open","ping_status":"open","sticky":false,"template":"","format":"standard","meta":{"saved_in_kubio":false,"footnotes":""},"categories":[1],"tags":[],"class_list":["post-393","post","type-post","status-publish","format-standard","hentry","category-sin-categoria"],"_links":{"self":[{"href":"https:\/\/juzbado.es\/nuevaweb\/wp-json\/wp\/v2\/posts\/393","targetHints":{"allow":["GET"]}}],"collection":[{"href":"https:\/\/juzbado.es\/nuevaweb\/wp-json\/wp\/v2\/posts"}],"about":[{"href":"https:\/\/juzbado.es\/nuevaweb\/wp-json\/wp\/v2\/types\/post"}],"author":[{"embeddable":true,"href":"https:\/\/juzbado.es\/nuevaweb\/wp-json\/wp\/v2\/users\/2"}],"replies":[{"embeddable":true,"href":"https:\/\/juzbado.es\/nuevaweb\/wp-json\/wp\/v2\/comments?post=393"}],"version-history":[{"count":0,"href":"https:\/\/juzbado.es\/nuevaweb\/wp-json\/wp\/v2\/posts\/393\/revisions"}],"wp:attachment":[{"href":"https:\/\/juzbado.es\/nuevaweb\/wp-json\/wp\/v2\/media?parent=393"}],"wp:term":[{"taxonomy":"category","embeddable":true,"href":"https:\/\/juzbado.es\/nuevaweb\/wp-json\/wp\/v2\/categories?post=393"},{"taxonomy":"post_tag","embeddable":true,"href":"https:\/\/juzbado.es\/nuevaweb\/wp-json\/wp\/v2\/tags?post=393"}],"curies":[{"name":"wp","href":"https:\/\/api.w.org\/{rel}","templated":true}]}}