{"id":396,"date":"2019-09-30T10:51:00","date_gmt":"2019-09-30T08:51:00","guid":{"rendered":"http:\/\/juzbado.es\/nuevaweb\/2019\/09\/30\/el-festival-folclorico-de-juzbado-cumple-5-anos\/"},"modified":"2019-09-30T10:51:00","modified_gmt":"2019-09-30T08:51:00","slug":"el-festival-folclorico-de-juzbado-cumple-5-anos","status":"publish","type":"post","link":"https:\/\/juzbado.es\/nuevaweb\/2019\/09\/30\/el-festival-folclorico-de-juzbado-cumple-5-anos\/","title":{"rendered":"EL FESTIVAL FOLCL\u00d3RICO DE JUZBADO CUMPLE 5 A\u00d1OS"},"content":{"rendered":"<div style=\"text-align: justify;\">\n<span style=\"font-size: large;\"><span style=\"font-family: &quot;arial&quot; , &quot;helvetica&quot; , sans-serif;\">El festival folcl\u00f3rico internacional celebr\u00f3 estos d\u00edas su quinto cumplea\u00f1os.&nbsp; El s\u00e1bado 28 de septiembre tuvo lugar en la carpa central un encuentro musical ib\u00e9rico al que acudieron muchos vecinos y amigos de Juzbado. &nbsp;En esta ocasi\u00f3n vinieron a compartir sus sones dos agrupaciones musicales, una de Le\u00f3n y otra de Portugal.&nbsp; Los amigos del Grupo Folcl\u00f3rico \u201cLa Peregrina\u201d de la legendaria ciudad romana de Astorga nos mostraron sus danzas y melod\u00edas leonesas, mientras que el Rancho Folcl\u00f3rico de Escalos de Cima de la bella ciudad de Castelo Branco, en la Beira Baixa de Portugal, nos deleit\u00f3 con bailes y nociones del folclore y tradici\u00f3n con miembros de todas las edades.&nbsp; Se trata de uno de los momentos m\u00e1s significativos de las fiestas por cuanto celebramos tambi\u00e9n los bailes de nuestro grupo de bailes charros, una agrupaci\u00f3n local que ya suma en sus filas a nuestros m\u00e1s peque\u00f1os y que despert\u00f3 en esta ocasi\u00f3n los m\u00e1s c\u00e1lidos aplausos.&nbsp; A todos ellos nuestro agradecimiento por venir y estar en Juzbado celebrando la tradici\u00f3n&nbsp; y nuestra historia com\u00fan.<\/span><\/span><\/div>\n<div style=\"text-align: justify;\">\n<\/div>\n<div style=\"clear: both; text-align: center;\">\n<a href=\"https:\/\/blogger.googleusercontent.com\/img\/b\/R29vZ2xl\/AVvXsEg-B1R6JmUbN_Jrd0KA77CsO7TdHuLa8LqzGs4L_Rg4v84vOg33CbJelftLQYmPVntuZ6s8LuL1Tvh5D-W-2StCVZCqoFt3TAMjABJ2kmtPEPPmGBwIyO7tK5XvESOvDkLAH7frVcfGEoE\/s1600\/V+festival+folcl%25C3%25B3rico+5+2019+%25282%2529+%2528Copiar%2529.jpeg\" style=\"margin-left: 1em; margin-right: 1em;\"><img loading=\"lazy\" decoding=\"async\" alt=\"Juzbado, V festival folcl\u00f3rico 2019, fiestas de San Miguel\" border=\"0\" data-original-height=\"1067\" data-original-width=\"1600\" height=\"426\" src=\"https:\/\/blogger.googleusercontent.com\/img\/b\/R29vZ2xl\/AVvXsEg-B1R6JmUbN_Jrd0KA77CsO7TdHuLa8LqzGs4L_Rg4v84vOg33CbJelftLQYmPVntuZ6s8LuL1Tvh5D-W-2StCVZCqoFt3TAMjABJ2kmtPEPPmGBwIyO7tK5XvESOvDkLAH7frVcfGEoE\/s640\/V+festival+folcl%25C3%25B3rico+5+2019+%25282%2529+%2528Copiar%2529.jpeg\" title=\"Juzbado, V festival folcl\u00f3rico 2019, fiestas de San Miguel\" width=\"640\" \/><\/a><\/div>\n<p>\n<a name='more'><\/a><\/p>\n<div style=\"clear: both; text-align: center;\">\n<a href=\"https:\/\/blogger.googleusercontent.com\/img\/b\/R29vZ2xl\/AVvXsEhHn-IkI6xNTWH_xqD8B-HmQKLLe6uSrdDWAzGah02jS4RBHMW57ZzGklO4KXRcfSIRp_FyPZn2cFUkyEpJFN6uic-OCVaBm88PfYjCCv0yb0RS5ZYd17yV_NHA-_ctbbPPGf9yL1gICdo\/s1600\/V+festival+folcl%25C3%25B3rico+5+2019+%25284%2529+%2528Copiar%2529.jpeg\" style=\"margin-left: 1em; margin-right: 1em;\"><img loading=\"lazy\" decoding=\"async\" alt=\"Juzbado, V festival folcl\u00f3rico 2019, fiestas de San Miguel\" border=\"0\" data-original-height=\"1067\" data-original-width=\"1600\" height=\"426\" src=\"https:\/\/blogger.googleusercontent.com\/img\/b\/R29vZ2xl\/AVvXsEhHn-IkI6xNTWH_xqD8B-HmQKLLe6uSrdDWAzGah02jS4RBHMW57ZzGklO4KXRcfSIRp_FyPZn2cFUkyEpJFN6uic-OCVaBm88PfYjCCv0yb0RS5ZYd17yV_NHA-_ctbbPPGf9yL1gICdo\/s640\/V+festival+folcl%25C3%25B3rico+5+2019+%25284%2529+%2528Copiar%2529.jpeg\" title=\"Juzbado, V festival folcl\u00f3rico 2019, fiestas de San Miguel\" width=\"640\" \/><\/a><\/div>\n<p><\/p>\n<div style=\"clear: both; text-align: center;\">\n<a href=\"https:\/\/blogger.googleusercontent.com\/img\/b\/R29vZ2xl\/AVvXsEhiwRGOSfzJqPYYCsPzaDKkBz-oiccVl_GdGXipWfW__YWTNfVUckFHqnahfTA14m_umNsnm2FZX14nvte5qlPyYla12AcVkBcEICO2rmz9E4zAcFmIFZh-IAuPaIs9I7ucnbpHMvzRefE\/s1600\/V+festival+folcl%25C3%25B3rico+5+2019+%25286%2529+%2528Copiar%2529.jpeg\" style=\"margin-left: 1em; margin-right: 1em;\"><img loading=\"lazy\" decoding=\"async\" alt=\"Juzbado, V festival folcl\u00f3rico 2019, fiestas de San Miguel\" border=\"0\" data-original-height=\"1067\" data-original-width=\"1600\" height=\"426\" src=\"https:\/\/blogger.googleusercontent.com\/img\/b\/R29vZ2xl\/AVvXsEhiwRGOSfzJqPYYCsPzaDKkBz-oiccVl_GdGXipWfW__YWTNfVUckFHqnahfTA14m_umNsnm2FZX14nvte5qlPyYla12AcVkBcEICO2rmz9E4zAcFmIFZh-IAuPaIs9I7ucnbpHMvzRefE\/s640\/V+festival+folcl%25C3%25B3rico+5+2019+%25286%2529+%2528Copiar%2529.jpeg\" title=\"Juzbado, V festival folcl\u00f3rico 2019, fiestas de San Miguel\" width=\"640\" \/><\/a><\/div>\n<p><\/p>\n<div style=\"clear: both; text-align: center;\">\n<\/div>\n<p><\/p>\n<div style=\"clear: both; text-align: center;\">\n<a href=\"https:\/\/blogger.googleusercontent.com\/img\/b\/R29vZ2xl\/AVvXsEjDvtjW7q2Fz_nBhpOCgnWqmxZmqdo7X1de-RsGKfizaKToIqgaPtwCCAI-PNtwzI0iXUbmT7e7mw-4o4FN4H0Ul3xr29b8kDerj8vz72d4rdWIJBagQnBMmiM7xiOTGBgKaZ9f59Uk_vg\/s1600\/V+festival+folcl%25C3%25B3rico+5+2019+%252810%2529+%2528Copiar%2529.jpeg\" style=\"margin-left: 1em; margin-right: 1em;\"><img loading=\"lazy\" decoding=\"async\" alt=\"Juzbado, V festival folcl\u00f3rico 2019, fiestas de San Miguel\" border=\"0\" data-original-height=\"805\" data-original-width=\"1600\" height=\"320\" src=\"https:\/\/blogger.googleusercontent.com\/img\/b\/R29vZ2xl\/AVvXsEjDvtjW7q2Fz_nBhpOCgnWqmxZmqdo7X1de-RsGKfizaKToIqgaPtwCCAI-PNtwzI0iXUbmT7e7mw-4o4FN4H0Ul3xr29b8kDerj8vz72d4rdWIJBagQnBMmiM7xiOTGBgKaZ9f59Uk_vg\/s640\/V+festival+folcl%25C3%25B3rico+5+2019+%252810%2529+%2528Copiar%2529.jpeg\" title=\"Juzbado, V festival folcl\u00f3rico 2019, fiestas de San Miguel\" width=\"640\" \/><\/a><\/div>\n<p><\/p>\n<div style=\"clear: both; text-align: center;\">\n<a href=\"https:\/\/blogger.googleusercontent.com\/img\/b\/R29vZ2xl\/AVvXsEiYhIk1TLhxkYwMYIhihH2cwnYNQYQQSKrix5nTEC0BfNLBngU1ciOmmllARa0f8qmOs9rZhRoieYvCDo6SPAdEquBxEE8686z5jABaZZ8eRuzN8A1n75nHfk_Hj0roAiEGGoWtZvutADw\/s1600\/V+festival+folcl%25C3%25B3rico+5+2019+%252812%2529+%2528Copiar%2529.jpeg\" style=\"margin-left: 1em; margin-right: 1em;\"><img loading=\"lazy\" decoding=\"async\" alt=\"Juzbado, V festival folcl\u00f3rico 2019, fiestas de San Miguel\" border=\"0\" data-original-height=\"1067\" data-original-width=\"1600\" height=\"426\" src=\"https:\/\/blogger.googleusercontent.com\/img\/b\/R29vZ2xl\/AVvXsEiYhIk1TLhxkYwMYIhihH2cwnYNQYQQSKrix5nTEC0BfNLBngU1ciOmmllARa0f8qmOs9rZhRoieYvCDo6SPAdEquBxEE8686z5jABaZZ8eRuzN8A1n75nHfk_Hj0roAiEGGoWtZvutADw\/s640\/V+festival+folcl%25C3%25B3rico+5+2019+%252812%2529+%2528Copiar%2529.jpeg\" title=\"Juzbado, V festival folcl\u00f3rico 2019, fiestas de San Miguel\" width=\"640\" \/><\/a><\/div>\n<div style=\"text-align: justify;\">\n<span style=\"font-size: large;\"><span style=\"font-family: &quot;arial&quot; , &quot;helvetica&quot; , sans-serif;\">&nbsp;<\/p>\n<table align=\"center\" cellpadding=\"0\" cellspacing=\"0\" style=\"margin-left: auto; margin-right: auto; text-align: center;\">\n<tbody>\n<tr>\n<td style=\"text-align: center;\"><a href=\"https:\/\/blogger.googleusercontent.com\/img\/b\/R29vZ2xl\/AVvXsEgbTgVPTHmoWtOpBDzLEsyKESAtEbVBL9r4DbfnWTlt8k0Q_7deBHqoW7EUfRCExOc10D4YidbW4WnkpqDu0zFkZF8f8YIs6K2KuXAn1dAD1lOZaaP8OFRmrpdYS2bpvRGJcypdlKrew-M\/s1600\/WhatsApp+Image+2019-09-29+at+20.26.54.jpeg\" style=\"margin-left: auto; margin-right: auto;\"><img loading=\"lazy\" decoding=\"async\" alt=\"Juzbado, V festival folcl\u00f3rico 2019, fiestas de San Miguel\" border=\"0\" data-original-height=\"1000\" data-original-width=\"1500\" height=\"426\" src=\"https:\/\/blogger.googleusercontent.com\/img\/b\/R29vZ2xl\/AVvXsEgbTgVPTHmoWtOpBDzLEsyKESAtEbVBL9r4DbfnWTlt8k0Q_7deBHqoW7EUfRCExOc10D4YidbW4WnkpqDu0zFkZF8f8YIs6K2KuXAn1dAD1lOZaaP8OFRmrpdYS2bpvRGJcypdlKrew-M\/s640\/WhatsApp+Image+2019-09-29+at+20.26.54.jpeg\" title=\"Juzbado, V festival folcl\u00f3rico 2019, fiestas de San Miguel\" width=\"640\" \/><\/a><\/td>\n<\/tr>\n<tr>\n<td style=\"text-align: center;\">Foto (M.A.)<\/td>\n<\/tr>\n<\/tbody>\n<\/table>\n<p><\/span><\/span><\/div>\n","protected":false},"excerpt":{"rendered":"<p>El festival folcl\u00f3rico internacional celebr\u00f3 estos d\u00edas su quinto cumplea\u00f1os.&nbsp; El s\u00e1bado 28 de septiembre tuvo lugar en la carpa central un encuentro musical ib\u00e9rico al que acudieron muchos vecinos y amigos de Juzbado. &nbsp;En esta ocasi\u00f3n vinieron a compartir sus sones dos agrupaciones musicales, una de Le\u00f3n y otra de Portugal.&nbsp; Los amigos del [&hellip;]<\/p>\n","protected":false},"author":2,"featured_media":0,"comment_status":"open","ping_status":"open","sticky":false,"template":"","format":"standard","meta":{"saved_in_kubio":false,"footnotes":""},"categories":[1],"tags":[],"class_list":["post-396","post","type-post","status-publish","format-standard","hentry","category-sin-categoria"],"_links":{"self":[{"href":"https:\/\/juzbado.es\/nuevaweb\/wp-json\/wp\/v2\/posts\/396","targetHints":{"allow":["GET"]}}],"collection":[{"href":"https:\/\/juzbado.es\/nuevaweb\/wp-json\/wp\/v2\/posts"}],"about":[{"href":"https:\/\/juzbado.es\/nuevaweb\/wp-json\/wp\/v2\/types\/post"}],"author":[{"embeddable":true,"href":"https:\/\/juzbado.es\/nuevaweb\/wp-json\/wp\/v2\/users\/2"}],"replies":[{"embeddable":true,"href":"https:\/\/juzbado.es\/nuevaweb\/wp-json\/wp\/v2\/comments?post=396"}],"version-history":[{"count":0,"href":"https:\/\/juzbado.es\/nuevaweb\/wp-json\/wp\/v2\/posts\/396\/revisions"}],"wp:attachment":[{"href":"https:\/\/juzbado.es\/nuevaweb\/wp-json\/wp\/v2\/media?parent=396"}],"wp:term":[{"taxonomy":"category","embeddable":true,"href":"https:\/\/juzbado.es\/nuevaweb\/wp-json\/wp\/v2\/categories?post=396"},{"taxonomy":"post_tag","embeddable":true,"href":"https:\/\/juzbado.es\/nuevaweb\/wp-json\/wp\/v2\/tags?post=396"}],"curies":[{"name":"wp","href":"https:\/\/api.w.org\/{rel}","templated":true}]}}