{"id":400,"date":"2019-09-27T11:10:00","date_gmt":"2019-09-27T09:10:00","guid":{"rendered":"http:\/\/juzbado.es\/nuevaweb\/2019\/09\/27\/pregoneros-de-las-fiestas-de-san-miguel\/"},"modified":"2019-09-27T11:10:00","modified_gmt":"2019-09-27T09:10:00","slug":"pregoneros-de-las-fiestas-de-san-miguel","status":"publish","type":"post","link":"https:\/\/juzbado.es\/nuevaweb\/2019\/09\/27\/pregoneros-de-las-fiestas-de-san-miguel\/","title":{"rendered":"PREGONEROS DE LAS FIESTAS DE SAN MIGUEL"},"content":{"rendered":"<div style=\"text-align: justify;\"><span style=\"font-size: large;\"><span style=\"font-family: &quot;arial&quot; , &quot;helvetica&quot; , sans-serif;\">Le\u00f3n y Tere fueron los encargados este a\u00f1o de iniciar las Fiestas Mayores de San Miguel.&nbsp; El preg\u00f3n 2019 fue compartido por los dos.&nbsp; Comenz\u00f3 Tere y le sigui\u00f3 Le\u00f3n. Nos deleitaron con palabras de agradecimiento, recordaron sus a\u00f1os de juventud, se acordaron de algunas an\u00e9cdotas familiares y de muchos otros vecinos.&nbsp; Tras numerosas preguntas y peticiones del p\u00fablico, nos deleitaron adem\u00e1s con historias de juventud, chascarrillos de los bailes del pasado o de una pr\u00f3spera relaci\u00f3n que comenzaron juntos hace ya m\u00e1s de 50 a\u00f1os entre la Vega de Tirados y Juzbado. Os recordamos que Tere y Le\u00f3n <a href=\"https:\/\/juzbado.blogspot.com\/2019\/09\/la-asociacion-de-mayores-celebra-sus.html\" target=\"_blank\">recibieron hace una semana un c\u00e1lido reconocimiento<\/a> por sus bodas de oro de la mano de la Asociaci\u00f3n de Mayores.&nbsp;&nbsp;<\/span><\/span><\/div>\n<div style=\"text-align: justify;\">\n<\/div>\n<p><span style=\"font-size: large;\"><span style=\"font-family: &quot;arial&quot; , &quot;helvetica&quot; , sans-serif;\">  <\/span><\/span><\/p>\n<div style=\"text-align: justify;\"><span style=\"font-size: large;\"><span style=\"font-family: &quot;arial&quot; , &quot;helvetica&quot; , sans-serif;\">Tras el tradicional \u00a1Viva San Miguel! y \u00a1viva Juzbado!, se otorgaron las bandas al mozo y la moza de este a\u00f1o.&nbsp; Han sido Clara y Luis. Enhorabuena a los dos.<\/span><\/span><\/div>\n<div style=\"text-align: justify;\"><span style=\"font-size: large;\"><span style=\"font-family: &quot;arial&quot; , &quot;helvetica&quot; , sans-serif;\"><\/span><\/span><\/div>\n<p>\n<span style=\"font-size: large;\"><span style=\"font-family: &quot;arial&quot; , &quot;helvetica&quot; , sans-serif;\"> <\/span><\/span><span style=\"font-size: large;\"><span style=\"font-family: &quot;arial&quot; , &quot;helvetica&quot; , sans-serif;\"><\/span><\/span><\/p>\n<div style=\"clear: both; text-align: center;\"><span style=\"font-size: large;\"><span style=\"font-family: &quot;arial&quot; , &quot;helvetica&quot; , sans-serif;\"><a href=\"https:\/\/blogger.googleusercontent.com\/img\/b\/R29vZ2xl\/AVvXsEiIEIVItaWcN6nmZCxcaKNmcRVQDocmhkylIcpi5V70cleErAaDWAHa9ag6F7x_Eco37JXfaAbmoCGv264Fc68ONgr2_jW5LYCEnMx18kfgWZPzAn900Camel194-0BZZbaAtwL9YMpyaI\/s1600\/Juzbado+fiestas.jpeg\" style=\"margin-left: 1em; margin-right: 1em;\"><img loading=\"lazy\" decoding=\"async\" alt=\"Juzbado, preg\u00f3n fiestas san miguel 2019\" border=\"0\" data-original-height=\"1067\" data-original-width=\"1600\" height=\"426\" src=\"https:\/\/blogger.googleusercontent.com\/img\/b\/R29vZ2xl\/AVvXsEiIEIVItaWcN6nmZCxcaKNmcRVQDocmhkylIcpi5V70cleErAaDWAHa9ag6F7x_Eco37JXfaAbmoCGv264Fc68ONgr2_jW5LYCEnMx18kfgWZPzAn900Camel194-0BZZbaAtwL9YMpyaI\/s640\/Juzbado+fiestas.jpeg\" title=\"Juzbado, preg\u00f3n fiestas san miguel 2019\" width=\"640\" \/><\/a><\/span><\/span><\/div>\n<p><span style=\"font-size: large;\"><span style=\"font-family: &quot;arial&quot; , &quot;helvetica&quot; , sans-serif;\"> <\/span><\/span><\/p>\n","protected":false},"excerpt":{"rendered":"<p>Le\u00f3n y Tere fueron los encargados este a\u00f1o de iniciar las Fiestas Mayores de San Miguel.&nbsp; El preg\u00f3n 2019 fue compartido por los dos.&nbsp; Comenz\u00f3 Tere y le sigui\u00f3 Le\u00f3n. Nos deleitaron con palabras de agradecimiento, recordaron sus a\u00f1os de juventud, se acordaron de algunas an\u00e9cdotas familiares y de muchos otros vecinos.&nbsp; Tras numerosas preguntas [&hellip;]<\/p>\n","protected":false},"author":2,"featured_media":0,"comment_status":"open","ping_status":"open","sticky":false,"template":"","format":"standard","meta":{"saved_in_kubio":false,"footnotes":""},"categories":[1],"tags":[],"class_list":["post-400","post","type-post","status-publish","format-standard","hentry","category-sin-categoria"],"_links":{"self":[{"href":"https:\/\/juzbado.es\/nuevaweb\/wp-json\/wp\/v2\/posts\/400","targetHints":{"allow":["GET"]}}],"collection":[{"href":"https:\/\/juzbado.es\/nuevaweb\/wp-json\/wp\/v2\/posts"}],"about":[{"href":"https:\/\/juzbado.es\/nuevaweb\/wp-json\/wp\/v2\/types\/post"}],"author":[{"embeddable":true,"href":"https:\/\/juzbado.es\/nuevaweb\/wp-json\/wp\/v2\/users\/2"}],"replies":[{"embeddable":true,"href":"https:\/\/juzbado.es\/nuevaweb\/wp-json\/wp\/v2\/comments?post=400"}],"version-history":[{"count":0,"href":"https:\/\/juzbado.es\/nuevaweb\/wp-json\/wp\/v2\/posts\/400\/revisions"}],"wp:attachment":[{"href":"https:\/\/juzbado.es\/nuevaweb\/wp-json\/wp\/v2\/media?parent=400"}],"wp:term":[{"taxonomy":"category","embeddable":true,"href":"https:\/\/juzbado.es\/nuevaweb\/wp-json\/wp\/v2\/categories?post=400"},{"taxonomy":"post_tag","embeddable":true,"href":"https:\/\/juzbado.es\/nuevaweb\/wp-json\/wp\/v2\/tags?post=400"}],"curies":[{"name":"wp","href":"https:\/\/api.w.org\/{rel}","templated":true}]}}