{"id":402,"date":"2019-09-24T12:14:00","date_gmt":"2019-09-24T10:14:00","guid":{"rendered":"http:\/\/juzbado.es\/nuevaweb\/2019\/09\/24\/la-asociacion-de-mayores-celebra-sus-fiestas\/"},"modified":"2019-09-24T12:14:00","modified_gmt":"2019-09-24T10:14:00","slug":"la-asociacion-de-mayores-celebra-sus-fiestas","status":"publish","type":"post","link":"https:\/\/juzbado.es\/nuevaweb\/2019\/09\/24\/la-asociacion-de-mayores-celebra-sus-fiestas\/","title":{"rendered":"LA ASOCIACI\u00d3N DE MAYORES CELEBRA SUS FIESTAS"},"content":{"rendered":"<div style=\"line-height: normal; margin-bottom: .0001pt; margin-bottom: 0cm; text-align: justify;\">\n<span style=\"font-family: &quot;arial&quot; , &quot;sans-serif&quot;; font-size: 18.0pt;\">Este fin de semana pasado tuvimos ocasi\u00f3n de celebrar en Juzbado la fiesta de nuestros mayores.&nbsp; Como sab\u00e9is, la <a href=\"https:\/\/juzbado.blogspot.com\/2019\/09\/fiestas-de-los-mayores-2019.html\" target=\"_blank\">Fiesta de los Mayores<\/a> es previa a las fiestas mayores y est\u00e1 organizada por la activa <a href=\"https:\/\/juzbado.blogspot.com\/p\/asociaciones.html\" target=\"_blank\">Asociaci\u00f3n de Mayores San Miguel Arc\u00e1ngel<\/a> de Juzbado.<span style=\"mso-spacerun: yes;\">&nbsp;&nbsp;<\/span><\/span><\/div>\n<div style=\"line-height: normal; margin-bottom: .0001pt; margin-bottom: 0cm; text-align: justify;\">\n<br \/>\n<a name='more'><\/a><\/div>\n<div style=\"line-height: normal; margin-bottom: .0001pt; margin-bottom: 0cm; text-align: justify;\">\n<span style=\"font-family: &quot;arial&quot; , &quot;sans-serif&quot;; font-size: 18.0pt;\">La programaci\u00f3n se inici\u00f3 ya el d\u00eda 15 con una misa por los difuntos de la asociaci\u00f3n.<span style=\"mso-spacerun: yes;\">&nbsp; <\/span>Los d\u00edas 21 y 22 han sido los de mayor intensidad por cuanto se han celebrado varios eventos como la chocolatada con bizcochos y el bingo el s\u00e1bado por la tarde-noche.<span style=\"mso-spacerun: yes;\">&nbsp; <\/span>El domingo, tras una misa con hijos y nietos y bailes en los entornos de la iglesia, m\u00e1s de un centenar de vecinos y amigos de Juzbado se han juntado en el sal\u00f3n de actos del Ayuntamiento para celebrar el vino de honor y homenajear a dos nuevos matrimonios con 50 a\u00f1os de recorrido juntos.<span style=\"mso-spacerun: yes;\">&nbsp; <\/span><b>Se trata de los matrimonioss de y Mar\u00eda Teresa Recio P\u00e9rez y Le\u00f3n Mart\u00edn Gallego y Mar\u00eda Teresa Miguel Garc\u00eda y Jean Louis Rossignol<\/b>.<span style=\"mso-spacerun: yes;\">&nbsp;&nbsp; <\/span>Tras el encuentro y los merecidos homenajes por parte de la directiva de la Asociaci\u00f3n presidida en los \u00faltimos tiempos por Faustino Iglesias, los participantes arrancaron a<span style=\"mso-spacerun: yes;\">&nbsp; <\/span>bailar al son de la m\u00fasica de Mariano.<span style=\"mso-spacerun: yes;\">&nbsp; <\/span>La programaci\u00f3n de este a\u00f1o se cerr\u00f3 con una actuaci\u00f3n musical a cargo del Coro Arte y M\u00fasica de Florida de Li\u00e9bana.<span style=\"mso-spacerun: yes;\">&nbsp; <\/span>&nbsp;<\/span><\/div>\n<div style=\"line-height: normal; margin-bottom: .0001pt; margin-bottom: 0cm; text-align: justify;\">\n<\/div>\n<div style=\"line-height: normal; margin-bottom: .0001pt; margin-bottom: 0cm; text-align: justify;\">\n<span style=\"font-family: &quot;arial&quot; , &quot;sans-serif&quot;; font-size: 18.0pt;\"><b>Desde aqu\u00ed queremos agradecer el empe\u00f1o, tes\u00f3n y esfuerzo que la Asociaci\u00f3n est\u00e1 mostrando y trasladando a nuestro municipio no solo en forma de festejos y encuentros vecinales, sino tambi\u00e9n en aquellas otras cuestiones de compromiso y voluntariado p\u00fablico con el pueblo.<\/b><span style=\"mso-spacerun: yes;\">&nbsp; <\/span>Recordemos los trabajos celebrados durante el <a href=\"https:\/\/juzbado.blogspot.com\/2019\/07\/dia-de-los-abuelos-2019.html\" target=\"_blank\">d\u00eda de los Abuelos de este a\u00f1o<\/a> o el apoyo durante las <a href=\"https:\/\/juzbado.blogspot.com\/2019\/07\/juzbado-consolida-su-convivencia.html\" target=\"_blank\">jornadas<span style=\"mso-spacerun: yes;\">&nbsp; <\/span>interculturales de acogida<\/a>. <span style=\"mso-spacerun: yes;\">&nbsp;&nbsp;<\/span>Sin duda un esfuerzo com\u00fan que nos enriquece como pueblo.<\/span><\/div>\n<div style=\"line-height: normal; margin-bottom: .0001pt; margin-bottom: 0cm; text-align: justify;\">\n<\/div>\n<div style=\"line-height: normal; margin-bottom: .0001pt; margin-bottom: 0cm; text-align: justify;\">\n<span style=\"font-family: &quot;arial&quot; , &quot;sans-serif&quot;; font-size: 18.0pt;\">Os mostramos algunas im\u00e1genes que nos traslada la Asociaci\u00f3n y aprovechamos para agradecer la presencia de tantos vecinos y amigos que os acercasteis a compartir y a disfrutar este fin de semana festivo.<\/span><\/div>\n<div style=\"line-height: normal; margin-bottom: .0001pt; margin-bottom: 0cm; text-align: justify;\">\n<\/div>\n<div style=\"clear: both; text-align: center;\">\n<a href=\"https:\/\/blogger.googleusercontent.com\/img\/b\/R29vZ2xl\/AVvXsEgNSN5e88qwqfaJ_jHk9cNas08HE5Alznm4Y8AJyWz6OIuKiF7MHU8UYB6mCGp4DNbFJ3ljp6tO4Rp-RtCzjCaf234Dw3v_DaLDtXWURHQoOId9UEraTGuDYn05W7w9wp1AGavOB9m9er0\/s1600\/fiestas+mayores+2019+%25281%2529.jpeg\" style=\"margin-left: 1em; margin-right: 1em;\"><img loading=\"lazy\" decoding=\"async\" alt=\"Juzbado, fiestas de los MAyores 2019\" border=\"0\" data-original-height=\"864\" data-original-width=\"1599\" height=\"344\" src=\"https:\/\/blogger.googleusercontent.com\/img\/b\/R29vZ2xl\/AVvXsEgNSN5e88qwqfaJ_jHk9cNas08HE5Alznm4Y8AJyWz6OIuKiF7MHU8UYB6mCGp4DNbFJ3ljp6tO4Rp-RtCzjCaf234Dw3v_DaLDtXWURHQoOId9UEraTGuDYn05W7w9wp1AGavOB9m9er0\/s640\/fiestas+mayores+2019+%25281%2529.jpeg\" title=\"Juzbado, fiestas de los MAyores 2019\" width=\"640\" \/><\/a><\/div>\n<p><\/p>\n<div style=\"clear: both; text-align: center;\">\n<a href=\"https:\/\/blogger.googleusercontent.com\/img\/b\/R29vZ2xl\/AVvXsEhmxMO6PBw0dQFcK6BjvCZIaLPVYlZHTJ9luTRXUsc6aElKCsQ1v6qRcTigpwqdpTU2LMTGdl-rYmkY8NRG6tTlxF_7hVp-7gVfi1TjpfWdSFmLV_b-W8CnEWE3xQBNx4Eocegf92NVaGg\/s1600\/WhatsApp+Image+2019-09-22+at+18.28.06.jpeg\" style=\"margin-left: 1em; margin-right: 1em;\"><img loading=\"lazy\" decoding=\"async\" alt=\"Juzbado, fiestas de los MAyores 2019\" border=\"0\" data-original-height=\"1200\" data-original-width=\"1600\" height=\"480\" src=\"https:\/\/blogger.googleusercontent.com\/img\/b\/R29vZ2xl\/AVvXsEhmxMO6PBw0dQFcK6BjvCZIaLPVYlZHTJ9luTRXUsc6aElKCsQ1v6qRcTigpwqdpTU2LMTGdl-rYmkY8NRG6tTlxF_7hVp-7gVfi1TjpfWdSFmLV_b-W8CnEWE3xQBNx4Eocegf92NVaGg\/s640\/WhatsApp+Image+2019-09-22+at+18.28.06.jpeg\" title=\"Juzbado, fiestas de los MAyores 2019\" width=\"640\" \/><\/a><\/div>\n<div style=\"line-height: normal; margin-bottom: .0001pt; margin-bottom: 0cm; text-align: justify;\">\n<\/div>\n<div style=\"clear: both; text-align: center;\">\n<a href=\"https:\/\/blogger.googleusercontent.com\/img\/b\/R29vZ2xl\/AVvXsEiiHw08dVrMSbmeCkgtGJdL4cjogTQvkHHR5y3-9aXPbMGsJOSCT4UNbLQuK8qIkiAgmDXCSvJh6iSKUiC7WxgmXyL45oE6WPFXKEcCEFL17vo0SvofmLDGfH4yhhBzH9MhkbGkBgFs47Q\/s1600\/FIESTAS+DE+LOS+MAYORES+2019+%25282%2529+%2528Copiar%2529.jpg\" style=\"margin-left: 1em; margin-right: 1em;\"><img loading=\"lazy\" decoding=\"async\" alt=\"Juzbado, fiestas de los MAyores 2019\" border=\"0\" data-original-height=\"900\" data-original-width=\"1600\" height=\"360\" src=\"https:\/\/blogger.googleusercontent.com\/img\/b\/R29vZ2xl\/AVvXsEiiHw08dVrMSbmeCkgtGJdL4cjogTQvkHHR5y3-9aXPbMGsJOSCT4UNbLQuK8qIkiAgmDXCSvJh6iSKUiC7WxgmXyL45oE6WPFXKEcCEFL17vo0SvofmLDGfH4yhhBzH9MhkbGkBgFs47Q\/s640\/FIESTAS+DE+LOS+MAYORES+2019+%25282%2529+%2528Copiar%2529.jpg\" title=\"Juzbado, fiestas de los MAyores 2019\" width=\"640\" \/><\/a><\/div>\n<p><\/p>\n<div style=\"clear: both; text-align: center;\">\n<a href=\"https:\/\/blogger.googleusercontent.com\/img\/b\/R29vZ2xl\/AVvXsEhbmS9mTmByad7WX5mlxVaquoD67gPn_I7Nvqk2GjoVa7wmh66vg5_YL-BZgAsmDR9ixFDyrb0U1nn0fzs4vYtt0IeeiP8WO53gnaLi49YkTAIbMogftGW6po95iPEaXVvkdzN0xl7cwC8\/s1600\/FIESTAS+DE+LOS+MAYORES+2019+%25288%2529+%2528Copiar%2529.jpg\" style=\"margin-left: 1em; margin-right: 1em;\"><img loading=\"lazy\" decoding=\"async\" alt=\"Juzbado, fiestas de los MAyores 2019\" border=\"0\" data-original-height=\"900\" data-original-width=\"1600\" height=\"360\" src=\"https:\/\/blogger.googleusercontent.com\/img\/b\/R29vZ2xl\/AVvXsEhbmS9mTmByad7WX5mlxVaquoD67gPn_I7Nvqk2GjoVa7wmh66vg5_YL-BZgAsmDR9ixFDyrb0U1nn0fzs4vYtt0IeeiP8WO53gnaLi49YkTAIbMogftGW6po95iPEaXVvkdzN0xl7cwC8\/s640\/FIESTAS+DE+LOS+MAYORES+2019+%25288%2529+%2528Copiar%2529.jpg\" title=\"Juzbado, fiestas de los MAyores 2019\" width=\"640\" \/><\/a><\/div>\n<p><span style=\"font-family: &quot;times new roman&quot; , &quot;serif&quot;; font-size: 12.0pt;\"><\/span><\/p>\n","protected":false},"excerpt":{"rendered":"<p>Este fin de semana pasado tuvimos ocasi\u00f3n de celebrar en Juzbado la fiesta de nuestros mayores.&nbsp; Como sab\u00e9is, la Fiesta de los Mayores es previa a las fiestas mayores y est\u00e1 organizada por la activa Asociaci\u00f3n de Mayores San Miguel Arc\u00e1ngel de Juzbado.&nbsp;&nbsp; La programaci\u00f3n se inici\u00f3 ya el d\u00eda 15 con una misa por [&hellip;]<\/p>\n","protected":false},"author":2,"featured_media":0,"comment_status":"open","ping_status":"open","sticky":false,"template":"","format":"standard","meta":{"saved_in_kubio":false,"footnotes":""},"categories":[1],"tags":[],"class_list":["post-402","post","type-post","status-publish","format-standard","hentry","category-sin-categoria"],"_links":{"self":[{"href":"https:\/\/juzbado.es\/nuevaweb\/wp-json\/wp\/v2\/posts\/402","targetHints":{"allow":["GET"]}}],"collection":[{"href":"https:\/\/juzbado.es\/nuevaweb\/wp-json\/wp\/v2\/posts"}],"about":[{"href":"https:\/\/juzbado.es\/nuevaweb\/wp-json\/wp\/v2\/types\/post"}],"author":[{"embeddable":true,"href":"https:\/\/juzbado.es\/nuevaweb\/wp-json\/wp\/v2\/users\/2"}],"replies":[{"embeddable":true,"href":"https:\/\/juzbado.es\/nuevaweb\/wp-json\/wp\/v2\/comments?post=402"}],"version-history":[{"count":0,"href":"https:\/\/juzbado.es\/nuevaweb\/wp-json\/wp\/v2\/posts\/402\/revisions"}],"wp:attachment":[{"href":"https:\/\/juzbado.es\/nuevaweb\/wp-json\/wp\/v2\/media?parent=402"}],"wp:term":[{"taxonomy":"category","embeddable":true,"href":"https:\/\/juzbado.es\/nuevaweb\/wp-json\/wp\/v2\/categories?post=402"},{"taxonomy":"post_tag","embeddable":true,"href":"https:\/\/juzbado.es\/nuevaweb\/wp-json\/wp\/v2\/tags?post=402"}],"curies":[{"name":"wp","href":"https:\/\/api.w.org\/{rel}","templated":true}]}}