{"id":403,"date":"2019-09-18T12:54:00","date_gmt":"2019-09-18T10:54:00","guid":{"rendered":"http:\/\/juzbado.es\/nuevaweb\/2019\/09\/18\/juzbado-en-asi-somos-en-mi-pueblo-2019\/"},"modified":"2019-09-18T12:54:00","modified_gmt":"2019-09-18T10:54:00","slug":"juzbado-en-asi-somos-en-mi-pueblo-2019","status":"publish","type":"post","link":"https:\/\/juzbado.es\/nuevaweb\/2019\/09\/18\/juzbado-en-asi-somos-en-mi-pueblo-2019\/","title":{"rendered":"JUZBADO EN AS\u00cd SOMOS EN MI PUEBLO 2019"},"content":{"rendered":"<div style=\"text-align: justify;\">\n<span style=\"font-size: large;\"><span style=\"font-family: &quot;arial&quot; , &quot;helvetica&quot; , sans-serif;\">Por quinta vez consecutiva los vecinos de Juzbado presentan la fotograf\u00eda para la candidatura del municipio de Juzbado en la convocatoria 2019 del concurso estival <span style=\"font-family: serif;\">\u00ab<\/span>As\u00ed somos en mi pueblo\u00bb.<\/span><\/span><\/div>\n<div style=\"text-align: justify;\">\n<br \/>\n<span style=\"font-size: large;\"><span style=\"font-family: &quot;arial&quot; , &quot;helvetica&quot; , sans-serif;\"><a href=\"https:\/\/blogger.googleusercontent.com\/img\/b\/R29vZ2xl\/AVvXsEhA9PkPBv1Qh38j0j5mQSoGpm6tMbEZwqTQ7WOme-pFvGcsEiHvQqOJXR9mhEElTvbsLt7ZnzWngSiaF-4zuHJPehRvCAHFuYg5wjFWzUhIq91dsJsITJqytGqVGnAzcfbcWEZ-zygwxfM\/s1600\/as%25C3%25AD+somos+en+mi+pueblo+2019+La+Gaceta+Miercoles+7+8+19+.jpg\" style=\"margin-left: 1em; margin-right: 1em;\"><img loading=\"lazy\" decoding=\"async\" alt=\"Juzbado, as\u00ed somos en mi pueblo 2019\" border=\"0\" data-original-height=\"1235\" data-original-width=\"944\" height=\"640\" src=\"https:\/\/blogger.googleusercontent.com\/img\/b\/R29vZ2xl\/AVvXsEhA9PkPBv1Qh38j0j5mQSoGpm6tMbEZwqTQ7WOme-pFvGcsEiHvQqOJXR9mhEElTvbsLt7ZnzWngSiaF-4zuHJPehRvCAHFuYg5wjFWzUhIq91dsJsITJqytGqVGnAzcfbcWEZ-zygwxfM\/s640\/as%25C3%25AD+somos+en+mi+pueblo+2019+La+Gaceta+Miercoles+7+8+19+.jpg\" title=\"Juzbado, as\u00ed somos en mi pueblo 2019\" width=\"488\" \/>&nbsp;<\/a><\/span><\/span><br \/>\n<span style=\"font-size: large;\"><span style=\"font-family: &quot;arial&quot; , &quot;helvetica&quot; , sans-serif;\"><\/span><\/span><br \/>\n<a name='more'><\/a><\/div>\n<div style=\"text-align: justify;\">\n<span style=\"font-size: large;\"><span style=\"font-family: &quot;arial&quot; , &quot;helvetica&quot; , sans-serif;\">Se trata de una fotograf\u00eda realizada a plena luz del d\u00eda en la Pe\u00f1a del Castillo, junto al <a href=\"http:\/\/www.museodelafalla.com\/\" target=\"_blank\">Museo de la Falla<\/a>. En la fotograf\u00eda aparecen casi 50 vecinos repartidos por nuestro carism\u00e1tico mirador.  Se da el caso de que la composici\u00f3n tiene forma de coraz\u00f3n, destacando la presencia de nuestros vecinos tan queridos como Rufino y Esther en el extremo inferior.  As\u00ed mismo, todos los vecinos saludan a otros vecinos residentes en municipios lim\u00edtrofes invit\u00e1ndoles a venir a ver el pueblo de Juzbado<span style=\"font-family: serif;\">. <\/span>&nbsp;<\/span><\/span><\/div>\n<div style=\"clear: both; text-align: center;\">\n<\/div>\n<div style=\"text-align: justify;\">\n<\/div>\n<div style=\"text-align: justify;\">\n<span style=\"font-size: large;\"><span style=\"font-family: &quot;arial&quot; , &quot;helvetica&quot; , sans-serif;\">Desde aqu\u00ed agradecemos la perseverancia de Lourdes Garc\u00eda que, a\u00f1o tras a\u00f1o, nos convoca para participar en la fotograf\u00eda.  Pod\u00e9is contemplar todas las fotograf\u00edas presentadas a concurso por el pueblo de Juzbado en el <a href=\"https:\/\/www.facebook.com\/pages\/category\/Pub\/Bar-el-toral-1708367729400776\/\" target=\"_blank\">Bar El Toral<\/a>.<\/span><\/span><\/div>\n<div style=\"text-align: justify;\">\n<\/div>\n<div style=\"text-align: justify;\">\n<span style=\"font-size: large;\"><span style=\"font-family: &quot;arial&quot; , &quot;helvetica&quot; , sans-serif;\">Esperamos que os guste y que este a\u00f1o podamos optar a alguno de los premios de este popular concurso veraniego.<\/span><\/span><\/div>\n","protected":false},"excerpt":{"rendered":"<p>Por quinta vez consecutiva los vecinos de Juzbado presentan la fotograf\u00eda para la candidatura del municipio de Juzbado en la convocatoria 2019 del concurso estival \u00abAs\u00ed somos en mi pueblo\u00bb. &nbsp; Se trata de una fotograf\u00eda realizada a plena luz del d\u00eda en la Pe\u00f1a del Castillo, junto al Museo de la Falla. En la [&hellip;]<\/p>\n","protected":false},"author":2,"featured_media":0,"comment_status":"open","ping_status":"open","sticky":false,"template":"","format":"standard","meta":{"saved_in_kubio":false,"footnotes":""},"categories":[1],"tags":[],"class_list":["post-403","post","type-post","status-publish","format-standard","hentry","category-sin-categoria"],"_links":{"self":[{"href":"https:\/\/juzbado.es\/nuevaweb\/wp-json\/wp\/v2\/posts\/403","targetHints":{"allow":["GET"]}}],"collection":[{"href":"https:\/\/juzbado.es\/nuevaweb\/wp-json\/wp\/v2\/posts"}],"about":[{"href":"https:\/\/juzbado.es\/nuevaweb\/wp-json\/wp\/v2\/types\/post"}],"author":[{"embeddable":true,"href":"https:\/\/juzbado.es\/nuevaweb\/wp-json\/wp\/v2\/users\/2"}],"replies":[{"embeddable":true,"href":"https:\/\/juzbado.es\/nuevaweb\/wp-json\/wp\/v2\/comments?post=403"}],"version-history":[{"count":0,"href":"https:\/\/juzbado.es\/nuevaweb\/wp-json\/wp\/v2\/posts\/403\/revisions"}],"wp:attachment":[{"href":"https:\/\/juzbado.es\/nuevaweb\/wp-json\/wp\/v2\/media?parent=403"}],"wp:term":[{"taxonomy":"category","embeddable":true,"href":"https:\/\/juzbado.es\/nuevaweb\/wp-json\/wp\/v2\/categories?post=403"},{"taxonomy":"post_tag","embeddable":true,"href":"https:\/\/juzbado.es\/nuevaweb\/wp-json\/wp\/v2\/tags?post=403"}],"curies":[{"name":"wp","href":"https:\/\/api.w.org\/{rel}","templated":true}]}}