{"id":405,"date":"2019-09-15T17:00:00","date_gmt":"2019-09-15T15:00:00","guid":{"rendered":"http:\/\/juzbado.es\/nuevaweb\/2019\/09\/15\/fiestas-de-los-mayores-2019\/"},"modified":"2019-09-15T17:00:00","modified_gmt":"2019-09-15T15:00:00","slug":"fiestas-de-los-mayores-2019","status":"publish","type":"post","link":"https:\/\/juzbado.es\/nuevaweb\/2019\/09\/15\/fiestas-de-los-mayores-2019\/","title":{"rendered":"FIESTAS DE LOS MAYORES 2019"},"content":{"rendered":"<div style=\"line-height: normal; margin-bottom: .0001pt; margin-bottom: 0cm; text-align: justify;\">\n<span style=\"font-family: &quot;arial&quot; , &quot;sans-serif&quot;; font-size: 18.0pt;\">La <a href=\"https:\/\/juzbado.blogspot.com\/p\/asociaciones.html\" target=\"_blank\">Asociaci\u00f3n de Mayores San Miguel Arc\u00e1ngel<\/a> de juzbado presenta su programa de fiestas como anticipo de las fiestas patronales de San Miguel 2019.&nbsp; En esta ocasi\u00f3n se celebrar\u00e1 una misa por los difuntos el domingo 15 de Septiembre a las 12:00 h. en nuestra iglesia parroquial.&nbsp; Ya para el siguiente fin de semana, los d\u00edas 21 y 22 de Septiembre se espera lleguen las celebraciones \u00edntegras de unas fiestas ya consagradas en el calendario juzbadino.&nbsp;&nbsp;<\/span><\/div>\n<div style=\"clear: both; text-align: center;\">\n<\/div>\n<div style=\"line-height: normal; margin-bottom: .0001pt; margin-bottom: 0cm; text-align: justify;\">\n<\/div>\n<div style=\"clear: both; text-align: center;\">\n<a href=\"https:\/\/drive.google.com\/file\/d\/1Qknj0ZzX18qU-dyS8pystwWmu0p_mFsS\/view?usp=sharing\" target=\"_blank\"><img loading=\"lazy\" decoding=\"async\" alt=\"https:\/\/drive.google.com\/file\/d\/1Qknj0ZzX18qU-dyS8pystwWmu0p_mFsS\/view?usp=sharing\" border=\"0\" data-original-height=\"1600\" data-original-width=\"1132\" height=\"640\" src=\"https:\/\/blogger.googleusercontent.com\/img\/b\/R29vZ2xl\/AVvXsEjUyJqJ6Pjh0PGTaqMB-u3C_EIU70eS2SpTBpfFE3gohu3LmgN8zjnH8x_S1I3lK6PbWB4aDxkBFRmpknuTK8Npt-N0ENPvyQlu8gPiWI3TSmjFrRzms50jHCE74TIIkp241FG04vp_m58\/s640\/cartel+fiestas+mayores+2019.jpg\" width=\"452\" \/><\/a><\/div>\n<p><span style=\"font-family: &quot;times new roman&quot; , &quot;serif&quot;; font-size: 12.0pt;\"><\/span><\/p>\n<div style=\"line-height: normal; margin-bottom: .0001pt; margin-bottom: 0cm;\">\n<br \/>\n<a name='more'><\/a><\/div>\n<div style=\"line-height: normal; margin-bottom: .0001pt; margin-bottom: 0cm; text-align: justify;\">\n<span style=\"font-family: &quot;arial&quot; , &quot;sans-serif&quot;; font-size: 18.0pt;\">El s\u00e1bado 21 se celebrar\u00e1n las tradicionales partidas en el sal\u00f3n del Hogar de Mayores a partir de las 17:00 h. y, m\u00e1s tarde, se ofrecer\u00e1 una <b>chocolatada a todos los vecinos y amigos de Juzbado<\/b> con un bingo final para cerrar la jornada.&nbsp; Recordad que hay regalos ofrecidos por la asociaci\u00f3n para cada ronda. <\/span><\/div>\n<div style=\"line-height: normal; margin-bottom: .0001pt; margin-bottom: 0cm; text-align: justify;\">\n<\/div>\n<div style=\"line-height: normal; margin-bottom: .0001pt; margin-bottom: 0cm; text-align: justify;\">\n<span style=\"font-family: &quot;arial&quot; , &quot;sans-serif&quot;; font-size: 18.0pt;\">El domingo 22 los actos comenzar\u00e1n con la <b>floreada musical por las calles de Juzbado a las 11:00 h<\/b>. Tras este pasacalles amenizado por Mariano, nuestro tamborilero de referencia, la asociaci\u00f3n de mayores invita a todos -mayores y peque\u00f1os- a asistir a la misa.&nbsp; La misa este a\u00f1o estar\u00e1 acompa\u00f1ada del <b>grupo de bailes charros de Juzbado<\/b>.<span style=\"mso-spacerun: yes;\">&nbsp; <\/span>A partir de entonces se ofrecer\u00e1 un <b>Vino de Honor en el sal\u00f3n de actos con los correspondientes homenajes a los matrimonios m\u00e1s longevos<\/b>.<span style=\"mso-spacerun: yes;\">&nbsp; <\/span>Este a\u00f1o ser\u00e1n dos las parejas agasajadas por la Asociaci\u00f3n. <span style=\"mso-spacerun: yes;\">&nbsp;<\/span>Tras el vino de honor habr\u00e1 <b>baile animado por Mariano<\/b>.&nbsp; El d\u00eda finalizar\u00e1 con una <b>actuaci\u00f3n de canto coral a cargo del coro Arte y M\u00fasica <\/b>de Florida de Li\u00e9bana con repertorio de m\u00fasica espa\u00f1ola y sudamericana.<span style=\"mso-spacerun: yes;\">&nbsp; <\/span>Ser\u00e1 para todos los p\u00fablicos en el sal\u00f3n de actos.<span style=\"mso-spacerun: yes;\">&nbsp; <\/span>\u00a1Felices fiestas!<\/span><\/div>\n","protected":false},"excerpt":{"rendered":"<p>La Asociaci\u00f3n de Mayores San Miguel Arc\u00e1ngel de juzbado presenta su programa de fiestas como anticipo de las fiestas patronales de San Miguel 2019.&nbsp; En esta ocasi\u00f3n se celebrar\u00e1 una misa por los difuntos el domingo 15 de Septiembre a las 12:00 h. en nuestra iglesia parroquial.&nbsp; Ya para el siguiente fin de semana, los [&hellip;]<\/p>\n","protected":false},"author":2,"featured_media":0,"comment_status":"open","ping_status":"open","sticky":false,"template":"","format":"standard","meta":{"saved_in_kubio":false,"footnotes":""},"categories":[1],"tags":[],"class_list":["post-405","post","type-post","status-publish","format-standard","hentry","category-sin-categoria"],"_links":{"self":[{"href":"https:\/\/juzbado.es\/nuevaweb\/wp-json\/wp\/v2\/posts\/405","targetHints":{"allow":["GET"]}}],"collection":[{"href":"https:\/\/juzbado.es\/nuevaweb\/wp-json\/wp\/v2\/posts"}],"about":[{"href":"https:\/\/juzbado.es\/nuevaweb\/wp-json\/wp\/v2\/types\/post"}],"author":[{"embeddable":true,"href":"https:\/\/juzbado.es\/nuevaweb\/wp-json\/wp\/v2\/users\/2"}],"replies":[{"embeddable":true,"href":"https:\/\/juzbado.es\/nuevaweb\/wp-json\/wp\/v2\/comments?post=405"}],"version-history":[{"count":0,"href":"https:\/\/juzbado.es\/nuevaweb\/wp-json\/wp\/v2\/posts\/405\/revisions"}],"wp:attachment":[{"href":"https:\/\/juzbado.es\/nuevaweb\/wp-json\/wp\/v2\/media?parent=405"}],"wp:term":[{"taxonomy":"category","embeddable":true,"href":"https:\/\/juzbado.es\/nuevaweb\/wp-json\/wp\/v2\/categories?post=405"},{"taxonomy":"post_tag","embeddable":true,"href":"https:\/\/juzbado.es\/nuevaweb\/wp-json\/wp\/v2\/tags?post=405"}],"curies":[{"name":"wp","href":"https:\/\/api.w.org\/{rel}","templated":true}]}}