{"id":406,"date":"2019-09-02T16:57:00","date_gmt":"2019-09-02T14:57:00","guid":{"rendered":"http:\/\/juzbado.es\/nuevaweb\/2019\/09\/02\/ultima-semana-de-piscinas-en-juzbado\/"},"modified":"2019-09-02T16:57:00","modified_gmt":"2019-09-02T14:57:00","slug":"ultima-semana-de-piscinas-en-juzbado","status":"publish","type":"post","link":"https:\/\/juzbado.es\/nuevaweb\/2019\/09\/02\/ultima-semana-de-piscinas-en-juzbado\/","title":{"rendered":"\u00daLTIMA SEMANA DE PISCINAS EN JUZBADO"},"content":{"rendered":"<div style=\"text-align: justify;\">\n<span style=\"font-size: large;\"><span style=\"font-family: &quot;arial&quot; , &quot;helvetica&quot; , sans-serif;\">Esta primera semana de septiembre ser\u00e1 la \u00faltima para disfrutar de las piscinas muncipales&nbsp; de nuestro pueblo.&nbsp; Como ya sab\u00e9is el horario de apertura es de 12:30 h. hasta 20:30 h. y, el pr\u00f3ximo domingo 8 de septiembre, ser\u00e1 el d\u00eda en que abiremos por \u00faltima vez las puertas durante esta <a href=\"https:\/\/juzbado.blogspot.com\/p\/piscinas.html\">temporada 2019<\/a>.&nbsp;&nbsp; Afortunadamente los pron\u00f3sticos de esta semana son de buen tiempo y, en general, buenas temperaturas.&nbsp; <\/span><\/span><span style=\"font-size: large;\"><span style=\"font-family: &quot;arial&quot; , &quot;helvetica&quot; , sans-serif;\"><span style=\"font-size: large;\"><span style=\"font-family: &quot;arial&quot; , &quot;helvetica&quot; , sans-serif;\">No lo dej\u00e9is para el final.&nbsp; <\/span><\/span><\/span><\/span><span style=\"font-size: large;\"><span style=\"font-family: &quot;arial&quot; , &quot;helvetica&quot; , sans-serif;\"><span style=\"font-size: large;\"><span style=\"font-family: &quot;arial&quot; , &quot;helvetica&quot; , sans-serif;\"><span style=\"font-size: large;\"><span style=\"font-family: &quot;arial&quot; , &quot;helvetica&quot; , sans-serif;\">Recordad que el Bar-Restaurante Angus Deli sigue abierto ofreciendo sus carnes y platos diariamente.<\/span><\/span> <\/span><\/span><\/span><\/span><\/div>\n<div style=\"text-align: justify;\">\n<\/div>\n<div style=\"clear: both; text-align: center;\">\n<a href=\"http:\/\/www.aemet.es\/es\/eltiempo\/prediccion\/municipios\/juzbado-id37167\"><img loading=\"lazy\" decoding=\"async\" alt=\"http:\/\/www.aemet.es\/es\/eltiempo\/prediccion\/municipios\/juzbado-id37167\" border=\"0\" data-original-height=\"1063\" data-original-width=\"1600\" height=\"424\" src=\"https:\/\/blogger.googleusercontent.com\/img\/b\/R29vZ2xl\/AVvXsEifZd6brzkqA1dsnaF0aFC95i6ztpOYUPCn4pQYfOkuTixMkr-z_bwCZCqKdJNA-Bv3JakwOqW8g9lBcgchjcorRvffRXhC1gT2Q4EjzLt1vz3kIwWSAiTVsBiDRpqTZrlEHJpJjqTSCu4\/s640\/PISCINAS+MUNICIPALES+DE+JUZBADO+promo+2019.jpg\" width=\"640\" \/><\/a><\/div>\n<p><\/p>\n<div style=\"clear: both; text-align: center;\">\n<a href=\"http:\/\/www.aemet.es\/es\/eltiempo\/prediccion\/municipios\/juzbado-id37167\"><img loading=\"lazy\" decoding=\"async\" alt=\"http:\/\/www.aemet.es\/es\/eltiempo\/prediccion\/municipios\/juzbado-id37167\" border=\"0\" data-original-height=\"259\" data-original-width=\"1600\" height=\"102\" src=\"https:\/\/blogger.googleusercontent.com\/img\/b\/R29vZ2xl\/AVvXsEhV_PCrA4Paf7YIenodGWkpOJvrY4hnw-iptoMFkp2lGMJtJ2yk3S80UTWUi-eE6-QsMJzDOxVuPeYs42ceBbgmr2Lhz0PJBPj7ag-YPt53DPNWysBXHso1MVnxD8z6ev1A-cTJkxqOj-Q\/s640\/juzbado+pron%25C3%25B3stico+semptiembre+2019.jpg\" width=\"640\" \/><\/a><\/div>\n<div style=\"clear: both; text-align: center;\">\n<\/div>\n<div style=\"text-align: justify;\">\n<span style=\"font-size: large;\"><span style=\"font-family: &quot;arial&quot; , &quot;helvetica&quot; , sans-serif;\"><span style=\"font-size: large;\"><span style=\"font-family: &quot;arial&quot; , &quot;helvetica&quot; , sans-serif;\">&nbsp;<\/span><\/span> <\/span><\/span><\/div>\n","protected":false},"excerpt":{"rendered":"<p>Esta primera semana de septiembre ser\u00e1 la \u00faltima para disfrutar de las piscinas muncipales&nbsp; de nuestro pueblo.&nbsp; Como ya sab\u00e9is el horario de apertura es de 12:30 h. hasta 20:30 h. y, el pr\u00f3ximo domingo 8 de septiembre, ser\u00e1 el d\u00eda en que abiremos por \u00faltima vez las puertas durante esta temporada 2019.&nbsp;&nbsp; Afortunadamente los [&hellip;]<\/p>\n","protected":false},"author":2,"featured_media":0,"comment_status":"open","ping_status":"open","sticky":false,"template":"","format":"standard","meta":{"saved_in_kubio":false,"footnotes":""},"categories":[1],"tags":[],"class_list":["post-406","post","type-post","status-publish","format-standard","hentry","category-sin-categoria"],"_links":{"self":[{"href":"https:\/\/juzbado.es\/nuevaweb\/wp-json\/wp\/v2\/posts\/406","targetHints":{"allow":["GET"]}}],"collection":[{"href":"https:\/\/juzbado.es\/nuevaweb\/wp-json\/wp\/v2\/posts"}],"about":[{"href":"https:\/\/juzbado.es\/nuevaweb\/wp-json\/wp\/v2\/types\/post"}],"author":[{"embeddable":true,"href":"https:\/\/juzbado.es\/nuevaweb\/wp-json\/wp\/v2\/users\/2"}],"replies":[{"embeddable":true,"href":"https:\/\/juzbado.es\/nuevaweb\/wp-json\/wp\/v2\/comments?post=406"}],"version-history":[{"count":0,"href":"https:\/\/juzbado.es\/nuevaweb\/wp-json\/wp\/v2\/posts\/406\/revisions"}],"wp:attachment":[{"href":"https:\/\/juzbado.es\/nuevaweb\/wp-json\/wp\/v2\/media?parent=406"}],"wp:term":[{"taxonomy":"category","embeddable":true,"href":"https:\/\/juzbado.es\/nuevaweb\/wp-json\/wp\/v2\/categories?post=406"},{"taxonomy":"post_tag","embeddable":true,"href":"https:\/\/juzbado.es\/nuevaweb\/wp-json\/wp\/v2\/tags?post=406"}],"curies":[{"name":"wp","href":"https:\/\/api.w.org\/{rel}","templated":true}]}}